{"id":54274,"date":"2023-10-18T06:30:46","date_gmt":"2023-10-18T06:30:46","guid":{"rendered":"https:\/\/blog.corretoraideal.com.br\/?p=54274"},"modified":"2023-10-18T06:30:46","modified_gmt":"2023-10-18T06:30:46","slug":"imtt-divulga-cronograma-de-obras-em-campos-ate-sabado-para-orientar-motoristas-norte-fluminense-g1","status":"publish","type":"post","link":"https:\/\/blog.corretoraideal.com.br\/index.php\/2023\/10\/18\/imtt-divulga-cronograma-de-obras-em-campos-ate-sabado-para-orientar-motoristas-norte-fluminense-g1\/","title":{"rendered":"IMTT divulga cronograma de obras em Campos at\u00e9 s\u00e1bado para orientar motoristas | Norte Fluminense | G1"},"content":{"rendered":"\n<p> Instituto Municipal de Tr\u00e2nsito e Transporte (IMTT) divulgou o cronograma de obras at\u00e9 s\u00e1bado (21) em Campos dos Goytacazes, no Norte Fluminense, para orientar os motoristas sobre desvios e evitar congestionamentos durante o asfaltamento de trechos na Pelinca, que deve receber interven\u00e7\u00f5es do programa Asfalto Novo em 103 ruas. <\/p>\n<p> O primeiro trecho do cronograma a receber as interven\u00e7\u00f5es nesta ter\u00e7a-feira (17) ser\u00e1 a Saturnino Braga, entre as ruas Goytacazes at\u00e9 a Rui Barbosa, onde ser\u00e1 feita a aplica\u00e7\u00e3o de massa. <\/p>\n<p> Mas os motoristas tamb\u00e9m v\u00e3o encontrar trabalhadores realizando a fresagem no trecho Bar\u00e3o da Lagoa Dourada at\u00e9 Luiz Sobral. <\/p>\n<p> Os trabalhos de reparo na base da antiga cama asf\u00e1ltica e constru\u00e7\u00e3o de nova cama est\u00e3o sendo executados em parceria entre a Prefeitura de Campos e o Governo do Estado. <\/p>\n<p> Motoristas e pedestres ir\u00e3o encontrar mapas interativos e desvios com a finalidade de evitar bloqueios no tr\u00e2nsito. <\/p>\n<p> O IMTT orienta os motoristas a n\u00e3o estacionarem nessas ruas que ser\u00e3o interditadas, para facilitar o sucesso na realiza\u00e7\u00e3o dos servi\u00e7os e tamb\u00e9m para n\u00e3o terem os ve\u00edculos rebocados. <\/p>\n<p> Com as \u00faltimas chuvas, motoristas tiveram preju\u00edzos em seus carros, por conta de buracos e ruas com desn\u00edveis, situa\u00e7\u00e3o que as obras buscam melhorar para quem passa todos os dias pelo local. <\/p>\n<p> Agentes de mobilidade urbana devem estar presentes nos trechos durante os primeiros dias para garantir a seguran\u00e7a de todos que transitarem na regi\u00e3o. <\/p>\n<p><h2><strong>Segue a programa\u00e7\u00e3o desta semana:<\/strong><\/h2>\n<\/p>\n<p><h2><strong>Ter\u00e7a-Feira (17\/10)<\/strong><\/h2>\n<\/p>\n<p> <strong>Aplica\u00e7\u00e3o de Massa<\/strong> <\/p>\n<p> &#8211; Rua Saturnino Braga, no trecho entre rua dos Goytacazes at\u00e9 Rui Barbosa. <\/p>\n<p> <strong>Fresagem<\/strong> <\/p>\n<p> &#8211; Avenida Pelinca , no trecho entre Bar\u00e3o da Lagoa Dourada at\u00e9 Luiz Sobral. <\/p>\n<p><h2><strong>Quarta-Feira (18\/10)<\/strong><\/h2>\n<\/p>\n<p> <strong>Aplica\u00e7\u00e3o de Massa<\/strong> <\/p>\n<p> &#8211; Av Pelinca, no trecho entre Mariano de Brito at\u00e9 Luiz Sobral. <\/p>\n<p> <strong>Fresagem<\/strong> <\/p>\n<p> &#8211; Avenida Pelinca, no trecho entre Bar\u00e3o da Lagoa Dourada at\u00e9 Mariano de Brito. <\/p>\n<p><h2><strong>Quinta-Feira (19\/10)<\/strong><\/h2>\n<\/p>\n<p> <strong>Aplica\u00e7\u00e3o de Massa<\/strong> <\/p>\n<p> &#8211; Av Pelinca, no trecho entre Bar\u00e3o da Lagoa Dourada at\u00e9 Mariano de Brito. <\/p>\n<p> <strong>Fresagem<\/strong> <\/p>\n<p> &#8211; Av Pelinca, no trecho entre Conselheiro Jos\u00e9 Fernandes at\u00e9 Bar\u00e3o da Lagoa Dourada. <\/p>\n<p><h2><strong>Sexta-Feira (20\/10)<\/strong><\/h2>\n<\/p>\n<p> <strong>Aplica\u00e7\u00e3o de Massa<\/strong> <\/p>\n<p> &#8211; Avenida Pelinca no trecho entre Conselheiro Jos\u00e9 Fernandes at\u00e9 Bar\u00e3o da Lagoa Dourada. <\/p>\n<p> <strong>Fresagem<\/strong> <\/p>\n<p> &#8211; Avenida Pelinca, no trecho entre Volunt\u00e1rios da P\u00e1tria at\u00e9 Conselheiro Jos\u00e9 Fernandes. <\/p>\n<p><h2><strong>S\u00e1bado (21\/10)<\/strong><\/h2>\n<\/p>\n<p> <strong>Aplica\u00e7\u00e3o de Massa<\/strong> <\/p>\n<p> &#8211; Avenida Pelinca, no trecho entre Volunt\u00e1rios da P\u00e1tria at\u00e9 Conselheiro Jos\u00e9 Fernandes. <\/p>\n<p> <strong>Fresagem<\/strong> <\/p>\n<p> &#8211; Avenida Pelinca, no trecho entre Volunt\u00e1rios da P\u00e1tria at\u00e9 Bar\u00e3o de Miracema. <\/p>\n<ul> <\/ul>\n","protected":false},"excerpt":{"rendered":"<p>Instituto Municipal de Tr\u00e2nsito e Transporte (IMTT) divulgou o cronograma de obras at\u00e9 s\u00e1bado (21) em Campos dos Goytacazes, no Norte Fluminense, para orientar os motoristas sobre desvios e evitar congestionamentos durante o asfaltamento de trechos na Pelinca, que deve receber interven\u00e7\u00f5es do programa Asfalto Novo em 103 ruas. O primeiro trecho do cronograma a [&hellip;]<\/p>\n","protected":false},"author":1,"featured_media":0,"comment_status":"closed","ping_status":"closed","sticky":false,"template":"","format":"standard","meta":{"footnotes":""},"categories":[],"tags":[],"class_list":["post-54274","post","type-post","status-publish","format-standard","hentry"],"_links":{"self":[{"href":"https:\/\/blog.corretoraideal.com.br\/index.php\/wp-json\/wp\/v2\/posts\/54274","targetHints":{"allow":["GET"]}}],"collection":[{"href":"https:\/\/blog.corretoraideal.com.br\/index.php\/wp-json\/wp\/v2\/posts"}],"about":[{"href":"https:\/\/blog.corretoraideal.com.br\/index.php\/wp-json\/wp\/v2\/types\/post"}],"author":[{"embeddable":true,"href":"https:\/\/blog.corretoraideal.com.br\/index.php\/wp-json\/wp\/v2\/users\/1"}],"replies":[{"embeddable":true,"href":"https:\/\/blog.corretoraideal.com.br\/index.php\/wp-json\/wp\/v2\/comments?post=54274"}],"version-history":[{"count":1,"href":"https:\/\/blog.corretoraideal.com.br\/index.php\/wp-json\/wp\/v2\/posts\/54274\/revisions"}],"predecessor-version":[{"id":54276,"href":"https:\/\/blog.corretoraideal.com.br\/index.php\/wp-json\/wp\/v2\/posts\/54274\/revisions\/54276"}],"wp:attachment":[{"href":"https:\/\/blog.corretoraideal.com.br\/index.php\/wp-json\/wp\/v2\/media?parent=54274"}],"wp:term":[{"taxonomy":"category","embeddable":true,"href":"https:\/\/blog.corretoraideal.com.br\/index.php\/wp-json\/wp\/v2\/categories?post=54274"},{"taxonomy":"post_tag","embeddable":true,"href":"https:\/\/blog.corretoraideal.com.br\/index.php\/wp-json\/wp\/v2\/tags?post=54274"}],"curies":[{"name":"wp","href":"https:\/\/api.w.org\/{rel}","templated":true}]}}