{"id":54284,"date":"2023-10-18T09:29:36","date_gmt":"2023-10-18T09:29:36","guid":{"rendered":"https:\/\/blog.corretoraideal.com.br\/?p=54284"},"modified":"2023-10-18T09:29:36","modified_gmt":"2023-10-18T09:29:36","slug":"caneta-de-ate-r-1-500-o-que-faz-a-apple-pencil-voltada-para-ipads-tecnologia-g1","status":"publish","type":"post","link":"https:\/\/blog.corretoraideal.com.br\/index.php\/2023\/10\/18\/caneta-de-ate-r-1-500-o-que-faz-a-apple-pencil-voltada-para-ipads-tecnologia-g1\/","title":{"rendered":"Caneta de at\u00e9 R$ 1.500: o que faz a Apple Pencil, voltada para iPads | Tecnologia | G1"},"content":{"rendered":"<p>      1 de 3&#013;Apple Pencil (USB-C) \u2014 Foto: Divulga\u00e7\u00e3o\/Apple    <\/p>\n<p> Apple Pencil (USB-C) \u2014 Foto: Divulga\u00e7\u00e3o\/Apple <\/p>\n<p> A <a class href=\"https:\/\/g1.globo.com\/tudo-sobre\/apple\/\">Apple<\/a> anunciou na quarta-feira (17) uma nova caneta para escrever e desenhar no iPad. A linha conta agora com tr\u00eas modelos, que custam at\u00e9 R$ 1.515, mas a nova vers\u00e3o est\u00e1 mais barata e \u00e9 a primeira com entrada USB-C, <a class href=\"https:\/\/g1.globo.com\/tecnologia\/noticia\/2023\/09\/12\/evento-da-apple.ghtml\">a mesma usada nos iPhones mais recentes<\/a>. <\/p>\n<p> A nova Apple Pencil ser\u00e1 vendida no Brasil por R$ 899, mas ainda n\u00e3o h\u00e1 previs\u00e3o de lan\u00e7amento \u2013 nos Estados Unidos, ela ficar\u00e1 dispon\u00edvel a partir de novembro. Confira os modelos da linha de canetas para o iPad: <\/p>\n<ul>\n<li><strong>Apple Pencil (2\u00aa gera\u00e7\u00e3o) (2018):<\/strong> R$ 1.515<\/li>\n<li><strong>Apple Pencil (USB-C) (2023):<\/strong> R$ 899<\/li>\n<li><strong>Apple Pencil (1\u00aa gera\u00e7\u00e3o) (2015):<\/strong> R$ 1.135<\/li>\n<\/ul>\n<p> Nas tr\u00eas vers\u00f5es, a Apple promete <strong>precis\u00e3o absoluta<\/strong>, o que faz o desenho aparecer exatamente no pixel escolhido, <strong>baixa lat\u00eancia<\/strong>, o tempo de resposta entre o que \u00e9 desenhado e o que \u00e9 exibido na tela, e <strong>sensibilidade \u00e0 inclina\u00e7\u00e3o<\/strong>, que permite criar efeitos de sombras, por exemplo. <\/p>\n<p> A nova Apple Pencil tem lados planos com im\u00e3 para se fixar \u00e0 lateral do iPad, algo que tamb\u00e9m est\u00e1 dispon\u00edvel na vers\u00e3o mais cara. Quando est\u00e1 nessa acoplada ao tablet, o acess\u00f3rio entra num modo de suspens\u00e3o para economizar a bateria. <\/p>\n<p> Os dois modelos mais recentes tamb\u00e9m contam com um recurso que mostra o tra\u00e7o ao aproximar a caneta sobre a tela no iPad Pro, antes mesmo de fazer o desenho. <\/p>\n<p>         2 de 3&#013;Entrada para carregador da Apple Pencil (USB-C) \u2014 Foto: Divulga\u00e7\u00e3o\/Apple    <\/p>\n<p> Entrada para carregador da Apple Pencil (USB-C) \u2014 Foto: Divulga\u00e7\u00e3o\/Apple <\/p>\n<p><h2>O que tem na Apple Pencil de R$ 1.515<\/h2>\n<\/p>\n<p> A principal diferen\u00e7a do modelo mais caro da caneta da Apple \u00e9 a possibilidade de emparelhar com o iPad e se carregar sem fio. Nos dois casos, basta encostar o im\u00e3 do acess\u00f3rio na lateral do tablet. <\/p>\n<p> A Apple Pencil (2\u00aa gera\u00e7\u00e3o) tamb\u00e9m tem um recurso com o qual os usu\u00e1rios podem alternar entre os aplicativos ao dar dois toques na caneta. <\/p>\n<p> Por fim, outra fun\u00e7\u00e3o \u2013 tamb\u00e9m presente no modelo da 1\u00aa gera\u00e7\u00e3o \u2013 \u00e9 a sensibilidade \u00e0 press\u00e3o. Com isso, o acess\u00f3rio entende a for\u00e7a do toque na tela para fazer tra\u00e7os mais finos ou mais grossos. <\/p>\n<p><h2>Quais s\u00e3o os iPads compat\u00edveis<\/h2>\n<\/p>\n<p> A <strong>Apple Pencil (USB-C)<\/strong> e a <strong>Apple Pencil (2\u00aa gera\u00e7\u00e3o)<\/strong> s\u00e3o compat\u00edvel com os seguintes modelos: <\/p>\n<ul>\n<li>iPad Pro de 12,9 polegadas (3\u00aa, 4\u00aa, 5\u00aa e 6\u00aa gera\u00e7\u00e3o)<\/li>\n<li>iPad Pro de 11 polegadas (1\u00aa, 2\u00aa, 3\u00aa e 4\u00aa gera\u00e7\u00e3o)<\/li>\n<li>iPad Air (4\u00aa e 5\u00aa gera\u00e7\u00e3o)<\/li>\n<li>iPad mini (6\u00aa gera\u00e7\u00e3o)<\/li>\n<li>iPad (10\u00aa gera\u00e7\u00e3o) \u2013 apenas Apple Pencil (USB-C)<\/li>\n<\/ul>\n<p> J\u00e1 a Apple Pencil (1\u00aa gera\u00e7\u00e3o) est\u00e1 dispon\u00edvel para modelos mais antigos: iPad Pro de 12,9 polegadas (1\u00aa e 2\u00aa gera\u00e7\u00e3o), iPad Pro de 10,5 polegadas, iPad Pro de 9,7 polegadas, iPad Air (3\u00aa gera\u00e7\u00e3o), iPad mini (5\u00aa gera\u00e7\u00e3o) e iPad (6\u00aa a 9\u00aa gera\u00e7\u00e3o e 10\u00aa gera\u00e7\u00e3o com adaptador de USB-C). <\/p>\n<p>         3 de 3&#013;Apple Pencil (USB-C) no iPad (10\u00aa gera\u00e7\u00e3o) \u2014 Foto: Divulga\u00e7\u00e3o\/Apple    <\/p>\n<p> Apple Pencil (USB-C) no iPad (10\u00aa gera\u00e7\u00e3o) \u2014 Foto: Divulga\u00e7\u00e3o\/Apple <\/p>\n<p>                   <img loading=\"lazy\" decoding=\"async\" class=\"aligncenter size-full wp-image-54286\" src=\"https:\/\/blog.corretoraideal.com.br\/wp-content\/uploads\/2023\/10\/apple-anuncia-o-lancamento-do-iphone-15-e-outras-novidades-3.jpeg\" alt=\"Apple anuncia o lan\u00e7amento do iPhone 15 e outras novidades\" width=\"800\" height=\"400\" \/>      <\/p>\n<p> Apple anuncia o lan\u00e7amento do iPhone 15 e outras novidades <\/p>\n<ul>\n<li> <a href=\"https:\/\/g1.globo.com\/tudo-sobre\/apple\/\" class=\"entities__list-itemLink\" data-track-click=\"Apple\"> Apple <\/a> <\/li>\n<\/ul>\n","protected":false},"excerpt":{"rendered":"<p>1 de 3&#013;Apple Pencil (USB-C) \u2014 Foto: Divulga\u00e7\u00e3o\/Apple Apple Pencil (USB-C) \u2014 Foto: Divulga\u00e7\u00e3o\/Apple A Apple anunciou na quarta-feira (17) uma nova caneta para escrever e desenhar no iPad. A linha conta agora com tr\u00eas modelos, que custam at\u00e9 R$ 1.515, mas a nova vers\u00e3o est\u00e1 mais barata e \u00e9 a primeira com entrada USB-C, [&hellip;]<\/p>\n","protected":false},"author":1,"featured_media":0,"comment_status":"closed","ping_status":"closed","sticky":false,"template":"","format":"standard","meta":{"footnotes":""},"categories":[],"tags":[],"class_list":["post-54284","post","type-post","status-publish","format-standard","hentry"],"_links":{"self":[{"href":"https:\/\/blog.corretoraideal.com.br\/index.php\/wp-json\/wp\/v2\/posts\/54284","targetHints":{"allow":["GET"]}}],"collection":[{"href":"https:\/\/blog.corretoraideal.com.br\/index.php\/wp-json\/wp\/v2\/posts"}],"about":[{"href":"https:\/\/blog.corretoraideal.com.br\/index.php\/wp-json\/wp\/v2\/types\/post"}],"author":[{"embeddable":true,"href":"https:\/\/blog.corretoraideal.com.br\/index.php\/wp-json\/wp\/v2\/users\/1"}],"replies":[{"embeddable":true,"href":"https:\/\/blog.corretoraideal.com.br\/index.php\/wp-json\/wp\/v2\/comments?post=54284"}],"version-history":[{"count":1,"href":"https:\/\/blog.corretoraideal.com.br\/index.php\/wp-json\/wp\/v2\/posts\/54284\/revisions"}],"predecessor-version":[{"id":54287,"href":"https:\/\/blog.corretoraideal.com.br\/index.php\/wp-json\/wp\/v2\/posts\/54284\/revisions\/54287"}],"wp:attachment":[{"href":"https:\/\/blog.corretoraideal.com.br\/index.php\/wp-json\/wp\/v2\/media?parent=54284"}],"wp:term":[{"taxonomy":"category","embeddable":true,"href":"https:\/\/blog.corretoraideal.com.br\/index.php\/wp-json\/wp\/v2\/categories?post=54284"},{"taxonomy":"post_tag","embeddable":true,"href":"https:\/\/blog.corretoraideal.com.br\/index.php\/wp-json\/wp\/v2\/tags?post=54284"}],"curies":[{"name":"wp","href":"https:\/\/api.w.org\/{rel}","templated":true}]}}