{"id":54288,"date":"2023-10-18T11:29:41","date_gmt":"2023-10-18T11:29:41","guid":{"rendered":"https:\/\/blog.corretoraideal.com.br\/?p=54288"},"modified":"2023-10-18T11:29:41","modified_gmt":"2023-10-18T11:29:41","slug":"macae-divulga-resultado-do-indice-de-infestacao-para-o-aedes-aegypti-apos-realizacao-do-liraa-norte-fluminense-g1","status":"publish","type":"post","link":"https:\/\/blog.corretoraideal.com.br\/index.php\/2023\/10\/18\/macae-divulga-resultado-do-indice-de-infestacao-para-o-aedes-aegypti-apos-realizacao-do-liraa-norte-fluminense-g1\/","title":{"rendered":"Maca\u00e9 divulga resultado do \u00edndice de infesta\u00e7\u00e3o para o Aedes aegypti ap\u00f3s realiza\u00e7\u00e3o do LIRAa | Norte Fluminense | G1"},"content":{"rendered":"<p>      1 de 1&#013;Levantamento foi realizado em pontos predominantes para os focos dos mosquitos \u2014 Foto: Bruno Campos\/Arquivo Secom Maca\u00e9    <\/p>\n<p> Levantamento foi realizado em pontos predominantes para os focos dos mosquitos \u2014 Foto: Bruno Campos\/Arquivo Secom Maca\u00e9 <\/p>\n<p> A Coordenadoria Especial de Vigil\u00e2ncia Ambiental em Sa\u00fade (Cevas) de <a class href=\"https:\/\/g1.globo.com\/rj\/regiao-dos-lagos\/cidade\/macae\/\">Maca\u00e9<\/a>, no Norte Fluminense, divulgou o resultado do Levantamento R\u00e1pido de \u00cdndice para Aedes aegypti (LIRAa), realizado neste m\u00eas de outubro. <\/p>\n<p> Segundo dados da amostragem, o \u00edndice de Infesta\u00e7\u00e3o Predial (IIF) da cidade foi de 1,1%, condi\u00e7\u00e3o considerada estado de risco de alerta pelo Minist\u00e9rio da Sa\u00fade. <\/p>\n<p> Marcelino Rocha, que \u00e9 supervisor geral da Cevas, explica que o Minist\u00e9rio da Sa\u00fade classifica os dados em tr\u00eas categorias: at\u00e9 1% o n\u00edvel \u00e9 satisfat\u00f3rio, de 1% a 3,9% a situa\u00e7\u00e3o \u00e9 de alerta, superior a 4% h\u00e1 risco de surto de dengue. <\/p>\n<p> Os dep\u00f3sitos predominantes para os focos do mosquito foram tambores, caixas d&#x27;\u00e1gua e ton\u00e9is para armazenamento de \u00e1gua, ao n\u00edvel do solo. <\/p>\n<p> Com o resultado, a Secretaria de Sa\u00fade explica que os trabalhos preventivos ser\u00e3o intensificados, principalmente por existir m\u00e9dia hist\u00f3rica de altas temperaturas e chuvas no munic\u00edpio entre outubro e abril, o que proporciona um cen\u00e1rio ideal para reprodu\u00e7\u00e3o do mosquito e, consequentemente, prov\u00e1vel aumento dos casos. <\/p>\n<p> A intensifica\u00e7\u00e3o dos trabalhos vai ocorrer por meio de tr\u00eas frentes: <\/p>\n<li>A\u00e7\u00f5es de campo pelos agentes, visitando os domic\u00edlios<\/li>\n<li>Realiza\u00e7\u00e3o dos mutir\u00f5es de forma integrada com outras secretarias<\/li>\n<li>Investimento nas a\u00e7\u00f5es educacionais, atrav\u00e9s de tendas volantes e uma grande conscientiza\u00e7\u00e3o atrav\u00e9s das campanhas para que a popula\u00e7\u00e3o se torne aliada no controle dos vetores de doen\u00e7as como a dengue. <\/li>\n<p><h2>LIRAa<\/h2>\n<\/p>\n<p> O LIRAa \u00e9 uma ferramenta de mapeamento r\u00e1pido dos \u00edndices de infesta\u00e7\u00e3o por Aedes aegypti que identifica os criadouros predominantes, a situa\u00e7\u00e3o de infesta\u00e7\u00e3o do munic\u00edpio, e consequentemente, alerta sobre os poss\u00edveis pontos de epidemia da doen\u00e7a. <\/p>\n<p> Com o levantamento, a Prefeitura consegue um melhor direcionamento das a\u00e7\u00f5es de controle para as \u00e1reas mais cr\u00edticas, <\/p>\n<p> O relat\u00f3rio da pesquisa apontou, ainda, que o maior n\u00edvel de infesta\u00e7\u00e3o do Aedes aegypti est\u00e1 concentrado nos bairros: Nova Malvinas, Centro, Barra de Maca\u00e9, Lagomar, Botafogo, Cajueiros e Riviera Fluminense. <\/p>\n<p> &quot;De acordo com o relat\u00f3rio do levantamento dos 131.847 im\u00f3veis visitados rotineiramente por ciclo na cidade, o LIRAa amostrou 5.139 im\u00f3veis dos quais 113 foram positivos para Aedes aegypti e 23 para Aedes albopictus 2 na \u00e1rea urbana, enquanto que na \u00e1rea rural foram visitados 433 m\u00f3veis, onde foram encontradas 0 amostras para Aedes albopictus e 0 para Aedes aegypti&quot;, disse o munic\u00edpio. <\/p>\n<ul>\n<li> <a href=\"https:\/\/g1.globo.com\/rj\/regiao-dos-lagos\/cidade\/macae\/\" class=\"entities__list-itemLink\" data-track-click=\"Maca\u00e9\"> Maca\u00e9 <\/a> <\/li>\n<\/ul>\n","protected":false},"excerpt":{"rendered":"<p>1 de 1&#013;Levantamento foi realizado em pontos predominantes para os focos dos mosquitos \u2014 Foto: Bruno Campos\/Arquivo Secom Maca\u00e9 Levantamento foi realizado em pontos predominantes para os focos dos mosquitos \u2014 Foto: Bruno Campos\/Arquivo Secom Maca\u00e9 A Coordenadoria Especial de Vigil\u00e2ncia Ambiental em Sa\u00fade (Cevas) de Maca\u00e9, no Norte Fluminense, divulgou o resultado do Levantamento [&hellip;]<\/p>\n","protected":false},"author":1,"featured_media":0,"comment_status":"closed","ping_status":"closed","sticky":false,"template":"","format":"standard","meta":{"footnotes":""},"categories":[],"tags":[],"class_list":["post-54288","post","type-post","status-publish","format-standard","hentry"],"_links":{"self":[{"href":"https:\/\/blog.corretoraideal.com.br\/index.php\/wp-json\/wp\/v2\/posts\/54288","targetHints":{"allow":["GET"]}}],"collection":[{"href":"https:\/\/blog.corretoraideal.com.br\/index.php\/wp-json\/wp\/v2\/posts"}],"about":[{"href":"https:\/\/blog.corretoraideal.com.br\/index.php\/wp-json\/wp\/v2\/types\/post"}],"author":[{"embeddable":true,"href":"https:\/\/blog.corretoraideal.com.br\/index.php\/wp-json\/wp\/v2\/users\/1"}],"replies":[{"embeddable":true,"href":"https:\/\/blog.corretoraideal.com.br\/index.php\/wp-json\/wp\/v2\/comments?post=54288"}],"version-history":[{"count":1,"href":"https:\/\/blog.corretoraideal.com.br\/index.php\/wp-json\/wp\/v2\/posts\/54288\/revisions"}],"predecessor-version":[{"id":54290,"href":"https:\/\/blog.corretoraideal.com.br\/index.php\/wp-json\/wp\/v2\/posts\/54288\/revisions\/54290"}],"wp:attachment":[{"href":"https:\/\/blog.corretoraideal.com.br\/index.php\/wp-json\/wp\/v2\/media?parent=54288"}],"wp:term":[{"taxonomy":"category","embeddable":true,"href":"https:\/\/blog.corretoraideal.com.br\/index.php\/wp-json\/wp\/v2\/categories?post=54288"},{"taxonomy":"post_tag","embeddable":true,"href":"https:\/\/blog.corretoraideal.com.br\/index.php\/wp-json\/wp\/v2\/tags?post=54288"}],"curies":[{"name":"wp","href":"https:\/\/api.w.org\/{rel}","templated":true}]}}