{"id":54296,"date":"2023-10-18T13:30:56","date_gmt":"2023-10-18T13:30:56","guid":{"rendered":"https:\/\/blog.corretoraideal.com.br\/?p=54296"},"modified":"2023-10-18T13:30:56","modified_gmt":"2023-10-18T13:30:56","slug":"dolar-opera-com-volatilidade-em-meio-a-temores-sobre-guerra-no-oriente-medio-economia-g1","status":"publish","type":"post","link":"https:\/\/blog.corretoraideal.com.br\/index.php\/2023\/10\/18\/dolar-opera-com-volatilidade-em-meio-a-temores-sobre-guerra-no-oriente-medio-economia-g1\/","title":{"rendered":"D\u00f3lar opera com volatilidade, em meio a temores sobre guerra no Oriente M\u00e9dio | Economia | G1"},"content":{"rendered":"<p>      1 de 1&#013;Mercados operam com volatilidade nesta quarta-feira. \u2014 Foto: Pixabay    <\/p>\n<p> Mercados operam com volatilidade nesta quarta-feira. \u2014 Foto: Pixabay <\/p>\n<p> O d\u00f3lar abriu com volatilidade nesta quarta-feira (18), oscilando entre leves alta e baixas, em meio \u00e0s crescentes tens\u00f5es no Oriente M\u00e9dio, com a guerra entre <a class href=\"https:\/\/g1.globo.com\/tudo-sobre\/israel\/\">Israel<\/a> e o Hamas, que j\u00e1 chegou ao 12\u00b0 dia. <\/p>\n<p> Al\u00e9m das preocupa\u00e7\u00f5es com o conflito, que tem feito o pre\u00e7o do petr\u00f3leo avan\u00e7ar, investidores em todo o mundo tamb\u00e9m aguardam a divulga\u00e7\u00e3o do Livro Bege nos <a class href=\"https:\/\/g1.globo.com\/tudo-sobre\/estados-unidos\/\">Estados Unidos<\/a>, um relat\u00f3rio do Federal Reserve (<a class href=\"https:\/\/g1.globo.com\/tudo-sobre\/fed\/\">Fed<\/a>, o banco central americano) que traz um panorama sobre como anda a economia do pa\u00eds. <\/p>\n<p> <strong>Veja abaixo o dia nos mercados.<\/strong> <\/p>\n<p><h2>D\u00f3lar<\/h2>\n<\/p>\n<p> \u00c0s 09h20, o d\u00f3lar ca\u00eda 0,01%, cotado a R$ 5,0347. <a class href=\"https:\/\/valor.globo.com\/valor-data\/\">Veja mais cota\u00e7\u00f5es.<\/a> <\/p>\n<p> Na v\u00e9spera, a moeda norte-americana fechou o dia com baixa de 0,03%, vendida a R$ 5,0353, depois de subir bastante pela manh\u00e3. Com o resultado, a moeda passou a acumular:  <\/p>\n<ul>\n<li><strong>queda de 1,05% na semana; <\/strong><\/li>\n<li><strong>alta de 0,17% no m\u00eas;<\/strong><\/li>\n<li><strong>recuo de 4,60% no ano.<\/strong><\/li>\n<\/ul>\n<p><h2><a class href=\"https:\/\/g1.globo.com\/tudo-sobre\/ibovespa\/\">Ibovespa<\/a><\/h2>\n<\/p>\n<p> O <a class href=\"https:\/\/g1.globo.com\/tudo-sobre\/ibovespa\/\">Ibovespa<\/a> s\u00f3 come\u00e7a a operar \u00e0s 10h. <\/p>\n<p> No dia anterior, o \u00edndice fechou com baixa de 0,67%, aos 115.908 pontos. Com o resultado, passou a acumular: <\/p>\n<ul>\n<li><strong>alta de 0,13% na semana;<\/strong><\/li>\n<li><strong>queda de 0,56% no m\u00eas;<\/strong><\/li>\n<li><strong>ganhos de 5,63% no ano.<\/strong><\/li>\n<\/ul>\n<p> <strong>LEIA TAMB\u00c9M<\/strong> <\/p>\n<ul>\n<li><strong>DINHEIRO OU CART\u00c3O? <\/strong><a class href=\"https:\/\/g1.globo.com\/economia\/noticia\/2022\/03\/26\/dinheiro-ou-cartao-qual-a-melhor-forma-de-levar-dolares-em-viagens.ghtml\">Qual a melhor forma de levar d\u00f3lares em viagens?<\/a><\/li>\n<li><strong>D\u00d3LAR: <\/strong><a class href=\"https:\/\/g1.globo.com\/economia\/noticia\/2022\/04\/05\/dolar-qual-o-melhor-momento-para-comprar.ghtml\">Qual o melhor momento para comprar a moeda? <\/a><\/li>\n<\/ul>\n<p><h2>O que est\u00e1 mexendo com os mercados?<\/h2>\n<\/p>\n<p> O que continua pesando forte sobre os neg\u00f3cio \u00e9 a guerra entre <a class href=\"https:\/\/g1.globo.com\/tudo-sobre\/israel\/\">Israel<\/a> e Hamas. A maior preocupa\u00e7\u00e3o, do ponto de vista financeiro, segundo analistas, \u00e9 de que outros pa\u00edses da regi\u00e3o &#8211; que \u00e9 a mais importante exportadora de petr\u00f3leo do mundo &#8211; se envolvam no conflito. <\/p>\n<p> Ontem, ap\u00f3s um ataque a um hospital no sul da Faixa de Gaza que deixou centenas de mortos, inclusive v\u00e1rias crian\u00e7as, autoridades da Palestina, Jord\u00e2nia e Egito cancelaram um encontro com o presidente americano Joe Biden, que chegou ao Oriente M\u00e9dio para tentar negociar solu\u00e7\u00f5es diplom\u00e1ticas para a guerra. Outros pa\u00edses \u00e1rabes tamb\u00e9m condenaram o ataque. <\/p>\n<p> Agora, h\u00e1 uma guerra de narrativas sobre a autoria do bombardeio. Enquanto autoridades \u00e1rabes o atribuem \u00e0 <a class href=\"https:\/\/g1.globo.com\/tudo-sobre\/israel\/\">Israel<\/a>, o pa\u00eds afirma que o ataque foi realizado pela Jihad Isl\u00e2mica. <\/p>\n<p> Neste contexto desafiador, as negocia\u00e7\u00f5es diplom\u00e1ticas andam com muita dificuldade, o que acaba refletindo no pre\u00e7o do petr\u00f3leo. <\/p>\n<p> Al\u00e9m da guerra, no cen\u00e1rio externo, investidores aguardam a divulga\u00e7\u00e3o do Livro Bege, que pode trazer mais sinais sobre os rumos dos juros nos <a class href=\"https:\/\/g1.globo.com\/tudo-sobre\/estados-unidos\/\">Estados Unidos<\/a>, e novos discursos de dirigentes do <a class href=\"https:\/\/g1.globo.com\/tudo-sobre\/fed\/\">Fed<\/a>. <\/p>\n<p> J\u00e1 no Brasil, a agenda econ\u00f4mica est\u00e1 mais fraca, com destaque apenas para novos n\u00fameros do com\u00e9rcio varejista. As vendas no varejo tiveram queda de 0,2% em agosto, segundo o Instituto Brasileiro de Geografia e Estat\u00edstica. <\/p>\n<p> Por\u00e9m, no com\u00e9rcio varejista ampliado, que inclui ve\u00edculos, motos, partes e pe\u00e7as, material de constru\u00e7\u00e3o e atacado especializado em produtos aliment\u00edcios, bebidas e fumo, o volume de vendas recuou 1,3% em agosto. <\/p>\n<p> De acordo com Maykon Douglas, analista de research da Highpar, o varejo ampliado tem apresentado um comportamento mais vol\u00e1til, principalmente entre os autom\u00f3veis, que foram impactados com as medidas do governo de descontos em ve\u00edculos novos. <\/p>\n<p> Em contrapartida, o especialista destaca que as vendas de hiper e supermercados apresentam crescimento resiliente nos \u00faltimos meses, &quot;na esteira das defla\u00e7\u00f5es em alimentos, que elevam o poder de compra&quot;. <\/p>\n<p>&quot;Em resumo, apartando-se das surpresas na margem (especialmente nos servi\u00e7os, que ca\u00edram forte em agosto), os dados corroboram o arrefecimento econ\u00f4mico daqui para o fim do ano, com balan\u00e7o de oferta e demanda mais favor\u00e1vel a itens mais b\u00e1sicos em detrimento de bens dur\u00e1veis. Nesse sentido, o varejo segue com desempenho acanhado e tende a se manter assim nos pr\u00f3ximos meses&quot;, comenta.<\/p>\n<ul> <\/ul>\n","protected":false},"excerpt":{"rendered":"<p>1 de 1&#013;Mercados operam com volatilidade nesta quarta-feira. \u2014 Foto: Pixabay Mercados operam com volatilidade nesta quarta-feira. \u2014 Foto: Pixabay O d\u00f3lar abriu com volatilidade nesta quarta-feira (18), oscilando entre leves alta e baixas, em meio \u00e0s crescentes tens\u00f5es no Oriente M\u00e9dio, com a guerra entre Israel e o Hamas, que j\u00e1 chegou ao 12\u00b0 [&hellip;]<\/p>\n","protected":false},"author":1,"featured_media":0,"comment_status":"closed","ping_status":"closed","sticky":false,"template":"","format":"standard","meta":{"footnotes":""},"categories":[],"tags":[],"class_list":["post-54296","post","type-post","status-publish","format-standard","hentry"],"_links":{"self":[{"href":"https:\/\/blog.corretoraideal.com.br\/index.php\/wp-json\/wp\/v2\/posts\/54296","targetHints":{"allow":["GET"]}}],"collection":[{"href":"https:\/\/blog.corretoraideal.com.br\/index.php\/wp-json\/wp\/v2\/posts"}],"about":[{"href":"https:\/\/blog.corretoraideal.com.br\/index.php\/wp-json\/wp\/v2\/types\/post"}],"author":[{"embeddable":true,"href":"https:\/\/blog.corretoraideal.com.br\/index.php\/wp-json\/wp\/v2\/users\/1"}],"replies":[{"embeddable":true,"href":"https:\/\/blog.corretoraideal.com.br\/index.php\/wp-json\/wp\/v2\/comments?post=54296"}],"version-history":[{"count":1,"href":"https:\/\/blog.corretoraideal.com.br\/index.php\/wp-json\/wp\/v2\/posts\/54296\/revisions"}],"predecessor-version":[{"id":54298,"href":"https:\/\/blog.corretoraideal.com.br\/index.php\/wp-json\/wp\/v2\/posts\/54296\/revisions\/54298"}],"wp:attachment":[{"href":"https:\/\/blog.corretoraideal.com.br\/index.php\/wp-json\/wp\/v2\/media?parent=54296"}],"wp:term":[{"taxonomy":"category","embeddable":true,"href":"https:\/\/blog.corretoraideal.com.br\/index.php\/wp-json\/wp\/v2\/categories?post=54296"},{"taxonomy":"post_tag","embeddable":true,"href":"https:\/\/blog.corretoraideal.com.br\/index.php\/wp-json\/wp\/v2\/tags?post=54296"}],"curies":[{"name":"wp","href":"https:\/\/api.w.org\/{rel}","templated":true}]}}