{"id":54306,"date":"2023-11-02T00:46:56","date_gmt":"2023-11-02T00:46:56","guid":{"rendered":"https:\/\/blog.corretoraideal.com.br\/?p=54306"},"modified":"2023-11-02T00:46:56","modified_gmt":"2023-11-02T00:46:56","slug":"macae-e-campos-rj-decretam-ponto-facultativo-na-proxima-sexta-norte-fluminense-g1","status":"publish","type":"post","link":"https:\/\/blog.corretoraideal.com.br\/index.php\/2023\/11\/02\/macae-e-campos-rj-decretam-ponto-facultativo-na-proxima-sexta-norte-fluminense-g1\/","title":{"rendered":"Maca\u00e9 e Campos, RJ, decretam ponto facultativo na pr\u00f3xima sexta | Norte Fluminense | G1"},"content":{"rendered":"<br \/>\n<h1>Maca\u00e9 e Campos, RJ, decretam ponto facultativo na pr\u00f3xima sexta<\/h1>\n<h2>Somente atividades essenciais ser\u00e3o mantidas.<\/h2>\n<p> Por g1 &mdash; Campos dos Goytacazes <\/p>\n<p>  01\/11\/2023 15h08    Atualizado  01\/11\/2023    <\/p>\n<p>                      1 de 1&#013;Prefeitura de Campos dos Goytacazes \u2014 Foto: Reprodu\u00e7\u00e3o Prefeitura de Campos    <\/p>\n<p> Prefeitura de Campos dos Goytacazes \u2014 Foto: Reprodu\u00e7\u00e3o Prefeitura de Campos <\/p>\n<p> Diversas cidades do estado do Rio de Janeiro decretaram ponto facultativo na sexta-feira (3), depois do feriado de Finados, na quinta (2). \u00c9 o caso de <a class href=\"https:\/\/g1.globo.com\/rj\/regiao-dos-lagos\/cidade\/macae\/\">Maca\u00e9<\/a> e <a class href=\"https:\/\/g1.globo.com\/rj\/norte-fluminense\/cidade\/campos-dos-goytacazes\/\">Campos dos Goytacazes<\/a>, no Norte Fluminense. <\/p>\n<p> Em Maca\u00e9, a medida ocorre por meio do decreto 265\/2023 e somente atividades essenciais e indispens\u00e1veis ser\u00e3o mantidas, como o atendimento em unidades de urg\u00eancia e emerg\u00eancia de sa\u00fade, Guarda Municipal e limpeza p\u00fablica. <\/p>\n<p> Ainda segundo a Prefeitura, nas escolas p\u00fablicas do munic\u00edpio n\u00e3o haver\u00e1 aulas, seguindo o calend\u00e1rio letivo de 2023. <\/p>\n<p> Em Campos, o decreto N\u00ba329\/2023, publicado no Di\u00e1rio Oficial desta quarta-feira (1\u00ba), torna ponto facultativo nas reparti\u00e7\u00f5es municipais e entidades que integram a administra\u00e7\u00e3o direta, autarquias e funda\u00e7\u00f5es. <\/p>\n<p> O texto diz ainda que os servi\u00e7os essenciais, como coleta de lixo domiciliar e os atendimentos m\u00e9dicos, plant\u00f5es m\u00e9dico hospitalares, funcionar\u00e3o normalmente, sem interrup\u00e7\u00e3o. <\/p>\n<p> J\u00e1 as Unidades B\u00e1sicas de Sa\u00fade (UBS) e Unidades B\u00e1sicas de Sa\u00fade da Fam\u00edlia (UBSF) n\u00e3o v\u00e3o funcionar entre os dias 2 e 5 de novembro, voltando ao atendimento normal na pr\u00f3xima segunda-feira (6), assim como os demais servi\u00e7os da Secretaria Municipal da Sa\u00fade. <\/p>\n<p> &quot;Estar\u00e3o abertos o Hospital Ferreira Machado (HFM), Hospital Geral de Guarus (HGG), Hospital S\u00e3o Jos\u00e9, em Goitacazes, Cl\u00ednica da Crian\u00e7a, em Guarus, Pronto-Socorro Pedi\u00e1trico do Hospital Plantadores de Cana (HPC) e as Unidades Pr\u00e9-Hospitalares (UPH) 24h&quot;, explica a Prefeitura. <\/p>\n<p> O Hemocentro Regional de Campos tamb\u00e9m funcionar\u00e1 em seu hor\u00e1rio normal, das 7h \u00e0s 18h, a exemplo do que j\u00e1 ocorre diariamente, inclusive, nos finais de semana. <\/p>\n<ul>\n<li> <a href=\"https:\/\/g1.globo.com\/rj\/norte-fluminense\/cidade\/campos-dos-goytacazes\/\" class=\"entities__list-itemLink\" data-track-click=\"Campos dos Goytacazes\"> Campos dos Goytacazes <\/a> <\/li>\n<li> <a href=\"https:\/\/g1.globo.com\/rj\/regiao-dos-lagos\/cidade\/macae\/\" class=\"entities__list-itemLink\" data-track-click=\"Maca\u00e9\"> Maca\u00e9 <\/a> <\/li>\n<\/ul>\n","protected":false},"excerpt":{"rendered":"<p>Maca\u00e9 e Campos, RJ, decretam ponto facultativo na pr\u00f3xima sexta Somente atividades essenciais ser\u00e3o mantidas. Por g1 &mdash; Campos dos Goytacazes 01\/11\/2023 15h08 Atualizado 01\/11\/2023 1 de 1&#013;Prefeitura de Campos dos Goytacazes \u2014 Foto: Reprodu\u00e7\u00e3o Prefeitura de Campos Prefeitura de Campos dos Goytacazes \u2014 Foto: Reprodu\u00e7\u00e3o Prefeitura de Campos Diversas cidades do estado do Rio [&hellip;]<\/p>\n","protected":false},"author":1,"featured_media":0,"comment_status":"closed","ping_status":"closed","sticky":false,"template":"","format":"standard","meta":{"footnotes":""},"categories":[],"tags":[],"class_list":["post-54306","post","type-post","status-publish","format-standard","hentry"],"_links":{"self":[{"href":"https:\/\/blog.corretoraideal.com.br\/index.php\/wp-json\/wp\/v2\/posts\/54306","targetHints":{"allow":["GET"]}}],"collection":[{"href":"https:\/\/blog.corretoraideal.com.br\/index.php\/wp-json\/wp\/v2\/posts"}],"about":[{"href":"https:\/\/blog.corretoraideal.com.br\/index.php\/wp-json\/wp\/v2\/types\/post"}],"author":[{"embeddable":true,"href":"https:\/\/blog.corretoraideal.com.br\/index.php\/wp-json\/wp\/v2\/users\/1"}],"replies":[{"embeddable":true,"href":"https:\/\/blog.corretoraideal.com.br\/index.php\/wp-json\/wp\/v2\/comments?post=54306"}],"version-history":[{"count":1,"href":"https:\/\/blog.corretoraideal.com.br\/index.php\/wp-json\/wp\/v2\/posts\/54306\/revisions"}],"predecessor-version":[{"id":54308,"href":"https:\/\/blog.corretoraideal.com.br\/index.php\/wp-json\/wp\/v2\/posts\/54306\/revisions\/54308"}],"wp:attachment":[{"href":"https:\/\/blog.corretoraideal.com.br\/index.php\/wp-json\/wp\/v2\/media?parent=54306"}],"wp:term":[{"taxonomy":"category","embeddable":true,"href":"https:\/\/blog.corretoraideal.com.br\/index.php\/wp-json\/wp\/v2\/categories?post=54306"},{"taxonomy":"post_tag","embeddable":true,"href":"https:\/\/blog.corretoraideal.com.br\/index.php\/wp-json\/wp\/v2\/tags?post=54306"}],"curies":[{"name":"wp","href":"https:\/\/api.w.org\/{rel}","templated":true}]}}