{"id":54316,"date":"2023-11-02T02:40:37","date_gmt":"2023-11-02T02:40:37","guid":{"rendered":"https:\/\/blog.corretoraideal.com.br\/?p=54316"},"modified":"2023-11-02T02:40:37","modified_gmt":"2023-11-02T02:40:37","slug":"bc-da-voto-de-confianca-ao-governo-ao-seguir-prevendo-quedas-de-juros-nas-proximas-reunioes-blog-ana-flor-g1","status":"publish","type":"post","link":"https:\/\/blog.corretoraideal.com.br\/index.php\/2023\/11\/02\/bc-da-voto-de-confianca-ao-governo-ao-seguir-prevendo-quedas-de-juros-nas-proximas-reunioes-blog-ana-flor-g1\/","title":{"rendered":"BC d\u00e1 voto de confian\u00e7a ao governo ao seguir prevendo quedas de juros nas pr\u00f3ximas reuni\u00f5es | Blog Ana Flor | G1"},"content":{"rendered":"\n<p> Por Ana Flor <\/p>\n<p> Jornalista e comentarista da GloboNews.<\/p>\n<h1>BC d\u00e1 voto de confian\u00e7a ao governo ao seguir prevendo quedas de juros nas pr\u00f3ximas reuni\u00f5es<\/h1>\n<\/p>\n<p>  01\/11\/2023 19h35    Atualizado  01\/11\/2023    <\/p>\n<p> Em seu comunicado e <a class href=\"https:\/\/g1.globo.com\/economia\/noticia\/2023\/11\/01\/copom-corta-selic-pela-3a-vez-seguida-taxa-basica-de-juros-cai-de-1275percent-para-1225percent-ao-ano.ghtml\">decis\u00e3o desta quarta-feira<\/a>, o Banco Central (BC) optou por n\u00e3o dar maior gravidade \u00e0 movimenta\u00e7\u00e3o dos \u00faltimos dias dentro do governo que enterrou o d\u00e9ficit zero em 2024. <\/p>\n<p> A decis\u00e3o reflete um movimento moment\u00e2neo de queda da infla\u00e7\u00e3o, mas tamb\u00e9m \u00e9 um aceno do BC para uma melhor rela\u00e7\u00e3o com o governo, que no passado recente criticou o colegiado \u2013 e em especial seu presidente, Roberto Campos Neto \u2013 por segurar a queda da taxa de juros. <\/p>\n<p>         1 de 1&#013;Roberto Campos Neto, presidente do Banco Central, em audi\u00eancia na C\u00e2mara dos Deputados. \u2014 Foto: Zeca Ribeiro\/C\u00e2mara dos Deputados    <\/p>\n<p> Roberto Campos Neto, presidente do Banco Central, em audi\u00eancia na C\u00e2mara dos Deputados. \u2014 Foto: Zeca Ribeiro\/C\u00e2mara dos Deputados <\/p>\n<p> O recado sobre o perigo de mais gastos em 2024, e o n\u00e3o cumprimento da meta que vinha sendo prometida pelo ministro da Fazenda, Fernando Haddad, veio apenas no 6\u00ba par\u00e1grafo do comunicado. <\/p>\n<p>\u201cTendo em conta a import\u00e2ncia da execu\u00e7\u00e3o das metas fiscais j\u00e1 estabelecidas para a ancoragem das expectativas de infla\u00e7\u00e3o e, consequentemente, para a condu\u00e7\u00e3o da pol\u00edtica monet\u00e1ria, o Comit\u00ea reafirma a import\u00e2ncia da firme persecu\u00e7\u00e3o dessas metas\u201d, diz o texto.<\/p>\n<p> As raz\u00f5es passam por uma aproxima\u00e7\u00e3o de Campos Neto com o presidente <a class href=\"https:\/\/g1.globo.com\/politica\/politico\/lula\/\">Lula<\/a>, que envolveu um encontro recente e uma troca com Haddad antes de <a class href=\"https:\/\/g1.globo.com\/economia\/noticia\/2023\/10\/30\/haddad-anuncia-indicacao-de-paulo-picchetti-e-rodrigo-teixeira-para-diretoria-do-banco-central.ghtml\">o governo anunciar os novos nomes indicados para duas diretorias do BC.<\/a> <\/p>\n<p> Nas duas indica\u00e7\u00f5es anteriores, Campos Neto fez chegar ao governo a reclama\u00e7\u00e3o de ter ficado sabendo dos indicados pela imprensa. <\/p>\n<p> Outro motivo \u00e9 que a gangorra dentro da diretoria do BC come\u00e7a a pesar para o lado do governo. Dos nove integrantes, Lula j\u00e1 tem dois e agora indicou mais dois. <\/p>\n<p> O governo Lula come\u00e7a a ter mais peso e isto deve se refletir em vis\u00f5es que podem estimular a queda da taxa de juros mesmo com menos perspectiva de que a pol\u00edtica fiscal estar\u00e1 sob r\u00edgido equil\u00edbrio. <\/p>\n<ul>\n<li> <a href=\"https:\/\/g1.globo.com\/tudo-sobre\/banco-central-do-brasil\/\" class=\"entities__list-itemLink\" data-track-click=\"Banco Central do Brasil\"> Banco Central do Brasil <\/a> <\/li>\n<li> <a href=\"https:\/\/g1.globo.com\/politica\/politico\/lula\/\" class=\"entities__list-itemLink\" data-track-click=\"Lula\"> Lula <\/a> <\/li>\n<\/ul>\n","protected":false},"excerpt":{"rendered":"<p>Por Ana Flor Jornalista e comentarista da GloboNews. BC d\u00e1 voto de confian\u00e7a ao governo ao seguir prevendo quedas de juros nas pr\u00f3ximas reuni\u00f5es 01\/11\/2023 19h35 Atualizado 01\/11\/2023 Em seu comunicado e decis\u00e3o desta quarta-feira, o Banco Central (BC) optou por n\u00e3o dar maior gravidade \u00e0 movimenta\u00e7\u00e3o dos \u00faltimos dias dentro do governo que enterrou [&hellip;]<\/p>\n","protected":false},"author":1,"featured_media":0,"comment_status":"closed","ping_status":"closed","sticky":false,"template":"","format":"standard","meta":{"footnotes":""},"categories":[],"tags":[],"class_list":["post-54316","post","type-post","status-publish","format-standard","hentry"],"_links":{"self":[{"href":"https:\/\/blog.corretoraideal.com.br\/index.php\/wp-json\/wp\/v2\/posts\/54316","targetHints":{"allow":["GET"]}}],"collection":[{"href":"https:\/\/blog.corretoraideal.com.br\/index.php\/wp-json\/wp\/v2\/posts"}],"about":[{"href":"https:\/\/blog.corretoraideal.com.br\/index.php\/wp-json\/wp\/v2\/types\/post"}],"author":[{"embeddable":true,"href":"https:\/\/blog.corretoraideal.com.br\/index.php\/wp-json\/wp\/v2\/users\/1"}],"replies":[{"embeddable":true,"href":"https:\/\/blog.corretoraideal.com.br\/index.php\/wp-json\/wp\/v2\/comments?post=54316"}],"version-history":[{"count":1,"href":"https:\/\/blog.corretoraideal.com.br\/index.php\/wp-json\/wp\/v2\/posts\/54316\/revisions"}],"predecessor-version":[{"id":54318,"href":"https:\/\/blog.corretoraideal.com.br\/index.php\/wp-json\/wp\/v2\/posts\/54316\/revisions\/54318"}],"wp:attachment":[{"href":"https:\/\/blog.corretoraideal.com.br\/index.php\/wp-json\/wp\/v2\/media?parent=54316"}],"wp:term":[{"taxonomy":"category","embeddable":true,"href":"https:\/\/blog.corretoraideal.com.br\/index.php\/wp-json\/wp\/v2\/categories?post=54316"},{"taxonomy":"post_tag","embeddable":true,"href":"https:\/\/blog.corretoraideal.com.br\/index.php\/wp-json\/wp\/v2\/tags?post=54316"}],"curies":[{"name":"wp","href":"https:\/\/api.w.org\/{rel}","templated":true}]}}