{"id":54325,"date":"2023-11-02T07:15:55","date_gmt":"2023-11-02T07:15:55","guid":{"rendered":"https:\/\/blog.corretoraideal.com.br\/?p=54325"},"modified":"2023-11-02T07:15:55","modified_gmt":"2023-11-02T07:15:55","slug":"curso-mulheres-no-audiovisual-e-lancado-em-macae-e-esta-com-inscricoes-abertas-norte-fluminense-g1","status":"publish","type":"post","link":"https:\/\/blog.corretoraideal.com.br\/index.php\/2023\/11\/02\/curso-mulheres-no-audiovisual-e-lancado-em-macae-e-esta-com-inscricoes-abertas-norte-fluminense-g1\/","title":{"rendered":"Curso &#039;Mulheres no Audiovisual&#039; \u00e9 lan\u00e7ado em Maca\u00e9 e est\u00e1 com inscri\u00e7\u00f5es abertas | Norte Fluminense | G1"},"content":{"rendered":"<br \/>\n<h1>Curso &#039;Mulheres no Audiovisual&#039; \u00e9 lan\u00e7ado em Maca\u00e9 e est\u00e1 com inscri\u00e7\u00f5es abertas<\/h1>\n<h2>Projeto de empoderamento \u00e9 do governo federal, e, por meio de cursos de produ\u00e7\u00e3o de v\u00eddeos exclusivos para mulheres com idade acima de 17 anos, d\u00e1 espa\u00e7o para o olhar da mulher sobre diferentes representa\u00e7\u00f5es na sociedade contempor\u00e2nea.<\/h2>\n<p> Por g1 &mdash; Maca\u00e9 <\/p>\n<p>  01\/11\/2023 14h25    Atualizado  01\/11\/2023    <\/p>\n<p>                      1 de 1&#013;Curso &#039;Mulheres no Audiovisual&#039; foi lan\u00e7ado em Maca\u00e9 e est\u00e1 com inscri\u00e7\u00f5es abertas \u2014 Foto: Mois\u00e9s Bruno\/Prefeitura de Maca\u00e9    <\/p>\n<p> Curso &#039;Mulheres no Audiovisual&#039; foi lan\u00e7ado em Maca\u00e9 e est\u00e1 com inscri\u00e7\u00f5es abertas \u2014 Foto: Mois\u00e9s Bruno\/Prefeitura de Maca\u00e9 <\/p>\n<p> O curso &quot;Mulheres no Audiovisual&quot; foi lan\u00e7ado na noite desta ter\u00e7a-feira (31) em <a class href=\"https:\/\/g1.globo.com\/rj\/regiao-dos-lagos\/cidade\/macae\/\">Maca\u00e9<\/a>, no Norte Fluminense. Por meio da iniciativa, mulheres com idade acima de 17 anos v\u00e3o poder participar de uma oficina de produ\u00e7\u00e3o de v\u00eddeos. <\/p>\n<p> S\u00e3o tr\u00eas turmas com vagas dispon\u00edveis e as aulas v\u00e3o ocorrer entre os dias 6 e 17 de novembro <strong>(veja locais das aulas no final do texto)<\/strong>. <\/p>\n<p> As inscri\u00e7\u00f5es podem ser feitas pela internet, <a class href=\"https:\/\/linktr.ee\/secretariadamulhermacae\" target=\"_blank\" rel=\"noopener noreferrer\">em formul\u00e1rio disponibilizado pela Secretaria de Pol\u00edticas para as Mulheres <\/a>no Instagram <a class href=\"https:\/\/www.instagram.com\/secretariadamulhermacae\/\" target=\"_blank\" rel=\"noopener noreferrer\">(link na bio<\/a>). <\/p>\n<p> Ao final do curso, ser\u00e1 produzido um evento p\u00fablico e gratuito para a exibi\u00e7\u00e3o dos trabalhos desenvolvidos pelas alunas. A a\u00e7\u00e3o abre espa\u00e7o para o olhar feminino sobre as diferentes representa\u00e7\u00f5es da mulher na sociedade contempor\u00e2nea. <\/p>\n<p><h2>Sobre o curso<\/h2>\n<\/p>\n<p> O projeto \u00e9 uma realiza\u00e7\u00e3o do Governo Federal, atrav\u00e9s do Minist\u00e9rio da Cultura, com patroc\u00ednio da Lei Rouanet e da empresa Air Liquide, executado pela Numen Produtora. Ele foi lan\u00e7ado na noite desta ter\u00e7a na Secretaria de Pol\u00edticas para as Mulheres. <\/p>\n<p> A abertura contou com uma palestra com a professora de Hist\u00f3ria do Col\u00e9gio de Aplica\u00e7\u00e3o de Maca\u00e9 (CAp), escritora e roteirista, Daiana de Souza. Ela falou sobre a experi\u00eancia como autora e com roteiros. <\/p>\n<p> A autora acaba de lan\u00e7ar \u201cJornal dos Tigres (Editora Mal\u00ea)\u201d, livro infantil que conta a hist\u00f3ria de um menino que, junto com sua fam\u00edlia, descobre quem foi Jos\u00e9 do Patroc\u00ednio. <\/p>\n<p> \u201cDesde muito nova tenho esse gosto por escrever. Claro que a nossa primeira refer\u00eancia s\u00e3o as novelas da Globo, mas ao longo do caminho descobri que o audiovisual \u00e9 m\u00faltiplo, feito por diferentes profiss\u00f5es. Escrever roteiros \u00e9 uma dessas possibilidades\u201d, destacou Daiana de Souza. <\/p>\n<p> A coordenadora do Espa\u00e7o Mulher Cidad\u00e3, Raquel Duarte, lembrou que dados sobre a produ\u00e7\u00e3o audiovisual no Brasil apontam que menos de 20% dos filmes produzidos no pa\u00eds s\u00e3o feitos por mulheres. <\/p>\n<p> \u201c\u00c9 um mercado ainda dominado por homens, mas precisamos ampliar, cada vez mais, a discuss\u00e3o sobre desigualdade de g\u00eanero nesse e em tantos outros cen\u00e1rios. Por isso, sempre apoiamos a\u00e7\u00f5es que incluam mulheres e contribuam na nossa luta por mais oportunidades\u201d, aponta a coordenadora. <\/p>\n<p><h2>Turmas abertas<\/h2>\n<\/p>\n<p> <strong>Turma 1<\/strong> <\/p>\n<ul>\n<li><strong>Local: <\/strong>Espa\u00e7o Mulher Cidad\u00e3 Erosita Fran\u00e7a Leclerc<\/li>\n<li><strong>Endere\u00e7o:<\/strong> R. Dr. Luiz Bellegard, 139 &#8211; Imbetiba<\/li>\n<li><strong>Vagas por turma:<\/strong> 21<\/li>\n<li><strong>Dias de Oficina: <\/strong>06 a 10\/11, 13 e 14\/11, 16 e 17\/11<\/li>\n<li><strong>Hor\u00e1rio: <\/strong>18h \u00e0s 21h<\/li>\n<\/ul>\n<p> <strong>Turma 2<\/strong> <\/p>\n<ul>\n<li><strong>Local: <\/strong>Secretaria Adjunta de Qualifica\u00e7\u00e3o Profissional<\/li>\n<li><strong>Endere\u00e7o:<\/strong> R. Alfredo Backer, 363 &#8211; Centro, Maca\u00e9 &#8211; RJ, CEP:27947-670<\/li>\n<li><strong>Vagas por turma:<\/strong> 21<\/li>\n<li><strong>Dias de Oficina: <\/strong>06 a 10\/11, 13 e 14\/11, 16 e 17\/11 <\/li>\n<li><strong>Hor\u00e1rio: <\/strong>14h \u00e0s 17h<\/li>\n<\/ul>\n<p> <strong>Turma 3<\/strong> <\/p>\n<ul>\n<li><strong>Local: <\/strong>Secretaria Adjunta de Qualifica\u00e7\u00e3o Profissional<\/li>\n<li><strong>Endere\u00e7o: <\/strong>R. Alfredo Backer, 363 &#8211; Centro, Maca\u00e9 &#8211; RJ, CEP:27947-670<\/li>\n<li><strong>Vagas por turma:<\/strong> 21 <\/li>\n<li><strong>Dias de Oficina:<\/strong> 06 a 10\/11, 13 e 14\/11, 16 e 17\/11 <\/li>\n<li><strong>Hor\u00e1rio: <\/strong>18h \u00e0s 21h<\/li>\n<\/ul>\n<ul>\n<li> <a href=\"https:\/\/g1.globo.com\/rj\/regiao-dos-lagos\/cidade\/macae\/\" class=\"entities__list-itemLink\" data-track-click=\"Maca\u00e9\"> Maca\u00e9 <\/a> <\/li>\n<\/ul>\n","protected":false},"excerpt":{"rendered":"<p>Curso &#039;Mulheres no Audiovisual&#039; \u00e9 lan\u00e7ado em Maca\u00e9 e est\u00e1 com inscri\u00e7\u00f5es abertas Projeto de empoderamento \u00e9 do governo federal, e, por meio de cursos de produ\u00e7\u00e3o de v\u00eddeos exclusivos para mulheres com idade acima de 17 anos, d\u00e1 espa\u00e7o para o olhar da mulher sobre diferentes representa\u00e7\u00f5es na sociedade contempor\u00e2nea. Por g1 &mdash; Maca\u00e9 [&hellip;]<\/p>\n","protected":false},"author":1,"featured_media":0,"comment_status":"closed","ping_status":"closed","sticky":false,"template":"","format":"standard","meta":{"footnotes":""},"categories":[],"tags":[],"class_list":["post-54325","post","type-post","status-publish","format-standard","hentry"],"_links":{"self":[{"href":"https:\/\/blog.corretoraideal.com.br\/index.php\/wp-json\/wp\/v2\/posts\/54325","targetHints":{"allow":["GET"]}}],"collection":[{"href":"https:\/\/blog.corretoraideal.com.br\/index.php\/wp-json\/wp\/v2\/posts"}],"about":[{"href":"https:\/\/blog.corretoraideal.com.br\/index.php\/wp-json\/wp\/v2\/types\/post"}],"author":[{"embeddable":true,"href":"https:\/\/blog.corretoraideal.com.br\/index.php\/wp-json\/wp\/v2\/users\/1"}],"replies":[{"embeddable":true,"href":"https:\/\/blog.corretoraideal.com.br\/index.php\/wp-json\/wp\/v2\/comments?post=54325"}],"version-history":[{"count":1,"href":"https:\/\/blog.corretoraideal.com.br\/index.php\/wp-json\/wp\/v2\/posts\/54325\/revisions"}],"predecessor-version":[{"id":54327,"href":"https:\/\/blog.corretoraideal.com.br\/index.php\/wp-json\/wp\/v2\/posts\/54325\/revisions\/54327"}],"wp:attachment":[{"href":"https:\/\/blog.corretoraideal.com.br\/index.php\/wp-json\/wp\/v2\/media?parent=54325"}],"wp:term":[{"taxonomy":"category","embeddable":true,"href":"https:\/\/blog.corretoraideal.com.br\/index.php\/wp-json\/wp\/v2\/categories?post=54325"},{"taxonomy":"post_tag","embeddable":true,"href":"https:\/\/blog.corretoraideal.com.br\/index.php\/wp-json\/wp\/v2\/tags?post=54325"}],"curies":[{"name":"wp","href":"https:\/\/api.w.org\/{rel}","templated":true}]}}