{"id":54328,"date":"2023-11-02T08:55:47","date_gmt":"2023-11-02T08:55:47","guid":{"rendered":"https:\/\/blog.corretoraideal.com.br\/?p=54328"},"modified":"2023-11-02T08:55:47","modified_gmt":"2023-11-02T08:55:47","slug":"veja-lista-dos-94-voos-novos-do-brasil-para-a-temporada-de-verao-turismo-e-viagem-g1","status":"publish","type":"post","link":"https:\/\/blog.corretoraideal.com.br\/index.php\/2023\/11\/02\/veja-lista-dos-94-voos-novos-do-brasil-para-a-temporada-de-verao-turismo-e-viagem-g1\/","title":{"rendered":"Veja lista dos 94 voos novos do Brasil para a temporada de ver\u00e3o | Turismo e Viagem | G1"},"content":{"rendered":"<br \/>\n<h1>Veja lista dos 94 voos novos do Brasil para a temporada de ver\u00e3o<\/h1>\n<h2>Segundo o Minist\u00e9rio do Turismo, s\u00e3o 81 trajetos nacionais 13 internacionais, incluindo pa\u00edses como Estados Unidos, \u00c1frica do Sul, Argentina, Uruguai, Peru e Chile. <\/h2>\n<p> Por g1 <\/p>\n<p>  28\/10\/2023 10h00    Atualizado  28\/10\/2023    <\/p>\n<p>                      1 de 1&#013;Turistas posam para foto no Obelisco de Buenos Aires \u2014 Foto: Martin Bernetti\/ AFP    <\/p>\n<p> Turistas posam para foto no Obelisco de Buenos Aires \u2014 Foto: Martin Bernetti\/ AFP <\/p>\n<p> Os brasileiros v\u00e3o ter mais op\u00e7\u00f5es para viajar de avi\u00e3o no per\u00edodo de festas. Isso porque o Minist\u00e9rio do Turismo anunciou 94 novos voos, sendo 81 nacionais e 13 ligando destinos internacionais. <\/p>\n<p> As novas opera\u00e7\u00f5es v\u00e3o ocorrer durante a alta temporada de ver\u00e3o no Brasil, ou seja, nos meses de dezembro e janeiro. <\/p>\n<p> <strong>Veja a lista abaixo.<\/strong> <\/p>\n<p> As novas rotas incluem, principalmente, destinos da regi\u00e3o Nordeste, seguidos de localidades do Sudeste, do Sul, do Norte e do Centro-Oeste. <\/p>\n<p> Os voos chegar\u00e3o a 43 destinos de 17 estados, com destaque para os estados da Bahia, de S\u00e3o Paulo, de Alagoas, do Rio Grande do Norte, do Amazonas, da Para\u00edba e de Pernambuco, entre outros. <\/p>\n<p> J\u00e1 as 13 rotas internacionais ter\u00e3o como destinos os Estados Unidos, \u00c1frica do Sul, Argentina, Uruguai, Peru e Chile. <\/p>\n<p> <strong>LEIA AINDA: <\/strong> <\/p>\n<ul>\n<li><a class href=\"https:\/\/g1.globo.com\/turismo-e-viagem\/noticia\/2023\/10\/09\/regras-para-cancelar-viagem-para-lugares-que-estao-em-conflito-armado-tire-duvidas.ghtml\">Clientes podem cancelar viagem para lugares que est\u00e3o em conflito armado? <\/a><\/li>\n<li><a class href=\"https:\/\/g1.globo.com\/turismo-e-viagem\/noticia\/2023\/10\/26\/resort-de-luxo-com-36-restaurantes-em-las-vegas-levou-23-anos-para-ficar-pronto-veja-fotos.ghtml\">Conhe\u00e7a o resort de luxo que levou 23 anos para ser constru\u00eddo em Las Vegas<\/a><\/li>\n<\/ul>\n<p> O an\u00fancio foi divulgado pelo governo, na \u00faltima quarta-feira (25), durante um evento com a Associa\u00e7\u00e3o Brasileira das Empresas A\u00e9reas (ABEAR) e representantes de companhias a\u00e9reas em atividade no Brasil. <\/p>\n<p> &quot;Este \u00e9 mais um resultado da parceria do poder p\u00fablico com a iniciativa privada no sentido de proporcionar que mais brasileiros cheguem a destinos nacionais, que, cabe frisar, j\u00e1 s\u00e3o atendidos por outros voos. E significa, tamb\u00e9m, o aumento da conectividade a\u00e9rea com outros pa\u00edses, permitindo, ainda, o refor\u00e7o da chegada de estrangeiros ao territ\u00f3rio nacional\u201d, afirmou o ministro do Turismo, Celso Sabino, durante o encontro. <\/p>\n<p> As novas rotas a\u00e9reas s\u00e3o um desdobramento do programa \u201cConhe\u00e7a o Brasil: Voando\u201d, lan\u00e7ado recentemente pelo Minist\u00e9rio do Turismo e o Minist\u00e9rio de Portos e Aeroportos, em parceria com a ABEAR e empresas a\u00e9reas, para impulsionar o setor de viagens no pa\u00eds. <\/p>\n<p><h2>Assista tamb\u00e9m<\/h2>\n<\/p>\n<p>                   <img loading=\"lazy\" decoding=\"async\" class=\"aligncenter size-full wp-image-54330\" src=\"https:\/\/blog.corretoraideal.com.br\/wp-content\/uploads\/2023\/11\/saiba-quais-sao-os-hoteis-em-que-milionarios-se-hospedam-1.jpeg\" alt=\"Saiba quais s\u00e3o os hot\u00e9is em que milion\u00e1rios se hospedam\" width=\"800\" height=\"400\" \/>      <\/p>\n<p> Saiba quais s\u00e3o os hot\u00e9is em que milion\u00e1rios se hospedam <\/p>\n<p>                    <img loading=\"lazy\" decoding=\"async\" class=\"aligncenter size-full wp-image-54331\" src=\"https:\/\/blog.corretoraideal.com.br\/wp-content\/uploads\/2023\/11\/conheca-o-maior-navio-de-cruzeiro-do-mundo-que-pesa-5-vezes-mais-que-o-titanic-1.jpeg\" alt=\"Conhe\u00e7a o maior navio de cruzeiro do mundo, que pesa 5 vezes mais que o Titanic\" width=\"800\" height=\"400\" \/>      <\/p>\n<p> Conhe\u00e7a o maior navio de cruzeiro do mundo, que pesa 5 vezes mais que o Titanic <\/p>\n<p>                    <img loading=\"lazy\" decoding=\"async\" class=\"aligncenter size-full wp-image-54332\" src=\"https:\/\/blog.corretoraideal.com.br\/wp-content\/uploads\/2023\/11\/veja-os-5-melhores-hoteis-do-mundo-em-2023-segundo-turistas-1.jpeg\" alt=\"Veja os 5 melhores hot\u00e9is do mundo em 2023, segundo turistas\" width=\"800\" height=\"400\" \/>      <\/p>\n<p> Veja os 5 melhores hot\u00e9is do mundo em 2023, segundo turistas <\/p>\n<ul> <\/ul>\n","protected":false},"excerpt":{"rendered":"<p>Veja lista dos 94 voos novos do Brasil para a temporada de ver\u00e3o Segundo o Minist\u00e9rio do Turismo, s\u00e3o 81 trajetos nacionais 13 internacionais, incluindo pa\u00edses como Estados Unidos, \u00c1frica do Sul, Argentina, Uruguai, Peru e Chile. Por g1 28\/10\/2023 10h00 Atualizado 28\/10\/2023 1 de 1&#013;Turistas posam para foto no Obelisco de Buenos Aires \u2014 [&hellip;]<\/p>\n","protected":false},"author":1,"featured_media":0,"comment_status":"closed","ping_status":"closed","sticky":false,"template":"","format":"standard","meta":{"footnotes":""},"categories":[],"tags":[],"class_list":["post-54328","post","type-post","status-publish","format-standard","hentry"],"_links":{"self":[{"href":"https:\/\/blog.corretoraideal.com.br\/index.php\/wp-json\/wp\/v2\/posts\/54328","targetHints":{"allow":["GET"]}}],"collection":[{"href":"https:\/\/blog.corretoraideal.com.br\/index.php\/wp-json\/wp\/v2\/posts"}],"about":[{"href":"https:\/\/blog.corretoraideal.com.br\/index.php\/wp-json\/wp\/v2\/types\/post"}],"author":[{"embeddable":true,"href":"https:\/\/blog.corretoraideal.com.br\/index.php\/wp-json\/wp\/v2\/users\/1"}],"replies":[{"embeddable":true,"href":"https:\/\/blog.corretoraideal.com.br\/index.php\/wp-json\/wp\/v2\/comments?post=54328"}],"version-history":[{"count":1,"href":"https:\/\/blog.corretoraideal.com.br\/index.php\/wp-json\/wp\/v2\/posts\/54328\/revisions"}],"predecessor-version":[{"id":54333,"href":"https:\/\/blog.corretoraideal.com.br\/index.php\/wp-json\/wp\/v2\/posts\/54328\/revisions\/54333"}],"wp:attachment":[{"href":"https:\/\/blog.corretoraideal.com.br\/index.php\/wp-json\/wp\/v2\/media?parent=54328"}],"wp:term":[{"taxonomy":"category","embeddable":true,"href":"https:\/\/blog.corretoraideal.com.br\/index.php\/wp-json\/wp\/v2\/categories?post=54328"},{"taxonomy":"post_tag","embeddable":true,"href":"https:\/\/blog.corretoraideal.com.br\/index.php\/wp-json\/wp\/v2\/tags?post=54328"}],"curies":[{"name":"wp","href":"https:\/\/api.w.org\/{rel}","templated":true}]}}