{"id":54345,"date":"2023-11-02T17:19:41","date_gmt":"2023-11-02T17:19:41","guid":{"rendered":"https:\/\/blog.corretoraideal.com.br\/?p=54345"},"modified":"2023-11-02T17:19:41","modified_gmt":"2023-11-02T17:19:41","slug":"meia-noite-no-museu-em-campos-tera-visita-guiada-no-cemiterio-do-caju-e-no-solar-do-visconde-de-araruama-norte-fluminense-g1","status":"publish","type":"post","link":"https:\/\/blog.corretoraideal.com.br\/index.php\/2023\/11\/02\/meia-noite-no-museu-em-campos-tera-visita-guiada-no-cemiterio-do-caju-e-no-solar-do-visconde-de-araruama-norte-fluminense-g1\/","title":{"rendered":"&#039;Meia Noite no Museu&#039;, em Campos, ter\u00e1 visita guiada no Cemit\u00e9rio do Caju e no Solar do Visconde de Araruama | Norte Fluminense | G1"},"content":{"rendered":"<br \/>\n<h1>&#039;Meia Noite no Museu&#039;, em Campos, ter\u00e1 visita guiada no Cemit\u00e9rio do Caju e no Solar do Visconde de Araruama<\/h1>\n<h2>Evento ocorre nesta quarta-feira (1\u00ba), com visita no cemit\u00e9rio \u00e0 tarde, mediante inscri\u00e7\u00e3o pela internet, e evento no Museu \u00e0 noite, com entrada solid\u00e1ria, por meio da troca de 1 kg de alimento n\u00e3o-perec\u00edvel por uma pulseira.<\/h2>\n<p> Por g1 &mdash; Campos <\/p>\n<p>  31\/10\/2023 18h06    Atualizado  01\/11\/2023    <\/p>\n<p>                      1 de 1&#013;Projeto Meia Noite no museu em Campos \u2014 Foto: Ant\u00f4nio Filho\/Prefeitura de Campos    <\/p>\n<p> Projeto Meia Noite no museu em Campos \u2014 Foto: Ant\u00f4nio Filho\/Prefeitura de Campos <\/p>\n<p> A quarta edi\u00e7\u00e3o do \u201cMeia Noite no Museu\u201d, projeto do Museu Hist\u00f3rico de <a class href=\"https:\/\/g1.globo.com\/rj\/norte-fluminense\/cidade\/campos-dos-goytacazes\/\">Campos dos Goytacazes<\/a> (MHCG), no Norte Fluminense, vai ter visita guiada ao Cemit\u00e9rio do Caju e no Solar do Visconde de Araruama, na Pra\u00e7a do Sant\u00edssimo Salvador, nesta quarta-feira (1\u00ba). <\/p>\n<p> A visita no cemit\u00e9rio, o maior do interior do Rio, ser\u00e1 guiada pela historiadora Sylvia Paes e vai ocorrer \u00e0s 14h,<a class href=\"https:\/\/docs.google.com\/forms\/d\/e\/1FAIpQLSd0ilWWfk-5nRTWqd4-RVTjp31bPzTIn8G5BFCbgiHELfUXOQ\/viewform\" target=\"_blank\" rel=\"noopener noreferrer\"> mediante inscri\u00e7\u00e3o pr\u00e9via pela internet<\/a>, que \u00e9 gratuita. Podem participar pessoas maiores de 16 anos. <\/p>\n<p> J\u00e1 no Museu, as atividades come\u00e7am a partir das 20h, com entrada solid\u00e1ria, bastando trocar 1 kg de alimento n\u00e3o-perec\u00edvel por uma pulseira. A pulseira poder\u00e1 ser retirada na recep\u00e7\u00e3o do Museu, por pessoas maiores de 16 anos. <\/p>\n<p> O evento \u00e9 realizado pela Funda\u00e7\u00e3o Cultural Jornalista Oswaldo Lima (FCJOL). <\/p>\n<p><h2>Programa\u00e7\u00e3o no Museu (quarta)<\/h2>\n<\/p>\n<ul>\n<li><strong>20h &#8211; <\/strong>Exibi\u00e7\u00e3o do curta &quot;O Saci&quot;, \u00faltimo filme dirigido por Jos\u00e9 Mojica Marins, o Z\u00e9 do Caix\u00e3o, seguido de debate com Wellington Cordeiro, no audit\u00f3rio Maria Helena Gomes. Em seguida, o Coletivo Campista de RPG (Cocar) realizar\u00e1 sess\u00f5es at\u00e9 \u00e0s 23h.<\/li>\n<li><strong>21h &#8211; <\/strong>Ser\u00e3o iniciadas as visitas guiadas aterrorizantes pelo Museu, com encena\u00e7\u00f5es de \u201cAssassinato de Donana Pimenta\u201d, \u201cRua das Cabe\u00e7as\u201d e a \u201cMorte do Bar\u00e3o da Lagoa Dourada\u201d, feitas pelo Curso de Capacita\u00e7\u00e3o Teatral Letras em Movimento, sob a dire\u00e7\u00e3o de Guilherme Freytas.<\/li>\n<li><strong>DJ &#8211; <\/strong>A \u00faltima atra\u00e7\u00e3o ser\u00e1 o DJ Romualdo Braga, com o \u201cSom de Arrepiar\u201d. <\/li>\n<li><strong>Caracteriza\u00e7\u00e3o &#8211;<\/strong> Quem quiser se caracterizar, para entrar no clima do evento, poder\u00e1 contar com os alunos de Licenciatura em Teatro do Instituto Federal Fluminense (IFF).<\/li>\n<\/ul>\n<p> \u201cSer\u00e1 um dia especial, no qual combinaremos o universo dos filmes de terror e a educa\u00e7\u00e3o patrimonial, tanto na visita ao Cemit\u00e9rio do Caju quanto nas atividades do Museu. Esperamos pela comunidade, com a expectativa de registrarmos o maior p\u00fablico da hist\u00f3ria do \u2018Meia Noite no Museu\u2019, um dos projetos mais prestigiados do calend\u00e1rio de eventos do munic\u00edpio\u201d, ressalta a presidente da FCJOL, Auxiliadora Freitas. <\/p>\n<p> A coordenadora do MHCG, Graziela Escocard, tamb\u00e9m detalha suas expectativas para o evento. \u201cO projeto \u2018aproxima o p\u00fablico da nossa hist\u00f3ria regional, por interm\u00e9dio do teatro, m\u00fasica, artes visuais, cinema e outras linguagens. Al\u00e9m disso, essa \u00e9 mais uma a\u00e7\u00e3o que expressa o ide\u00e1rio conceitual da gest\u00e3o do Museu, que est\u00e1 assentado na vis\u00e3o de aproxima\u00e7\u00e3o com a comunidade campista, trazendo-a para dentro de sua pr\u00f3pria hist\u00f3ria\u201d, pontua. <\/p>\n<ul>\n<li> <a href=\"https:\/\/g1.globo.com\/rj\/norte-fluminense\/cidade\/campos-dos-goytacazes\/\" class=\"entities__list-itemLink\" data-track-click=\"Campos dos Goytacazes\"> Campos dos Goytacazes <\/a> <\/li>\n<\/ul>\n","protected":false},"excerpt":{"rendered":"<p>&#039;Meia Noite no Museu&#039;, em Campos, ter\u00e1 visita guiada no Cemit\u00e9rio do Caju e no Solar do Visconde de Araruama Evento ocorre nesta quarta-feira (1\u00ba), com visita no cemit\u00e9rio \u00e0 tarde, mediante inscri\u00e7\u00e3o pela internet, e evento no Museu \u00e0 noite, com entrada solid\u00e1ria, por meio da troca de 1 kg de alimento n\u00e3o-perec\u00edvel por [&hellip;]<\/p>\n","protected":false},"author":1,"featured_media":0,"comment_status":"closed","ping_status":"closed","sticky":false,"template":"","format":"standard","meta":{"footnotes":""},"categories":[],"tags":[],"class_list":["post-54345","post","type-post","status-publish","format-standard","hentry"],"_links":{"self":[{"href":"https:\/\/blog.corretoraideal.com.br\/index.php\/wp-json\/wp\/v2\/posts\/54345","targetHints":{"allow":["GET"]}}],"collection":[{"href":"https:\/\/blog.corretoraideal.com.br\/index.php\/wp-json\/wp\/v2\/posts"}],"about":[{"href":"https:\/\/blog.corretoraideal.com.br\/index.php\/wp-json\/wp\/v2\/types\/post"}],"author":[{"embeddable":true,"href":"https:\/\/blog.corretoraideal.com.br\/index.php\/wp-json\/wp\/v2\/users\/1"}],"replies":[{"embeddable":true,"href":"https:\/\/blog.corretoraideal.com.br\/index.php\/wp-json\/wp\/v2\/comments?post=54345"}],"version-history":[{"count":1,"href":"https:\/\/blog.corretoraideal.com.br\/index.php\/wp-json\/wp\/v2\/posts\/54345\/revisions"}],"predecessor-version":[{"id":54347,"href":"https:\/\/blog.corretoraideal.com.br\/index.php\/wp-json\/wp\/v2\/posts\/54345\/revisions\/54347"}],"wp:attachment":[{"href":"https:\/\/blog.corretoraideal.com.br\/index.php\/wp-json\/wp\/v2\/media?parent=54345"}],"wp:term":[{"taxonomy":"category","embeddable":true,"href":"https:\/\/blog.corretoraideal.com.br\/index.php\/wp-json\/wp\/v2\/categories?post=54345"},{"taxonomy":"post_tag","embeddable":true,"href":"https:\/\/blog.corretoraideal.com.br\/index.php\/wp-json\/wp\/v2\/tags?post=54345"}],"curies":[{"name":"wp","href":"https:\/\/api.w.org\/{rel}","templated":true}]}}