{"id":54352,"date":"2023-11-02T19:27:09","date_gmt":"2023-11-02T19:27:09","guid":{"rendered":"https:\/\/blog.corretoraideal.com.br\/?p=54352"},"modified":"2023-11-02T19:27:09","modified_gmt":"2023-11-02T19:27:09","slug":"reforma-tributaria-haddad-admite-que-novas-excecoes-elevam-aliquota-padrao-do-iva-para-ate-275-economia-g1","status":"publish","type":"post","link":"https:\/\/blog.corretoraideal.com.br\/index.php\/2023\/11\/02\/reforma-tributaria-haddad-admite-que-novas-excecoes-elevam-aliquota-padrao-do-iva-para-ate-275-economia-g1\/","title":{"rendered":"Reforma tribut\u00e1ria: Haddad admite que novas exce\u00e7\u00f5es elevam al\u00edquota padr\u00e3o do IVA para at\u00e9 27,5% | Economia | G1"},"content":{"rendered":"<br \/>\n<h1>Reforma tribut\u00e1ria: Haddad admite que novas exce\u00e7\u00f5es elevam al\u00edquota padr\u00e3o do IVA para at\u00e9 27,5%<\/h1>\n<h2>Exce\u00e7\u00f5es foram inclu\u00eddas pelo relator da reforma tribut\u00e1ria no Senado Federal, Eduardo Braga (MDB-AM). Ministro da Fazenda se encontrou com o parlamentar nesta quinta-feira (2). <\/h2>\n<p> Por Alexandro Martello, g1 &mdash; Bras\u00edlia <\/p>\n<p>  02\/11\/2023 14h15    Atualizado  02\/11\/2023    <\/p>\n<p>                   1 de 1&#013;Ministro da Fazenda conversa com jornalistas \u2014 Foto: Alexandro Martello    <\/p>\n<p> Ministro da Fazenda conversa com jornalistas \u2014 Foto: Alexandro Martello <\/p>\n<p> O ministro da Fazenda, <a class href=\"https:\/\/g1.globo.com\/politica\/politico\/fernando-haddad\/\">Fernando Haddad<\/a>, admitiu nesta quinta-feira (2) que as novas exce\u00e7\u00f5es de benef\u00edcios inclu\u00eddas pelo relator no Senado, Eduardo Braga (MDB-AM), <strong>elevam a al\u00edquota padr\u00e3o do futuro imposto sobre valor agregado (federal, estadual e municipal) para at\u00e9 27,5%.<\/strong> <\/p>\n<p> A primeira vers\u00e3o do relat\u00f3rio da reforma tribut\u00e1ria no Senado Federal foi <a class href=\"https:\/\/g1.globo.com\/economia\/noticia\/2023\/10\/26\/reforma-tributaria-o-que-dizem-especialistas-sobre-novo-texto.ghtml\">apresentada por Braga no fim de outubro. <\/a>O texto traz algumas exce\u00e7\u00f5es, ou seja, regimes especiais de cobran\u00e7a de impostos \u2014 ou seja, redu\u00e7\u00e3o ou defini\u00e7\u00e3o espec\u00edfica de tributos para determinadas atividades em compara\u00e7\u00e3o com a al\u00edquota padr\u00e3o (veja mais abaixo). A expectativa \u00e9 que o relat\u00f3rio seja votado em novembro. <\/p>\n<p> Segundo Haddad, esse conjunto de exce\u00e7\u00f5es <strong>representa um aumento de 0,5 ponto percentual<\/strong> em rela\u00e7\u00e3o ao texto que passou na C\u00e2mara dos Deputados, que segundo a \u00e1rea t\u00e9cnica do Minist\u00e9rio da Fazenda, indicava que <a class href=\"https:\/\/g1.globo.com\/economia\/noticia\/2023\/08\/08\/excecoes-na-reforma-tributaria-podem-elevar-o-iva-a-ate-27percent-diz-fazenda.ghtml\">o futuro IVA poderia chegar a at\u00e9 27%.<\/a> <a class href=\"https:\/\/g1.globo.com\/economia\/noticia\/2023\/02\/16\/reforma-tributaria-imposto-de-25percent-sobre-o-consumo-seria-um-dos-maiores-do-mundo.ghtml\">Essa j\u00e1 seria uma das al\u00edquotas mais altas do mundo.<\/a> A declara\u00e7\u00e3o do ministro foi dada ap\u00f3s uma reuni\u00e3o com Braga nesta quinta-feira (2). <\/p>\n<p> Haddad disse ainda que a posi\u00e7\u00e3o do Minist\u00e9rio da Fazenda \u00e9 sempre &quot;restritiva \u00e0s exce\u00e7\u00f5es&quot;, mas que os relatores da proposta na C\u00e2mara e no Senado sabem as dificuldades para aprovar a reforma. <\/p>\n<p>&quot;A posi\u00e7\u00e3o da Fazenda \u00e9 sempre restritiva \u00e0s exce\u00e7\u00f5es [benef\u00edcios a setores da economia]. Isso \u00e9 p\u00fablico, mas tanto Aguinaldo Ribeiro [relator na C\u00e2mara] quanto o Braga [relator no Senado] t\u00eam o compromisso de aprovar a reforma. Eles sabem das dificuldades, sabem dos grupos de interesse que se manifestam ali. Ali, voc\u00ea sabe que o jogo \u00e9 bruto. As pessoas precisam resistir o tanto quanto poss\u00edvel, com bom senso, com argumento, para compor os votos necess\u00e1rios&quot;, declarou Haddad a jornalistas.<\/p>\n<p> O ministro acrescentou que a al\u00edquota m\u00e9dia dos futuros IVA federal, estadual e municipal n\u00e3o ser\u00e1 elevada. Haddad argumentou que, com uma trava para a carga tribut\u00e1ria \u2014 <a class href=\"https:\/\/g1.globo.com\/economia\/noticia\/2023\/11\/02\/reforma-tributaria-mesmo-com-trava-brasil-seguira-entre-paises-com-maior-peso-de-impostos-sobre-consumo.ghtml\">que mesmo assim mant\u00e9m o Brasil entre os pa\u00edses que mais tributam o consumo no mundo<\/a> \u2014 haver\u00e1 redu\u00e7\u00e3o da al\u00edquota m\u00e9dia <a class href=\"https:\/\/g1.globo.com\/economia\/noticia\/2023\/05\/05\/reforma-tributaria-deve-reduzir-sonegacao-e-estimular-investimentos-estrangeiros-diz-secretario-da-fazenda.ghtml\">por conta da diminui\u00e7\u00e3o de lit\u00edgios e redu\u00e7\u00e3o da sonega\u00e7\u00e3o. <\/a> <\/p>\n<p> O senador Eduardo Braga afirmou n\u00e3o acreditar que houve aumento das exce\u00e7\u00f5es (benef\u00edcios a setores da economia) em seu relat\u00f3rio e lembrou que seu texto prop\u00f5e a revis\u00e3o de setores com regime diferenciado a cada cinco anos. <\/p>\n<p> \u201cAo contr\u00e1rio. O Senado metricamente fez redu\u00e7\u00f5es de exce\u00e7\u00f5es, e inclu\u00edmos algumas que s\u00e3o absolutamente necess\u00e1rias. Entre elas, saneamento p\u00fablico, um dos grandes d\u00e9ficits sociais desse pa\u00eds. Acho que o senado est\u00e1 fazendo a contribui\u00e7\u00e3o na reforma tribut\u00e1ria de forma equilibrada\u201d, declarou o senador. <\/p>\n<p><h2>Exce\u00e7\u00f5es<\/h2>\n<\/p>\n<p> Na nova vers\u00e3o do texto, o relator da reforma tribut\u00e1ria no Senado prop\u00f4s um regime diferenciado em alguns setores: <\/p>\n<ul>\n<li>opera\u00e7\u00f5es alcan\u00e7adas por tratado ou conven\u00e7\u00e3o internacional, inclusive miss\u00f5es diplom\u00e1ticas e representa\u00e7\u00f5es consulares e de organismos internacionais;<\/li>\n<li>servi\u00e7os de saneamento e de concess\u00e3o de rodovias;<\/li>\n<li>opera\u00e7\u00f5es que envolvam a disponibiliza\u00e7\u00e3o da estrutura compartilhada dos servi\u00e7os de telecomunica\u00e7\u00f5es;<\/li>\n<li>servi\u00e7os de ag\u00eancia de viagem e turismo;<\/li>\n<li>e transporte coletivo de passageiros rodovi\u00e1rios intermunicipal e interestadual, ferrovi\u00e1rio, hidrovi\u00e1rio e a\u00e9reo.<\/li>\n<\/ul>\n<p> Ao mesmo tempo, o relat\u00f3rio tamb\u00e9m prev\u00ea que alguns setores da economia pagar\u00e3o 40% da al\u00edquota padr\u00e3o (cobrada de todos os segmentos da economia). S\u00e3o eles: <\/p>\n<ul>\n<li>servi\u00e7os de transporte p\u00fablico coletivo urbano, semiurbano ou metropolitano;<\/li>\n<li>servi\u00e7os de sa\u00fade;<\/li>\n<li>servi\u00e7os de educa\u00e7\u00e3o;<\/li>\n<li>alimentos destinados ao consumo humano;<\/li>\n<li>produtos de higiene pessoal e limpeza majoritariamente consumidos por fam\u00edlias de baixa renda;<\/li>\n<li>produtos agropecu\u00e1rios, pesqueiros, florestais e extrativistas vegetais in natura;<\/li>\n<li>insumos agropecu\u00e1rios e aqu\u00edcolas;<\/li>\n<li>produ\u00e7\u00f5es art\u00edsticas, culturais, jornal\u00edsticas e audiovisuais nacionais, atividades desportivas e comunica\u00e7\u00e3o institucional;<\/li>\n<li>dispositivos m\u00e9dicos;<\/li>\n<li>dispositivos de acessibilidade para pessoas com defici\u00eancia;<\/li>\n<li>bens e servi\u00e7os relacionados a soberania e seguran\u00e7a nacional, seguran\u00e7a da informa\u00e7\u00e3o e seguran\u00e7a cibern\u00e9tica;<\/li>\n<li>medicamentos;<\/li>\n<li>produtos de cuidados b\u00e1sicos \u00e0 sa\u00fade menstrual.<\/li>\n<\/ul>\n<p> Pela proposta do relator da reforma tribut\u00e1ria, esses benef\u00edcios a determinados setores da economia <a class href=\"https:\/\/g1.globo.com\/economia\/noticia\/2023\/10\/25\/reforma-tributaria-relator-no-senado-propoe-mais-recursos-para-estados-e-revisao-de-beneficios-a-setores-a-cada-5-anos.ghtml\">seriam revisados a cada cinco anos com base em metas de desempenho econ\u00f4micas, sociais e ambientais, entre outros.<\/a> <\/p>\n<p> O relator tamb\u00e9m prop\u00f4s que os <a class href=\"https:\/\/g1.globo.com\/economia\/noticia\/2023\/10\/23\/reforma-tributaria-relator-diz-que-profissionais-liberais-deverao-ter-uma-aliquota-menor-de-imposto-sobre-consumo.ghtml\">profissionais liberais, como advogados, engenheiros e contadores, por exemplo, tenham uma al\u00edquota diferenciada<\/a>, menor do que a tributa\u00e7\u00e3o geral de todos os setores. <strong>Essa tributa\u00e7\u00e3o seria de 70% do valor da al\u00edquota geral (que pode chegar a 27%).<\/strong> <\/p>\n<p><h2>Reforma tribut\u00e1ria<\/h2>\n<\/p>\n<p> Discutido h\u00e1 d\u00e9cadas e muito aguardado pelo setor produtivo, a reforma tribut\u00e1ria \u00e9 considerada priorit\u00e1ria pelo governo Lula para aproximar as regras brasileiras do resto do mundo e reformar um sistema que \u00e9 tido como ca\u00f3tico por empres\u00e1rios e investidores. <\/p>\n<p> Analistas estimam que a reforma tribut\u00e1ria sobre o consumo tem potencial para elevar o PIB potencial do Brasil em no m\u00ednimo 10% nas pr\u00f3ximas d\u00e9cadas. <\/p>\n<p> Em linhas gerais, a proposta inicial estabelece a extin\u00e7\u00e3o de cinco tributos: <\/p>\n<ul>\n<li>IPI, PIS e Cofins (federais);<\/li>\n<li>ICMS (estadual);<\/li>\n<li>e ISS (municipal).<\/li>\n<\/ul>\n<p> No lugar, seriam criados dois Impostos sobre Valor Agregado (IVAs) \u2014 um gerenciado pela Uni\u00e3o (CBS), e outro com gest\u00e3o compartilhada entre estados e munic\u00edpios (IBS), al\u00e9m de um imposto seletivo, sobre produtos nocivos \u00e0 sa\u00fade, com cigarros e bebidas alco\u00f3licas, e uma CIDE para manter a competitividade da Zona Franca de Manaus. <\/p>\n<ul>\n<li> <a href=\"https:\/\/g1.globo.com\/politica\/politico\/fernando-haddad\/\" class=\"entities__list-itemLink\" data-track-click=\"Fernando Haddad\"> Fernando Haddad <\/a> <\/li>\n<\/ul>\n","protected":false},"excerpt":{"rendered":"<p>Reforma tribut\u00e1ria: Haddad admite que novas exce\u00e7\u00f5es elevam al\u00edquota padr\u00e3o do IVA para at\u00e9 27,5% Exce\u00e7\u00f5es foram inclu\u00eddas pelo relator da reforma tribut\u00e1ria no Senado Federal, Eduardo Braga (MDB-AM). Ministro da Fazenda se encontrou com o parlamentar nesta quinta-feira (2). Por Alexandro Martello, g1 &mdash; Bras\u00edlia 02\/11\/2023 14h15 Atualizado 02\/11\/2023 1 de 1&#013;Ministro da Fazenda [&hellip;]<\/p>\n","protected":false},"author":1,"featured_media":0,"comment_status":"closed","ping_status":"closed","sticky":false,"template":"","format":"standard","meta":{"footnotes":""},"categories":[],"tags":[],"class_list":["post-54352","post","type-post","status-publish","format-standard","hentry"],"_links":{"self":[{"href":"https:\/\/blog.corretoraideal.com.br\/index.php\/wp-json\/wp\/v2\/posts\/54352","targetHints":{"allow":["GET"]}}],"collection":[{"href":"https:\/\/blog.corretoraideal.com.br\/index.php\/wp-json\/wp\/v2\/posts"}],"about":[{"href":"https:\/\/blog.corretoraideal.com.br\/index.php\/wp-json\/wp\/v2\/types\/post"}],"author":[{"embeddable":true,"href":"https:\/\/blog.corretoraideal.com.br\/index.php\/wp-json\/wp\/v2\/users\/1"}],"replies":[{"embeddable":true,"href":"https:\/\/blog.corretoraideal.com.br\/index.php\/wp-json\/wp\/v2\/comments?post=54352"}],"version-history":[{"count":1,"href":"https:\/\/blog.corretoraideal.com.br\/index.php\/wp-json\/wp\/v2\/posts\/54352\/revisions"}],"predecessor-version":[{"id":54354,"href":"https:\/\/blog.corretoraideal.com.br\/index.php\/wp-json\/wp\/v2\/posts\/54352\/revisions\/54354"}],"wp:attachment":[{"href":"https:\/\/blog.corretoraideal.com.br\/index.php\/wp-json\/wp\/v2\/media?parent=54352"}],"wp:term":[{"taxonomy":"category","embeddable":true,"href":"https:\/\/blog.corretoraideal.com.br\/index.php\/wp-json\/wp\/v2\/categories?post=54352"},{"taxonomy":"post_tag","embeddable":true,"href":"https:\/\/blog.corretoraideal.com.br\/index.php\/wp-json\/wp\/v2\/tags?post=54352"}],"curies":[{"name":"wp","href":"https:\/\/api.w.org\/{rel}","templated":true}]}}