{"id":54355,"date":"2023-11-02T19:35:34","date_gmt":"2023-11-02T19:35:34","guid":{"rendered":"https:\/\/blog.corretoraideal.com.br\/?p=54355"},"modified":"2023-11-02T19:35:34","modified_gmt":"2023-11-02T19:35:34","slug":"instagram-apresenta-instabilidade-nesta-quinta-tecnologia-g1-2","status":"publish","type":"post","link":"https:\/\/blog.corretoraideal.com.br\/index.php\/2023\/11\/02\/instagram-apresenta-instabilidade-nesta-quinta-tecnologia-g1-2\/","title":{"rendered":"Instagram apresenta instabilidade nesta quinta | Tecnologia | G1"},"content":{"rendered":"<br \/>\n<h1>Instagram apresenta instabilidade nesta quinta<\/h1>\n<h2>Usu\u00e1rios relataram dificuldades de acesso e problemas de conex\u00e3o no aplicativo. A meta, empresa respons\u00e1vel pelo Instagram, ainda n\u00e3o se pronunciou sobre a falha. <\/h2>\n<p> Por g1 <\/p>\n<p>  02\/11\/2023 11h26    Atualizado  02\/11\/2023    <\/p>\n<p>                      1 de 5&#013;\u00cdcone do Instagram. \u2014 Foto: REUTERS\/Thomas White    <\/p>\n<p> \u00cdcone do Instagram. \u2014 Foto: REUTERS\/Thomas White <\/p>\n<p> Usu\u00e1rios do <a class href=\"https:\/\/g1.globo.com\/tudo-sobre\/instagram\/\">Instagram<\/a> relataram dificuldades para acessar o aplicativo na manh\u00e3 desta quinta-feira (02). <\/p>\n<p> O site Downdetector, que re\u00fane relatos de instabilidade em v\u00e1rios pa\u00edses, registrou problemas a partir das 10h45 (hor\u00e1rio de Bras\u00edlia) com mais de 500 reclama\u00e7\u00f5es. No Brasil, as queixas aumentaram \u00e0s 11h, com mais de 2 mil notifica\u00e7\u00f5es. <\/p>\n<p> A meta, empresa respons\u00e1vel pelo Instagram, foi procurada pelo <a class href=\"https:\/\/g1.globo.com\/\"><strong>g1<\/strong><\/a> mas n\u00e3o se pronunciou sobre a falha at\u00e9 a publica\u00e7\u00e3o desta mat\u00e9ria. <\/p>\n<p>         2 de 5&#013;Usu\u00e1rios no Brasil relatam instabilidade no Instagram na manh\u00e3 desta quinta-feira \u2014 Foto: Reprodu\u00e7\u00e3o\/ Downdetector    <\/p>\n<p> Usu\u00e1rios no Brasil relatam instabilidade no Instagram na manh\u00e3 desta quinta-feira \u2014 Foto: Reprodu\u00e7\u00e3o\/ Downdetector <\/p>\n<p> Os relatos indicavam dificuldade para acessar o aplicativo m\u00f3vel, fazer login e conseguir conex\u00e3o com o servidor. <\/p>\n<p> No Downdetector, cerca de 69% dos usu\u00e1rios reclamam de dificuldade de acesso no Aplicativo M\u00f3vel, enquanto 18% via Website, e mais 12% na Linha do tempo. <\/p>\n<p> Segundo as queixas no Twitter, o Instagram n\u00e3o estava carregando e ficava fora do ar. <\/p>\n<p>         3 de 5&#013;Pessoas reclamam de queda no Instagram \u2014 Foto: Reprodu\u00e7\u00e3o\/Twitter    <\/p>\n<p> Pessoas reclamam de queda no Instagram \u2014 Foto: Reprodu\u00e7\u00e3o\/Twitter <\/p>\n<p>         4 de 5&#013;Pessoas reclamam de queda no Instagram \u2014 Foto: Reprodu\u00e7\u00e3o\/Twitter    <\/p>\n<p> Pessoas reclamam de queda no Instagram \u2014 Foto: Reprodu\u00e7\u00e3o\/Twitter <\/p>\n<p>         5 de 5&#013;Pessoas reclamam de queda no Instagram \u2014 Foto: Reprodu\u00e7\u00e3o\/Twitter    <\/p>\n<p> Pessoas reclamam de queda no Instagram \u2014 Foto: Reprodu\u00e7\u00e3o\/Twitter <\/p>\n<ul>\n<li> <a href=\"https:\/\/g1.globo.com\/tudo-sobre\/instagram\/\" class=\"entities__list-itemLink\" data-track-click=\"Instagram\"> Instagram <\/a> <\/li>\n<\/ul>\n","protected":false},"excerpt":{"rendered":"<p>Instagram apresenta instabilidade nesta quinta Usu\u00e1rios relataram dificuldades de acesso e problemas de conex\u00e3o no aplicativo. A meta, empresa respons\u00e1vel pelo Instagram, ainda n\u00e3o se pronunciou sobre a falha. Por g1 02\/11\/2023 11h26 Atualizado 02\/11\/2023 1 de 5&#013;\u00cdcone do Instagram. \u2014 Foto: REUTERS\/Thomas White \u00cdcone do Instagram. \u2014 Foto: REUTERS\/Thomas White Usu\u00e1rios do Instagram relataram [&hellip;]<\/p>\n","protected":false},"author":1,"featured_media":0,"comment_status":"closed","ping_status":"closed","sticky":false,"template":"","format":"standard","meta":{"footnotes":""},"categories":[],"tags":[],"class_list":["post-54355","post","type-post","status-publish","format-standard","hentry"],"_links":{"self":[{"href":"https:\/\/blog.corretoraideal.com.br\/index.php\/wp-json\/wp\/v2\/posts\/54355","targetHints":{"allow":["GET"]}}],"collection":[{"href":"https:\/\/blog.corretoraideal.com.br\/index.php\/wp-json\/wp\/v2\/posts"}],"about":[{"href":"https:\/\/blog.corretoraideal.com.br\/index.php\/wp-json\/wp\/v2\/types\/post"}],"author":[{"embeddable":true,"href":"https:\/\/blog.corretoraideal.com.br\/index.php\/wp-json\/wp\/v2\/users\/1"}],"replies":[{"embeddable":true,"href":"https:\/\/blog.corretoraideal.com.br\/index.php\/wp-json\/wp\/v2\/comments?post=54355"}],"version-history":[{"count":1,"href":"https:\/\/blog.corretoraideal.com.br\/index.php\/wp-json\/wp\/v2\/posts\/54355\/revisions"}],"predecessor-version":[{"id":54357,"href":"https:\/\/blog.corretoraideal.com.br\/index.php\/wp-json\/wp\/v2\/posts\/54355\/revisions\/54357"}],"wp:attachment":[{"href":"https:\/\/blog.corretoraideal.com.br\/index.php\/wp-json\/wp\/v2\/media?parent=54355"}],"wp:term":[{"taxonomy":"category","embeddable":true,"href":"https:\/\/blog.corretoraideal.com.br\/index.php\/wp-json\/wp\/v2\/categories?post=54355"},{"taxonomy":"post_tag","embeddable":true,"href":"https:\/\/blog.corretoraideal.com.br\/index.php\/wp-json\/wp\/v2\/tags?post=54355"}],"curies":[{"name":"wp","href":"https:\/\/api.w.org\/{rel}","templated":true}]}}