{"id":54358,"date":"2023-11-02T21:29:36","date_gmt":"2023-11-02T21:29:36","guid":{"rendered":"https:\/\/blog.corretoraideal.com.br\/?p=54358"},"modified":"2023-11-02T21:29:36","modified_gmt":"2023-11-02T21:29:36","slug":"editais-culturais-em-macae-destinam-r-19-mi-para-projetos-de-audiovisual-pela-lei-paulo-gustavo-norte-fluminense-g1","status":"publish","type":"post","link":"https:\/\/blog.corretoraideal.com.br\/index.php\/2023\/11\/02\/editais-culturais-em-macae-destinam-r-19-mi-para-projetos-de-audiovisual-pela-lei-paulo-gustavo-norte-fluminense-g1\/","title":{"rendered":"Editais culturais em Maca\u00e9 destinam R$ 1,9 mi para projetos de audiovisual pela Lei Paulo Gustavo | Norte Fluminense | G1"},"content":{"rendered":"<br \/>\n<h1>Editais culturais em Maca\u00e9 destinam R$ 1,9 mi para projetos de audiovisual pela Lei Paulo Gustavo<\/h1>\n<h2>S\u00e3o dois editais abertos com inscri\u00e7\u00f5es gratuitas entre 16 e 26 de novembro. O \u00faltimo, publicado na quarta-feira (1\u00ba), contempla 47 projetos em oito categorias. <\/h2>\n<p> Por g1 &mdash; Maca\u00e9 <\/p>\n<p>  02\/11\/2023 14h58    Atualizado  02\/11\/2023    <\/p>\n<p> Dois editais culturais lan\u00e7ados pela Prefeitura de Maca\u00e9, no Norte Fluminense, v\u00e3o destinar R$ 1,9 milh\u00e3o para projetos de audiovisual atendendo \u00e0 Lei Complementar Paulo Gustavo (LC195\/2022). <\/p>\n<p> O \u00faltimo edital foi lan\u00e7ado nesta quarta-feira (1\u00ba) e ser\u00e3o 47 projetos contemplados em oito categorias. Produ\u00e7\u00f5es de v\u00eddeo, capacita\u00e7\u00e3o, cinemas de rua e itinerantes entre outras iniciativas podem concorrer. Os valores para cada projeto varia de R$ 5 mil a R$ 100 mil. <\/p>\n<p> O repasse oriundo do Fundo Nacional de Cultura (FNC) \u00e9 enviado a estados e munic\u00edpios para o financiamento de a\u00e7\u00f5es culturais atrav\u00e9s de sele\u00e7\u00e3o p\u00fablica. <\/p>\n<p> O primeiro edital foi publicado em 31 de outubro e <a class href=\"https:\/\/sistemas.macae.rj.gov.br:840\/transparencia\/default\/contratacoes\/mostrarlicitacoes?id=2832\" target=\"_blank\" rel=\"noopener noreferrer\">est\u00e1 dispon\u00edvel para consulta no Portal da Prefeitura<\/a>. O segundo edital <a class href=\"https:\/\/sistemas.macae.rj.gov.br:840\/transparencia\/default\/contratacoes\/mostrarlicitacoes?id=2835\" target=\"_blank\" rel=\"noopener noreferrer\">tamb\u00e9m est\u00e1 dispon\u00edvel com os crit\u00e9rios de participa\u00e7\u00e3o .<\/a> <\/p>\n<p> Juntos, os editais t\u00eam pr\u00eamio total de R$ 1.975 milh\u00e3o. <\/p>\n<p> &quot;Os fazedores de cultura que tiverem as propostas selecionadas ser\u00e3o convocados para assinar o termo de execu\u00e7\u00e3o de ambos os editais e dever\u00e3o apresentar um relat\u00f3rio de execu\u00e7\u00e3o comprovando a realiza\u00e7\u00e3o da proposta ao final do processo&quot;, esclarece a Prefeitura. <\/p>\n<p><h2>Lei Paulo Gustavo <\/h2>\n<\/p>\n<p> A Lei Paulo Gustavo foi criada para apoiar agentes culturais diante dos desafios da pandemia de Covid-19. <\/p>\n<p> &quot;Todos os agentes culturais selecionados dever\u00e3o realizar contrapartida social a ser pactuada com a Administra\u00e7\u00e3o P\u00fablica, inclu\u00edda a obrigatoriedade de realiza\u00e7\u00e3o de exibi\u00e7\u00f5es gratuitas dos conte\u00fados selecionados. A lei estipula ainda que o projeto preveja a\u00e7\u00f5es de acessibilidade, utilizando no m\u00ednimo 10% do or\u00e7amento para este fim. Fora esta obrigatoriedade visando \u00e0 inclus\u00e3o, os editais destinam 20% das vagas para propostas de pessoas negras e 10% para as de pessoas ind\u00edgenas&quot;, explicou a Prefeitura. <\/p>\n<p> A Prefeitura explica ainda que os dois editais para a execu\u00e7\u00e3o da Lei Paulo Gustavo em Maca\u00e9 foram elaborados tendo como base consulta p\u00fablica online e indica\u00e7\u00f5es a partir de um f\u00f3rum presencial, realizado em 20 de maio, pela Secretaria Municipal de Cultura, al\u00e9m de reuni\u00f5es promovidas pelo Conselho Municipal de Pol\u00edticas Culturais com a classe art\u00edstica. <\/p>\n<ul> <\/ul>\n","protected":false},"excerpt":{"rendered":"<p>Editais culturais em Maca\u00e9 destinam R$ 1,9 mi para projetos de audiovisual pela Lei Paulo Gustavo S\u00e3o dois editais abertos com inscri\u00e7\u00f5es gratuitas entre 16 e 26 de novembro. O \u00faltimo, publicado na quarta-feira (1\u00ba), contempla 47 projetos em oito categorias. Por g1 &mdash; Maca\u00e9 02\/11\/2023 14h58 Atualizado 02\/11\/2023 Dois editais culturais lan\u00e7ados pela Prefeitura [&hellip;]<\/p>\n","protected":false},"author":1,"featured_media":0,"comment_status":"closed","ping_status":"closed","sticky":false,"template":"","format":"standard","meta":{"footnotes":""},"categories":[],"tags":[],"class_list":["post-54358","post","type-post","status-publish","format-standard","hentry"],"_links":{"self":[{"href":"https:\/\/blog.corretoraideal.com.br\/index.php\/wp-json\/wp\/v2\/posts\/54358","targetHints":{"allow":["GET"]}}],"collection":[{"href":"https:\/\/blog.corretoraideal.com.br\/index.php\/wp-json\/wp\/v2\/posts"}],"about":[{"href":"https:\/\/blog.corretoraideal.com.br\/index.php\/wp-json\/wp\/v2\/types\/post"}],"author":[{"embeddable":true,"href":"https:\/\/blog.corretoraideal.com.br\/index.php\/wp-json\/wp\/v2\/users\/1"}],"replies":[{"embeddable":true,"href":"https:\/\/blog.corretoraideal.com.br\/index.php\/wp-json\/wp\/v2\/comments?post=54358"}],"version-history":[{"count":1,"href":"https:\/\/blog.corretoraideal.com.br\/index.php\/wp-json\/wp\/v2\/posts\/54358\/revisions"}],"predecessor-version":[{"id":54360,"href":"https:\/\/blog.corretoraideal.com.br\/index.php\/wp-json\/wp\/v2\/posts\/54358\/revisions\/54360"}],"wp:attachment":[{"href":"https:\/\/blog.corretoraideal.com.br\/index.php\/wp-json\/wp\/v2\/media?parent=54358"}],"wp:term":[{"taxonomy":"category","embeddable":true,"href":"https:\/\/blog.corretoraideal.com.br\/index.php\/wp-json\/wp\/v2\/categories?post=54358"},{"taxonomy":"post_tag","embeddable":true,"href":"https:\/\/blog.corretoraideal.com.br\/index.php\/wp-json\/wp\/v2\/tags?post=54358"}],"curies":[{"name":"wp","href":"https:\/\/api.w.org\/{rel}","templated":true}]}}