{"id":54361,"date":"2023-11-02T22:41:54","date_gmt":"2023-11-02T22:41:54","guid":{"rendered":"https:\/\/blog.corretoraideal.com.br\/?p=54361"},"modified":"2023-11-02T22:41:54","modified_gmt":"2023-11-02T22:41:54","slug":"fotos-cachorro-viaja-por-16-paises-e-vira-influenciador-no-instagram-turismo-e-viagem-g1","status":"publish","type":"post","link":"https:\/\/blog.corretoraideal.com.br\/index.php\/2023\/11\/02\/fotos-cachorro-viaja-por-16-paises-e-vira-influenciador-no-instagram-turismo-e-viagem-g1\/","title":{"rendered":"FOTOS: Cachorro viaja por 16 pa\u00edses e vira influenciador no Instagram | Turismo e Viagem | G1"},"content":{"rendered":"<br \/>\n<h1>FOTOS: Cachorro viaja por 16 pa\u00edses e vira influenciador no Instagram<\/h1>\n<h2>Com quase 4 anos, Tofu \u00e9 um c\u00e3o formado em assist\u00eancia polivalente (card\u00edaca + psiqui\u00e1trica) e treinado para cuidar de sua tutora.<\/h2>\n<p> Por Daniela Scalabrini, <a class=\"multi_signatures\" href=\"https:\/\/g1.globo.com\/autores\/fernanda-berlinck\/\">Fernanda Berlinck<\/a>, g1 <\/p>\n<p>  20\/10\/2023 05h40    Atualizado  20\/10\/2023    <\/p>\n<p>                   1 de 8&#013;Cachorrinho Tofu em Praga, na Rep\u00fablica Dominicana \u2014 Foto: Reprodu\u00e7\u00e3o\/ Instagram    <\/p>\n<p> Cachorrinho Tofu em Praga, na Rep\u00fablica Dominicana \u2014 Foto: Reprodu\u00e7\u00e3o\/ Instagram <\/p>\n<p> ? Um cachorrinho malt\u00eas chamado Tofu virou hit na internet. Isto porque o perfil do animal mostra que, junto com a sua dona, ele j\u00e1 viajou para 16 pa\u00edses diferentes, sempre com looks tem\u00e1ticos de cada lugar. Entre os locais visitados, est\u00e3o: Jap\u00e3o, Turquia, Dinamarca, Gr\u00e9cia, B\u00e9lgica e Estados Unidos. <\/p>\n<p> \u2708\ufe0f As imagens mostram alguns dos mais de 40 voos que ele j\u00e1 fez e o dia a dia do animal. <\/p>\n<p><h2>?\u200d? Quem \u00e9 Tofu<\/h2>\n<\/p>\n<p> \u2764\ufe0f Com quase 4 anos, ele \u00e9 um c\u00e3o formado em assist\u00eancia polivalente (card\u00edaca + psiqui\u00e1trica) para estar apto a cuidar da sua tutora. Tofu nasceu em Taiwan e hoje vive na Alemanha. <\/p>\n<p>         2 de 8&#013;Tofu em viagem ao Jap\u00e3o \u2014 Foto: Reprodu\u00e7\u00e3o\/ Instagram    <\/p>\n<p> Tofu em viagem ao Jap\u00e3o \u2014 Foto: Reprodu\u00e7\u00e3o\/ Instagram <\/p>\n<p> ? Em um dos perfis, que conta com mais de 60 mil seguidores, Tofu d\u00e1 um show de fofura: visita pontos tur\u00edsticos, d\u00e1 dicas de como viajar com animais e traz curiosidades dos lugares que visita. <\/p>\n<p> ? O sucesso \u00e9 tanto que Tofu tem at\u00e9 uma loja online, que conta com cart\u00f5es-postais, chaveiros, fotos, adesivos e muito mais. Al\u00e9m disso, o bichinho virou um verdadeiro influencer digital compartilhando at\u00e9 cupons de desconto. <\/p>\n<ul>\n<li><strong>Dormir com c\u00e3es e gatos \u00e9 perigoso?<\/strong> <a class href=\"https:\/\/g1.globo.com\/pop-arte\/pets\/noticia\/2023\/08\/24\/dormir-com-caes-e-gatos-e-perigoso-especialistas-alertam-sobre-riscos-veja-recomendacoes.ghtml\">Especialistas alertam sobre riscos; veja recomenda\u00e7\u00f5es<\/a><\/li>\n<li><strong>Entenda:<\/strong> <a class href=\"https:\/\/g1.globo.com\/pop-arte\/pets\/noticia\/2023\/07\/09\/os-sinais-que-indicam-que-seu-cachorro-pode-sofrer-de-ansiedade.ghtml\">os sinais que indicam que seu cachorro pode sofrer de ansiedade<\/a><\/li>\n<li><strong>Ra\u00e7\u00e3o x comida natural:<\/strong> <a class href=\"https:\/\/g1.globo.com\/pop-arte\/pets\/noticia\/2023\/05\/16\/racao-x-comida-natural-entenda-o-que-dizem-veterinarios-sobre-alimentacao-de-pets.ghtml\">entenda o que dizem veterin\u00e1rios sobre alimenta\u00e7\u00e3o de pets<\/a><\/li>\n<\/ul>\n<p> <strong>?A seguir, veja uma s\u00e9rie de fotos das aventuras de Tofu: <\/strong> <\/p>\n<p>         3 de 8&#013;Tofu na Turquia \u2014 Foto: Reprodu\u00e7\u00e3o\/ Instagram    <\/p>\n<p> Tofu na Turquia \u2014 Foto: Reprodu\u00e7\u00e3o\/ Instagram <\/p>\n<p>         4 de 8&#013;Tofu viajando para a Su\u00ed\u00e7a \u2014 Foto: Reprodu\u00e7\u00e3o\/ Instagram    <\/p>\n<p> Tofu viajando para a Su\u00ed\u00e7a \u2014 Foto: Reprodu\u00e7\u00e3o\/ Instagram <\/p>\n<p>         5 de 8&#013;Tofu visitando Berlim, na Alemanha \u2014 Foto: Reprodu\u00e7\u00e3o\/ Instagram    <\/p>\n<p> Tofu visitando Berlim, na Alemanha \u2014 Foto: Reprodu\u00e7\u00e3o\/ Instagram <\/p>\n<p>         6 de 8&#013;Tofu em viagem a Frankfurt, na Alemanha \u2014 Foto: Reprod\u00e7\u00e3o\/ Instagram    <\/p>\n<p> Tofu em viagem a Frankfurt, na Alemanha \u2014 Foto: Reprod\u00e7\u00e3o\/ Instagram <\/p>\n<p>         7 de 8&#013;Tofu com a dona visitando Los Angeles, na Calif\u00f3rnia \u2014 Foto: Reprodu\u00e7\u00e3o\/ Instagram    <\/p>\n<p> Tofu com a dona visitando Los Angeles, na Calif\u00f3rnia \u2014 Foto: Reprodu\u00e7\u00e3o\/ Instagram <\/p>\n<p>         8 de 8&#013;Tofu passeando pela Holanda \u2014 Foto: Reprodu\u00e7\u00e3o\/ Redes Sociais    <\/p>\n<p> Tofu passeando pela Holanda \u2014 Foto: Reprodu\u00e7\u00e3o\/ Redes Sociais <\/p>\n<ul> <\/ul>\n","protected":false},"excerpt":{"rendered":"<p>FOTOS: Cachorro viaja por 16 pa\u00edses e vira influenciador no Instagram Com quase 4 anos, Tofu \u00e9 um c\u00e3o formado em assist\u00eancia polivalente (card\u00edaca + psiqui\u00e1trica) e treinado para cuidar de sua tutora. Por Daniela Scalabrini, Fernanda Berlinck, g1 20\/10\/2023 05h40 Atualizado 20\/10\/2023 1 de 8&#013;Cachorrinho Tofu em Praga, na Rep\u00fablica Dominicana \u2014 Foto: Reprodu\u00e7\u00e3o\/ [&hellip;]<\/p>\n","protected":false},"author":1,"featured_media":0,"comment_status":"closed","ping_status":"closed","sticky":false,"template":"","format":"standard","meta":{"footnotes":""},"categories":[],"tags":[],"class_list":["post-54361","post","type-post","status-publish","format-standard","hentry"],"_links":{"self":[{"href":"https:\/\/blog.corretoraideal.com.br\/index.php\/wp-json\/wp\/v2\/posts\/54361","targetHints":{"allow":["GET"]}}],"collection":[{"href":"https:\/\/blog.corretoraideal.com.br\/index.php\/wp-json\/wp\/v2\/posts"}],"about":[{"href":"https:\/\/blog.corretoraideal.com.br\/index.php\/wp-json\/wp\/v2\/types\/post"}],"author":[{"embeddable":true,"href":"https:\/\/blog.corretoraideal.com.br\/index.php\/wp-json\/wp\/v2\/users\/1"}],"replies":[{"embeddable":true,"href":"https:\/\/blog.corretoraideal.com.br\/index.php\/wp-json\/wp\/v2\/comments?post=54361"}],"version-history":[{"count":1,"href":"https:\/\/blog.corretoraideal.com.br\/index.php\/wp-json\/wp\/v2\/posts\/54361\/revisions"}],"predecessor-version":[{"id":54363,"href":"https:\/\/blog.corretoraideal.com.br\/index.php\/wp-json\/wp\/v2\/posts\/54361\/revisions\/54363"}],"wp:attachment":[{"href":"https:\/\/blog.corretoraideal.com.br\/index.php\/wp-json\/wp\/v2\/media?parent=54361"}],"wp:term":[{"taxonomy":"category","embeddable":true,"href":"https:\/\/blog.corretoraideal.com.br\/index.php\/wp-json\/wp\/v2\/categories?post=54361"},{"taxonomy":"post_tag","embeddable":true,"href":"https:\/\/blog.corretoraideal.com.br\/index.php\/wp-json\/wp\/v2\/tags?post=54361"}],"curies":[{"name":"wp","href":"https:\/\/api.w.org\/{rel}","templated":true}]}}