{"id":54367,"date":"2023-11-03T00:31:17","date_gmt":"2023-11-03T00:31:17","guid":{"rendered":"https:\/\/blog.corretoraideal.com.br\/?p=54367"},"modified":"2023-11-03T00:31:17","modified_gmt":"2023-11-03T00:31:17","slug":"cemiterio-jardim-da-saudade-de-sulacap-recebe-visitantes-com-hologramas-e-inteligencia-artificial-de-mortos-rio-de-janeiro-g1","status":"publish","type":"post","link":"https:\/\/blog.corretoraideal.com.br\/index.php\/2023\/11\/03\/cemiterio-jardim-da-saudade-de-sulacap-recebe-visitantes-com-hologramas-e-inteligencia-artificial-de-mortos-rio-de-janeiro-g1\/","title":{"rendered":"Cemit\u00e9rio Jardim da Saudade de Sulacap recebe visitantes com hologramas e Intelig\u00eancia Artificial de mortos | Rio de Janeiro | G1"},"content":{"rendered":"<br \/>\n<h1>Cemit\u00e9rio Jardim da Saudade de Sulacap recebe visitantes com hologramas e Intelig\u00eancia Artificial de mortos<\/h1>\n<h2>Intelig\u00eancia Artificial est\u00e1 dispon\u00edvel para todos os visitantes, que podem interagir com fotos de seus familiares, que ganham \u201cvida e movimento\u201d, atrav\u00e9s da novidade. Um das imagens exibidas \u00e9 a da cantora Elza Soares, cujo corpo est\u00e1 sepultado no local.<\/h2>\n<p> Por g1 Rio <\/p>\n<p>  02\/11\/2023 09h38    Atualizado  02\/11\/2023    <\/p>\n<p>                      1 de 2&#013;Cantora Elza Soares em imagens hologr\u00e1ficas no Cemit\u00e9rio Jardim da Saudade \u2014 Foto: Divulga\u00e7\u00e3o Cemit\u00e9rio Jardim da Saudade    <\/p>\n<p> Cantora Elza Soares em imagens hologr\u00e1ficas no Cemit\u00e9rio Jardim da Saudade \u2014 Foto: Divulga\u00e7\u00e3o Cemit\u00e9rio Jardim da Saudade <\/p>\n<p> O Cemit\u00e9rio Jardim da Saudade de Sulacap vai receber os visitantes nesta quinta-feira (2), Dia de Finados, usando muita tecnologia. <\/p>\n<p> Ao longo do dia, quem visitar o t\u00famulo de algum ente querido no local poder\u00e1 conhecer a Sala Hologr\u00e1fica, que exibe hologramas (imagens tridimensionais em tamanho humano), incluindo o da cantora Elza Soares &#8211; sepultada no local em 2022, e de outras fam\u00edlias que aceitaram participar da a\u00e7\u00e3o. <\/p>\n<p> A Intelig\u00eancia Artificial est\u00e1 dispon\u00edvel para todos os visitantes, que podem interagir com fotos de seus familiares, que ganhar\u00e3o \u201cvida e movimento\u201d, atrav\u00e9s da novidade. <\/p>\n<p> Um concerto de piano hologr\u00e1fico tamb\u00e9m \u00e9 apresentado ao longo do dia atrav\u00e9s do holograma do pianista Alfredo Sert\u00e3. <\/p>\n<p>                   <img loading=\"lazy\" decoding=\"async\" class=\"aligncenter size-full wp-image-54369\" src=\"https:\/\/blog.corretoraideal.com.br\/wp-content\/uploads\/2023\/11\/cemiterio-do-rio-recebe-visitantes-com-hologramas-de-familiares-falecidos.jpeg\" alt=\"Cemit\u00e9rio do Rio recebe visitantes com hologramas de familiares falecidos\" width=\"800\" height=\"400\" \/>      <\/p>\n<p> Cemit\u00e9rio do Rio recebe visitantes com hologramas de familiares falecidos <\/p>\n<p>          2 de 2&#013;Concerto de Piano Hologr\u00e1fico \u00e9 apresentado atrav\u00e9s do holograma do pianista Alfredo Sert\u00e3 \u2014 Foto: Divulga\u00e7\u00e3o \/ Cemit\u00e9rio Jardim da Saudade    <\/p>\n<p> Concerto de Piano Hologr\u00e1fico \u00e9 apresentado atrav\u00e9s do holograma do pianista Alfredo Sert\u00e3 \u2014 Foto: Divulga\u00e7\u00e3o \/ Cemit\u00e9rio Jardim da Saudade <\/p>\n<p><h2>Servi\u00e7o<\/h2>\n<\/p>\n<ul>\n<li>Sala Hologr\u00e1fica &#8211; Das 6h \u00e0s 17h<\/li>\n<li>Espa\u00e7o Fotogr\u00e1fico de Intelig\u00eancia Artificial- A partir das 8h<\/li>\n<li>Concerto de Piano Hi-Tech Hologr\u00e1fico- 11:30h<\/li>\n<li>Missa Cat\u00f3lica: 10h e 16h<\/li>\n<li>Endere\u00e7o: Av. Carlos Pontes, 500- Sulacap<\/li>\n<\/ul>\n<ul>\n<li> <a href=\"https:\/\/g1.globo.com\/rj\/rio-de-janeiro\/cidade\/rio-de-janeiro\/\" class=\"entities__list-itemLink\" data-track-click=\"Rio de Janeiro\"> Rio de Janeiro <\/a> <\/li>\n<\/ul>\n","protected":false},"excerpt":{"rendered":"<p>Cemit\u00e9rio Jardim da Saudade de Sulacap recebe visitantes com hologramas e Intelig\u00eancia Artificial de mortos Intelig\u00eancia Artificial est\u00e1 dispon\u00edvel para todos os visitantes, que podem interagir com fotos de seus familiares, que ganham \u201cvida e movimento\u201d, atrav\u00e9s da novidade. Um das imagens exibidas \u00e9 a da cantora Elza Soares, cujo corpo est\u00e1 sepultado no local. [&hellip;]<\/p>\n","protected":false},"author":1,"featured_media":0,"comment_status":"closed","ping_status":"closed","sticky":false,"template":"","format":"standard","meta":{"footnotes":""},"categories":[],"tags":[],"class_list":["post-54367","post","type-post","status-publish","format-standard","hentry"],"_links":{"self":[{"href":"https:\/\/blog.corretoraideal.com.br\/index.php\/wp-json\/wp\/v2\/posts\/54367","targetHints":{"allow":["GET"]}}],"collection":[{"href":"https:\/\/blog.corretoraideal.com.br\/index.php\/wp-json\/wp\/v2\/posts"}],"about":[{"href":"https:\/\/blog.corretoraideal.com.br\/index.php\/wp-json\/wp\/v2\/types\/post"}],"author":[{"embeddable":true,"href":"https:\/\/blog.corretoraideal.com.br\/index.php\/wp-json\/wp\/v2\/users\/1"}],"replies":[{"embeddable":true,"href":"https:\/\/blog.corretoraideal.com.br\/index.php\/wp-json\/wp\/v2\/comments?post=54367"}],"version-history":[{"count":1,"href":"https:\/\/blog.corretoraideal.com.br\/index.php\/wp-json\/wp\/v2\/posts\/54367\/revisions"}],"predecessor-version":[{"id":54370,"href":"https:\/\/blog.corretoraideal.com.br\/index.php\/wp-json\/wp\/v2\/posts\/54367\/revisions\/54370"}],"wp:attachment":[{"href":"https:\/\/blog.corretoraideal.com.br\/index.php\/wp-json\/wp\/v2\/media?parent=54367"}],"wp:term":[{"taxonomy":"category","embeddable":true,"href":"https:\/\/blog.corretoraideal.com.br\/index.php\/wp-json\/wp\/v2\/categories?post=54367"},{"taxonomy":"post_tag","embeddable":true,"href":"https:\/\/blog.corretoraideal.com.br\/index.php\/wp-json\/wp\/v2\/tags?post=54367"}],"curies":[{"name":"wp","href":"https:\/\/api.w.org\/{rel}","templated":true}]}}