{"id":54376,"date":"2023-11-03T03:35:12","date_gmt":"2023-11-03T03:35:12","guid":{"rendered":"https:\/\/blog.corretoraideal.com.br\/?p=54376"},"modified":"2023-11-03T03:35:12","modified_gmt":"2023-11-03T03:35:12","slug":"bairro-mais-legal-do-mundo-fica-em-cidade-que-ja-deu-nome-a-cartel-de-drogas-mas-hoje-e-exemplo-de-desenvolvimento-turismo-e-viagem-g1","status":"publish","type":"post","link":"https:\/\/blog.corretoraideal.com.br\/index.php\/2023\/11\/03\/bairro-mais-legal-do-mundo-fica-em-cidade-que-ja-deu-nome-a-cartel-de-drogas-mas-hoje-e-exemplo-de-desenvolvimento-turismo-e-viagem-g1\/","title":{"rendered":"Bairro &#039;mais legal do mundo&#039; fica em cidade que j\u00e1 deu nome a cartel de drogas, mas hoje \u00e9 exemplo de desenvolvimento | Turismo e Viagem | G1"},"content":{"rendered":"<br \/>\n<h1>Bairro &#039;mais legal do mundo&#039; fica em cidade que j\u00e1 deu nome a cartel de drogas, mas hoje \u00e9 exemplo de desenvolvimento<\/h1>\n<h2>Lista, divulgada pela &#039;Time Out&#039;, tem 40 bairros, mas nenhum brasileiro. Laureles, o primeiro do ranking em 2023, fica em Medel\u00edn, na Col\u00f4mbia. <\/h2>\n<p> Por g1 &mdash; S\u00e3o Paulo <\/p>\n<p>  19\/10\/2023 12h44    Atualizado  19\/10\/2023    <\/p>\n<p>                      1 de 2&#013;Prefeitura de Medel\u00edn comentora escolha de bairro Laureles como o mais legal do mundo \u2014 Foto: Reprodu\u00e7\u00e3o\/Alcald\u00eda de Medell\u00edn    <\/p>\n<p> Prefeitura de Medel\u00edn comentora escolha de bairro Laureles como o mais legal do mundo \u2014 Foto: Reprodu\u00e7\u00e3o\/Alcald\u00eda de Medell\u00edn <\/p>\n<p> O bairro mais legal do mundo tem vendedores de frutas empurrando seus carrinhos, ruas arborizadas, est\u00fadios de ioga e in\u00fameras cafeterias. <\/p>\n<p> Tem tamb\u00e9m vida noturna agitada na famosa rua La 70: cada bar e restaurante pode se transformar em uma pista de dan\u00e7a com a m\u00fasica certa, segundo a revista &quot;Time Out&quot;, que elegeu Laureles, em Medel\u00edn, na <a class href=\"https:\/\/g1.globo.com\/tudo-sobre\/colombia\/\">Col\u00f4mbia<\/a>, o bairro mais legal do mundo em 2023.  <\/p>\n<p> Divulgada na ter\u00e7a-feira (17), a lista tem 40 nomes de lugares que v\u00e3o da Am\u00e9rica do Sul at\u00e9 a \u00c1frica. Diferentemente do ano passado, quando a <a class href=\"https:\/\/g1.globo.com\/turismo-e-viagem\/noticia\/2022\/10\/13\/vila-madalena-em-sao-paulo-e-a-unica-representante-brasileira-na-lista-de-bairros-mais-legais-do-mundo.ghtml\">Vila Madalena, em S\u00e3o Paulo, fez parte da lista<\/a>, neste ano n\u00e3o h\u00e1 nenhum bairro brasileiro entre os eleitos <strong>(leia lista completa abaixo). <\/strong> <\/p>\n<p><h2>Outras atra\u00e7\u00f5es <\/h2>\n<\/p>\n<p> Em Laureles, h\u00e1, tamb\u00e9m, o est\u00e1dio de futebol Atanasio Girardot, que recebe importantes partidas e shows. Em 2016, <a class href=\"https:\/\/g1.globo.com\/mundo\/noticia\/2016\/11\/medellin-tem-homenagem-vitimas-do-acidente-do-aviao-da-chapecoense.html\">uma homenagem \u00e0s v\u00edtimas do acidente com o voo da Chapecoense<\/a> foi realizada no local. <\/p>\n<p>         2 de 2&#013;Est\u00e1dio Atanasio Girardot, em Medel\u00edn, durante homenagem \u00e0 Chapecoense, em 2016 \u2014 Foto: Reprodu\u00e7\u00e3o\/Bom Dia Brasil    <\/p>\n<p> Est\u00e1dio Atanasio Girardot, em Medel\u00edn, durante homenagem \u00e0 Chapecoense, em 2016 \u2014 Foto: Reprodu\u00e7\u00e3o\/Bom Dia Brasil <\/p>\n<p> Segundo a publica\u00e7\u00e3o, o bairro tem pr\u00e9dios amig\u00e1veis para os n\u00f4mades digitais, como o Indie Universe e o Los Patios Cool Living. <\/p>\n<p> &quot;Laureles ainda tem uma sensa\u00e7\u00e3o tradicional de bairro colombiano, apesar da sua crescente popularidade&quot;, diz a publica\u00e7\u00e3o. <\/p>\n<p> <strong>LEIA MAIS: <\/strong> <\/p>\n<ul>\n<li><a class href=\"https:\/\/g1.globo.com\/mundo\/noticia\/2023\/09\/26\/os-corredores-verdes-de-medellin-para-combater-calor-extremo.ghtml\">Os &#x27;corredores verdes&#x27; de Medell\u00edn para combater calor extremo<\/a><\/li>\n<li><a class href=\"https:\/\/g1.globo.com\/globo-reporter\/noticia\/2017\/07\/medellin-ex-sede-de-cartel-de-drogas-hoje-e-exemplo-de-desenvolvimento.html\">Medell\u00edn, ex-sede de cartel de drogas, \u00e9 exemplo de desenvolvimento<\/a><\/li>\n<\/ul>\n<p><h2>Cidade mudou sua hist\u00f3ria <\/h2>\n<\/p>\n<p> <a class href=\"http:\/\/g1.globo.com\/mundo\/colombia\/cidade\/medellin.html\">Medell\u00edn<\/a>, com mais de 2,5 milh\u00f5es de habitantes e que j\u00e1 deu nome a cartel de drogas, hoje \u00e9 exemplo de desenvolvimento. O metr\u00f4 e os telef\u00e9ricos interligam toda Medell\u00edn. Os morros s\u00e3o acess\u00edveis por pessoas de qualquer lugar da cidade. <\/p>\n<p> Fundada em 1968 em Londres, na Inglaterra, a &quot;Time Out&quot; \u00e9 uma publica\u00e7\u00e3o em revista sobre cidades e turismo que h\u00e1 seis anos elabora a lista. Segundo a publica\u00e7\u00e3o, a escolha dos locais \u00e9 feita da seguinte forma: <\/p>\n<ul>\n<li>Um grupo de pessoas faz suas escolhas pessoais, citando bairros de suas cidades natais. Neste ano, foram 12 mil pessoas opinando; no ano passado, foram 20 mil. <\/li>\n<li>Depois, a publica\u00e7\u00e3o faz uma triagem da lista com base no conhecimento e na experi\u00eancia de editores de cidades e especialistas locais. <\/li>\n<li>Para elaborar e classificar a lista final, a publica\u00e7\u00e3o diz considerar fatores que incluem empreendimentos comunit\u00e1rios e sociais, acesso a espa\u00e7os abertos e verdes e vida urbana pr\u00f3spera. <\/li>\n<\/ul>\n<p>                   <img loading=\"lazy\" decoding=\"async\" class=\"aligncenter size-full wp-image-54378\" src=\"https:\/\/blog.corretoraideal.com.br\/wp-content\/uploads\/2023\/11\/medellin-ex-sede-de-cartel-de-drogas-hoje-e-exemplo-de-desenvolvimento.jpeg\" alt=\"Medell\u00edn, ex sede de cartel de drogas, hoje \u00e9 exemplo de desenvolvimento\" width=\"800\" height=\"400\" \/>      <\/p>\n<p> Medell\u00edn, ex-sede de cartel de drogas, hoje \u00e9 exemplo de desenvolvimento <\/p>\n<p><h2>Veja a lista completa: <\/h2>\n<\/p>\n<li>Laureles &#8211; Medell\u00edn, <strong>Col\u00f4mbia<\/strong><\/li>\n<li>Smithfield &#8211; Dublin, <strong>Irlanda<\/strong><\/li>\n<li>Carabanchel &#8211; Madri, <strong>Espanha <\/strong><\/li>\n<li>Havnen &#8211; Copenhague, <strong>Dinamarca<\/strong><\/li>\n<li>Sheung Wan &#8211; <strong>Hong Kong<\/strong><\/li>\n<li>Brunswick East &#8211; Melbourne, <strong>Austr\u00e1lia<\/strong><\/li>\n<li>Mid-City &#8211; Nova Orleans, <strong>EUA<\/strong><\/li>\n<li>Isola &#8211; Mil\u00e3o, <strong>It\u00e1lia<\/strong><\/li>\n<li>West &#8211; Amsterd\u00e3, <strong>Holanda<\/strong><\/li>\n<li>Tomigaya &#8211; T\u00f3quio, <strong>Jap\u00e3o<\/strong><\/li>\n<li>Baltic Triangle &#8211; Liverpool, <strong>Reino Unido<\/strong><\/li>\n<li>Cours Julien &#8211; Marseille, <strong>Fran\u00e7a<\/strong><\/li>\n<li>Arts District &#8211; Los Angeles, <strong>EUA<\/strong><\/li>\n<li>Chinatown &#8211; <strong>Singapura<\/strong><\/li>\n<li>Fort Greene &#8211; Nova Iorque, <strong>EUA<\/strong><\/li>\n<li>Leith &#8211; Edimburgo, <strong>Esc\u00f3cia<\/strong><\/li>\n<li>Enmore &#8211; Sydney, <strong>Austr\u00e1lia<\/strong><\/li>\n<li>Costa da Caparica &#8211; Almada, <strong>Portugal<\/strong><\/li>\n<li>Hyde Park &#8211; Chicago, <strong>EUA<\/strong><\/li>\n<li>West End &#8211; Glasgow, <strong>Reino Unido<\/strong><\/li>\n<li>Sea Point &#8211; Cidade do Cabo, <strong>\u00c1frica do Sul<\/strong><\/li>\n<li>Neuk\u00f6lln &#8211; Berlin, <strong>Alemanha <\/strong><\/li>\n<li>Haut-Marais &#8211; Paris, <strong>Fran\u00e7a<\/strong><\/li>\n<li>King\u2019s Cross &#8211; Londres, <strong>Reino Unido<\/strong><\/li>\n<li>Hannam-dong &#8211; Seoul, <strong>Coreia do Sul<\/strong> <\/li>\n<li>Coral Gables &#8211; Miami, <strong>EUA<\/strong><\/li>\n<li>Richmond District &#8211; S\u00e3o Francisco, <strong>EUA<\/strong><\/li>\n<li>Vinohrady &#8211; Praga, <strong>Rep\u00fablica Tcheca<\/strong><\/li>\n<li>El Clot &#8211; Barcelona, Spain<\/li>\n<li>San Miguel Chapultepec &#8211; Cidade do M\u00e9xico, <strong>M\u00e9xico<\/strong><\/li>\n<li>Exarcheia &#8211; Atenas, <strong>Gr\u00e9cia<\/strong><\/li>\n<li>Bebek &#8211; Istambul, <strong>Turquia<\/strong><\/li>\n<li>Ponsonby &#8211; Auckland, <strong>Nova Zel\u00e2ndia<\/strong><\/li>\n<li>Zhongshan &#8211; Taipei, <strong>Taiwan<\/strong><\/li>\n<li>Bonifacio Global City (BGC) &#8211; Manila, <strong>Filipinas<\/strong><\/li>\n<li>Downtown &#8211; Montreal, <strong>Canad\u00e1<\/strong><\/li>\n<li>Dotonbori &#8211; Osaka, <strong>Jap\u00e3o<\/strong><\/li>\n<li>The Annex &#8211; Toronto, <strong>Canad\u00e1<\/strong><\/li>\n<li>Song Wat &#8211; Bangkok, <strong>Tail\u00e2ndia<\/strong><\/li>\n<li>Cantonments &#8211; Acra, <strong>Gana <\/strong><\/li>\n<p> <strong>Abaixo, reveja reportagem de 2017 do Globo Rep\u00f3rter sobre Medel\u00edn:<\/strong> <\/p>\n<p>                   <img loading=\"lazy\" decoding=\"async\" class=\"aligncenter size-full wp-image-54378\" src=\"https:\/\/blog.corretoraideal.com.br\/wp-content\/uploads\/2023\/11\/medellin-ex-sede-de-cartel-de-drogas-hoje-e-exemplo-de-desenvolvimento.jpeg\" alt=\"Medell\u00edn, ex sede de cartel de drogas, hoje \u00e9 exemplo de desenvolvimento\" width=\"800\" height=\"400\" \/>      <\/p>\n<p> Medell\u00edn, ex-sede de cartel de drogas, hoje \u00e9 exemplo de desenvolvimento <\/p>\n<ul>\n<li> <a href=\"https:\/\/g1.globo.com\/tudo-sobre\/colombia\/\" class=\"entities__list-itemLink\" data-track-click=\"Col\u00f4mbia\"> Col\u00f4mbia <\/a> <\/li>\n<li> <a href=\"https:\/\/g1.globo.com\/mundo\/colombia\/cidade\/medellin.html\" class=\"entities__list-itemLink\" data-track-click=\"Medell\u00edn\"> Medell\u00edn <\/a> <\/li>\n<\/ul>\n","protected":false},"excerpt":{"rendered":"<p>Bairro &#039;mais legal do mundo&#039; fica em cidade que j\u00e1 deu nome a cartel de drogas, mas hoje \u00e9 exemplo de desenvolvimento Lista, divulgada pela &#039;Time Out&#039;, tem 40 bairros, mas nenhum brasileiro. Laureles, o primeiro do ranking em 2023, fica em Medel\u00edn, na Col\u00f4mbia. Por g1 &mdash; S\u00e3o Paulo 19\/10\/2023 12h44 Atualizado 19\/10\/2023 1 [&hellip;]<\/p>\n","protected":false},"author":1,"featured_media":0,"comment_status":"closed","ping_status":"closed","sticky":false,"template":"","format":"standard","meta":{"footnotes":""},"categories":[],"tags":[],"class_list":["post-54376","post","type-post","status-publish","format-standard","hentry"],"_links":{"self":[{"href":"https:\/\/blog.corretoraideal.com.br\/index.php\/wp-json\/wp\/v2\/posts\/54376","targetHints":{"allow":["GET"]}}],"collection":[{"href":"https:\/\/blog.corretoraideal.com.br\/index.php\/wp-json\/wp\/v2\/posts"}],"about":[{"href":"https:\/\/blog.corretoraideal.com.br\/index.php\/wp-json\/wp\/v2\/types\/post"}],"author":[{"embeddable":true,"href":"https:\/\/blog.corretoraideal.com.br\/index.php\/wp-json\/wp\/v2\/users\/1"}],"replies":[{"embeddable":true,"href":"https:\/\/blog.corretoraideal.com.br\/index.php\/wp-json\/wp\/v2\/comments?post=54376"}],"version-history":[{"count":1,"href":"https:\/\/blog.corretoraideal.com.br\/index.php\/wp-json\/wp\/v2\/posts\/54376\/revisions"}],"predecessor-version":[{"id":54380,"href":"https:\/\/blog.corretoraideal.com.br\/index.php\/wp-json\/wp\/v2\/posts\/54376\/revisions\/54380"}],"wp:attachment":[{"href":"https:\/\/blog.corretoraideal.com.br\/index.php\/wp-json\/wp\/v2\/media?parent=54376"}],"wp:term":[{"taxonomy":"category","embeddable":true,"href":"https:\/\/blog.corretoraideal.com.br\/index.php\/wp-json\/wp\/v2\/categories?post=54376"},{"taxonomy":"post_tag","embeddable":true,"href":"https:\/\/blog.corretoraideal.com.br\/index.php\/wp-json\/wp\/v2\/tags?post=54376"}],"curies":[{"name":"wp","href":"https:\/\/api.w.org\/{rel}","templated":true}]}}