{"id":54381,"date":"2023-11-03T04:45:55","date_gmt":"2023-11-03T04:45:55","guid":{"rendered":"https:\/\/blog.corretoraideal.com.br\/?p=54381"},"modified":"2023-11-03T04:45:55","modified_gmt":"2023-11-03T04:45:55","slug":"haddad-diz-que-as-excecoes-na-reforma-tributaria-incluidas-no-senado-representam-aumento-de-05-na-aliquota-do-novo-imposto-jornal-nacional-g1","status":"publish","type":"post","link":"https:\/\/blog.corretoraideal.com.br\/index.php\/2023\/11\/03\/haddad-diz-que-as-excecoes-na-reforma-tributaria-incluidas-no-senado-representam-aumento-de-05-na-aliquota-do-novo-imposto-jornal-nacional-g1\/","title":{"rendered":"Haddad diz que as exce\u00e7\u00f5es na reforma tribut\u00e1ria inclu\u00eddas no Senado representam aumento de 0,5% na al\u00edquota do novo imposto | Jornal Nacional | G1"},"content":{"rendered":"<br \/>\n<h1>Haddad diz que as exce\u00e7\u00f5es na reforma tribut\u00e1ria inclu\u00eddas no Senado representam aumento de 0,5% na al\u00edquota do novo imposto<\/h1>\n<h2>O relator est\u00e1 propondo que mais setores entrem no regime especial &#8211; ou seja, com regras diferentes da regra geral do futuro IVA.<\/h2>\n<p> Por Jornal Nacional <\/p>\n<p>  02\/11\/2023 21h13    Atualizado  02\/11\/2023    <\/p>\n<p>                             <img loading=\"lazy\" decoding=\"async\" class=\"aligncenter size-full wp-image-54383\" src=\"https:\/\/blog.corretoraideal.com.br\/wp-content\/uploads\/2023\/11\/ministro-fernando-haddad-avalia-que-excecoes-na-reforma-tributaria-incluidas-no-senado-representam-aumento-de-05-ponto-percentual-na-aliquota-do-novo-imposto.jpeg\" alt=\"Ministro Fernando Haddad avalia que exce\u00e7\u00f5es na reforma tribut\u00e1ria inclu\u00eddas no Senado representam aumento de 0,5 ponto percentual na al\u00edquota do novo imposto\" width=\"800\" height=\"400\" \/>      <\/p>\n<p> Ministro Fernando Haddad avalia que exce\u00e7\u00f5es na reforma tribut\u00e1ria inclu\u00eddas no Senado representam aumento de 0,5 ponto percentual na al\u00edquota do novo imposto <\/p>\n<p> O ministro da fazenda, Fernando Haddad, disse nesta quinta-feira (2) que as exce\u00e7\u00f5es na reforma tribut\u00e1ria inclu\u00eddas no Senado representam um aumento de 0,5 ponto percentual na al\u00edquota do novo imposto. Haddad se reuniu nesta quinta com o relator do texto. <\/p>\n<p> O relator da reforma tribut\u00e1ria senador <a class href=\"https:\/\/g1.globo.com\/tudo-sobre\/eduardo-braga\/\">Eduardo Braga<\/a> chegou cedo ao <a class href=\"https:\/\/g1.globo.com\/tudo-sobre\/ministerio-da-fazenda\/\">Minist\u00e9rio da Fazenda<\/a>. <\/p>\n<p> A reforma tribut\u00e1ria prev\u00ea uma grande simplifica\u00e7\u00e3o na forma de cobrar impostos. Cinco tributos que existem hoje seriam substitu\u00eddos por dois impostos sobre valor adicionado &#8211; IVA &#8211; um gerenciado pelo Governo Federal e outro com gest\u00e3o compartilhada entre estados e munic\u00edpios. <\/p>\n<p> Outro objetivo da reforma \u00e9 acabar com a cumulatividade de impostos. Cada etapa de produ\u00e7\u00e3o pagaria apenas o imposto referente ao valor adicionado ao produto ou servi\u00e7o. Atualmente, alguns impostos podem se acumular ao longo dessas etapas. <\/p>\n<p>         1 de 2&#013;Reforma tribut\u00e1ria \u2014 Foto: Reprodu\u00e7\u00e3o\/TV Globo    <\/p>\n<p> Reforma tribut\u00e1ria \u2014 Foto: Reprodu\u00e7\u00e3o\/TV Globo <\/p>\n<p> O relator no Senado est\u00e1 propondo que mais setores entrem em regimes espec\u00edficos &#8211; ou seja, com regras diferentes da regra geral do futuro IVA. Entre eles: <\/p>\n<ul>\n<li><strong>opera\u00e7\u00f5es que envolvam servi\u00e7os de telecomunica\u00e7\u00f5es;<\/strong><\/li>\n<li><strong>servi\u00e7os de saneamento e concess\u00e3o de rodovias;<\/strong><\/li>\n<li><strong>de ag\u00eancia de viagem e turismo;<\/strong><\/li>\n<li><strong>e transporte coletivo de passageiros.<\/strong><\/li>\n<\/ul>\n<p> A reforma tribut\u00e1ria prev\u00ea uma <strong>Al\u00edquota zero<\/strong> &#8211; para, por exemplo, itens da cesta b\u00e1sica nacional, <strong>duas al\u00edquotas menores:<\/strong> uma para setores como servi\u00e7os de educa\u00e7\u00e3o e produtos agropecu\u00e1rios &#8211; com redu\u00e7\u00e3o de imposto de 60% e outra espec\u00edfica &#8211; criada pelo relator &#8211; para profissionais liberais, como m\u00e9dicos, advogados e arquitetos &#8211; com redu\u00e7\u00e3o de 30% nos tributos. <\/p>\n<p> A <strong>al\u00edquota padr\u00e3o<\/strong> &#8211; a ser paga pelos contribuintes em geral, foi estimada em at\u00e9 27% pelo minist\u00e9rio da fazenda &#8211; que reconhece ser uma al\u00edquota alta sobre o consumo se comparada a de outros pa\u00edses. E agora, com essas modifica\u00e7\u00f5es propostas pelo relator, a expectativa do ministro Fernando Haddad \u00e9 que ela suba em 0,5 ponto percentual, podendo chegar a <strong>27,5%<\/strong>. <\/p>\n<p> Ao final da reuni\u00e3o, o ministro afirmou que, em rela\u00e7\u00e3o \u00e0 al\u00edquota atual, haver\u00e1 queda para a maioria dos setores e avaliou a proposta do relator. <\/p>\n<p>&quot;V\u00e3o perguntar, \u00e9 perfeita? Nada \u00e9 perfeito, mas a luz do que n\u00f3s temos, o salto de qualidade que n\u00f3s vamos dar em rela\u00e7\u00e3o ao nosso sistema tribut\u00e1rio atual, eu penso que \u00e9 inestim\u00e1vel&quot;, declarou Haddad.<\/p>\n<p> O relator afirmou que o texto prev\u00ea a revis\u00e3o desses setores beneficiados a cada cinco anos. <\/p>\n<p>&quot;O Senado metricamente fez redu\u00e7\u00f5es de algumas exce\u00e7\u00f5es e inclu\u00edmos algumas que s\u00e3o absolutamente necess\u00e1rias, entre elas saneamento p\u00fablico. Um dos grande d\u00e9ficits sociais desse pa\u00eds, portanto acho que o Senado est\u00e1 fazendo a contribui\u00e7\u00e3o na reforma tribut\u00e1ria de forma equilibrada\u201d, disse Braga. <\/p>\n<p> A vota\u00e7\u00e3o no plen\u00e1rio do Senado est\u00e1 prevista para a pr\u00f3xima semana. S\u00e3o necess\u00e1rias duas aprova\u00e7\u00f5es com pelo menos 49 votos para que o texto da reforma passe no Senado e volte a ser analisado na C\u00e2mara. <\/p>\n<p>         2 de 2&#013;Haddad diz que exce\u00e7\u00f5es na reforma tribut\u00e1ria inclu\u00eddas no Senado representam um aumento de 0,5 ponto percentual na al\u00edquota do novo imposto \u2014 Foto: Reprodu\u00e7\u00e3o\/TV Globo    <\/p>\n<p> Haddad diz que exce\u00e7\u00f5es na reforma tribut\u00e1ria inclu\u00eddas no Senado representam um aumento de 0,5 ponto percentual na al\u00edquota do novo imposto \u2014 Foto: Reprodu\u00e7\u00e3o\/TV Globo <\/p>\n<p> <strong>LEIA TAMB\u00c9M:<\/strong> <\/p>\n<ul>\n<li><a class href=\"https:\/\/g1.globo.com\/economia\/noticia\/2023\/11\/02\/reforma-tributaria-haddad-admite-que-novas-excecoes-elevam-aliquota-padrao-do-iva-para-ate-275percent.ghtml\"><strong>Reforma tribut\u00e1ria: Haddad admite que novas exce\u00e7\u00f5es elevam al\u00edquota padr\u00e3o do IVA para at\u00e9 27,5%<\/strong><\/a><\/li>\n<li><a class href=\"https:\/\/g1.globo.com\/economia\/noticia\/2023\/10\/25\/reforma-tributaria-relator-no-senado-propoe-mais-recursos-para-estados-e-revisao-de-beneficios-a-setores-a-cada-5-anos.ghtml\"><strong>Reforma tribut\u00e1ria: relator no Senado prop\u00f5e mais recursos para estados e revis\u00e3o de benef\u00edcios a setores a cada 5 anos<\/strong><\/a><\/li>\n<\/ul>\n<ul>\n<li> <a href=\"https:\/\/g1.globo.com\/tudo-sobre\/eduardo-braga\/\" class=\"entities__list-itemLink\" data-track-click=\"Eduardo Braga\"> Eduardo Braga <\/a> <\/li>\n<li> <a href=\"https:\/\/g1.globo.com\/tudo-sobre\/ministerio-da-fazenda\/\" class=\"entities__list-itemLink\" data-track-click=\"Minist\u00e9rio da Fazenda\"> Minist\u00e9rio da Fazenda <\/a> <\/li>\n<li> <a href=\"https:\/\/g1.globo.com\/tudo-sobre\/ministerio-do-trabalho\/\" class=\"entities__list-itemLink\" data-track-click=\"Minist\u00e9rio do Trabalho\"> Minist\u00e9rio do Trabalho <\/a> <\/li>\n<\/ul>\n","protected":false},"excerpt":{"rendered":"<p>Haddad diz que as exce\u00e7\u00f5es na reforma tribut\u00e1ria inclu\u00eddas no Senado representam aumento de 0,5% na al\u00edquota do novo imposto O relator est\u00e1 propondo que mais setores entrem no regime especial &#8211; ou seja, com regras diferentes da regra geral do futuro IVA. Por Jornal Nacional 02\/11\/2023 21h13 Atualizado 02\/11\/2023 Ministro Fernando Haddad avalia que [&hellip;]<\/p>\n","protected":false},"author":1,"featured_media":0,"comment_status":"closed","ping_status":"closed","sticky":false,"template":"","format":"standard","meta":{"footnotes":""},"categories":[],"tags":[],"class_list":["post-54381","post","type-post","status-publish","format-standard","hentry"],"_links":{"self":[{"href":"https:\/\/blog.corretoraideal.com.br\/index.php\/wp-json\/wp\/v2\/posts\/54381","targetHints":{"allow":["GET"]}}],"collection":[{"href":"https:\/\/blog.corretoraideal.com.br\/index.php\/wp-json\/wp\/v2\/posts"}],"about":[{"href":"https:\/\/blog.corretoraideal.com.br\/index.php\/wp-json\/wp\/v2\/types\/post"}],"author":[{"embeddable":true,"href":"https:\/\/blog.corretoraideal.com.br\/index.php\/wp-json\/wp\/v2\/users\/1"}],"replies":[{"embeddable":true,"href":"https:\/\/blog.corretoraideal.com.br\/index.php\/wp-json\/wp\/v2\/comments?post=54381"}],"version-history":[{"count":1,"href":"https:\/\/blog.corretoraideal.com.br\/index.php\/wp-json\/wp\/v2\/posts\/54381\/revisions"}],"predecessor-version":[{"id":54384,"href":"https:\/\/blog.corretoraideal.com.br\/index.php\/wp-json\/wp\/v2\/posts\/54381\/revisions\/54384"}],"wp:attachment":[{"href":"https:\/\/blog.corretoraideal.com.br\/index.php\/wp-json\/wp\/v2\/media?parent=54381"}],"wp:term":[{"taxonomy":"category","embeddable":true,"href":"https:\/\/blog.corretoraideal.com.br\/index.php\/wp-json\/wp\/v2\/categories?post=54381"},{"taxonomy":"post_tag","embeddable":true,"href":"https:\/\/blog.corretoraideal.com.br\/index.php\/wp-json\/wp\/v2\/tags?post=54381"}],"curies":[{"name":"wp","href":"https:\/\/api.w.org\/{rel}","templated":true}]}}