{"id":54392,"date":"2023-11-03T07:31:26","date_gmt":"2023-11-03T07:31:26","guid":{"rendered":"https:\/\/blog.corretoraideal.com.br\/?p=54392"},"modified":"2023-11-03T07:31:26","modified_gmt":"2023-11-03T07:31:26","slug":"defeso-proibe-pesca-no-periodo-da-piracema-a-partir-de-1o-de-novembro-norte-fluminense-g1","status":"publish","type":"post","link":"https:\/\/blog.corretoraideal.com.br\/index.php\/2023\/11\/03\/defeso-proibe-pesca-no-periodo-da-piracema-a-partir-de-1o-de-novembro-norte-fluminense-g1\/","title":{"rendered":"Defeso pro\u00edbe pesca no per\u00edodo da piracema a partir de 1\u00ba de novembro | Norte Fluminense | G1"},"content":{"rendered":"<br \/>\n<h1>Defeso pro\u00edbe pesca no per\u00edodo da piracema a partir de 1\u00ba de novembro<\/h1>\n<h2>Defeso segue at\u00e9 28 de fevereiro na bacia hidrogr\u00e1fica do Para\u00edba do Sul e lagoas. Enquanto a pesca estiver proibida, pescadores de \u00e1gua doce recebem um sal\u00e1rio m\u00ednimo por m\u00eas do Governo Federal.<\/h2>\n<p> Por g1 &mdash; Norte Fluminense <\/p>\n<p>  31\/10\/2023 11h26    Atualizado  31\/10\/2023    <\/p>\n<p>                      1 de 1&#013;Defeso dos peixes de \u00e1gua doce durante a piracema come\u00e7a nesta quarta (1\u00ba) e segue at\u00e9 28 de fevereiro de 2024 \u2014 Foto: Prefeitura de S\u00e3o Jo\u00e3o da Barra\/Reprodu\u00e7\u00e3o    <\/p>\n<p> Defeso dos peixes de \u00e1gua doce durante a piracema come\u00e7a nesta quarta (1\u00ba) e segue at\u00e9 28 de fevereiro de 2024 \u2014 Foto: Prefeitura de S\u00e3o Jo\u00e3o da Barra\/Reprodu\u00e7\u00e3o <\/p>\n<p> Nesta quarta-feira (1\u00ba) come\u00e7a o defeso do pescado no per\u00edodo da piracema, \u00e9poca em que as esp\u00e9cies se deslocam pelos rios e gastam muita energia para se reproduzir. Pescadores de cidades como <a class href=\"https:\/\/g1.globo.com\/rj\/norte-fluminense\/cidade\/sao-joao-da-barra\/\">S\u00e3o Jo\u00e3o da Barra<\/a>, no Norte Fluminense, n\u00e3o poder\u00e3o, por exemplo, pescar na bacia hidrogr\u00e1fica do rio Para\u00edba do Sul e lagoas at\u00e9 o dia 28 de fevereiro, quando o termia o defeso. <\/p>\n<p> Nesse per\u00edodo, quem vive da pesca de peixes de \u00e1gua doce, recebem, na Caixa Econ\u00f4mica Federal, um sal\u00e1rio m\u00ednimo por m\u00eas do Governo Federal. <\/p>\n<p> Tem direito ao seguro-defeso o pescador, devidamente registrado, que exer\u00e7a a atividade de forma ininterrupta, sozinho ou em regime de economia familiar. <\/p>\n<p> &quot;A medida do Ibama visa evitar a pesca predat\u00f3ria e garantir a reprodu\u00e7\u00e3o das esp\u00e9cies nativas. O n\u00e3o cumprimento do defeso poder\u00e1 acarretar para os pescadores san\u00e7\u00f5es como multa e deten\u00e7\u00e3o, entre outras penalidades previstas na legisla\u00e7\u00e3o federal&quot;, explica a Prefeitura de S\u00e3o Jo\u00e3o da Barra. <\/p>\n<p><h2>Piracema<\/h2>\n<\/p>\n<p> Piracema significa \u201ca subida dos peixes\u201d. \u00c9 um per\u00edodo em que os cardumes nadam contra a correnteza, para realizar a desova. <\/p>\n<p> Mas de que forma os peixes sabem a hora certa de subir o rio? No hemisf\u00e9rio Sul, o per\u00edodo de reprodu\u00e7\u00e3o acontece no ver\u00e3o, per\u00edodo em que os dias ficam mais longos, tem mais luz e a temperatura do ambiente sobe. As chuvas aumentam o n\u00edvel dos rios e a \u00e1gua fica mais turva. <\/p>\n<p> Nas regi\u00f5es Sul e Sudeste, o principal problema s\u00e3o as hidrel\u00e9tricas que impedem os peixes de se reproduzirem. <\/p>\n<p> \u201cO dourado, por exemplo, precisa fazer uma longa migra\u00e7\u00e3o, as vezes at\u00e9 se desloca entre rios diferentes para desovar. Neste trajeto, as barragens s\u00e3o intranspon\u00edveis e mesmo que algumas hidrel\u00e9tricas disponham de \u2018escadas\u2019 para os peixes, a efic\u00e1cia desses dispositivos ainda \u00e9 um assunto pol\u00eamico. Os barramentos quase sempre inviabilizam a reprodu\u00e7\u00e3o dos peixes por uma s\u00e9rie de quest\u00f5es. Por isso, grande parte das esp\u00e9cies migradoras s\u00e3o as mais amea\u00e7adas\u201d, disse em entrevista ao <strong>g1<\/strong>, <a class href=\"https:\/\/g1.globo.com\/sp\/campinas-regiao\/terra-da-gente\/noticia\/2022\/11\/01\/inicio-da-piracema-saiba-quais-peixes-sao-permitidos-pescar-durante-o-defeso.ghtml\">durante o \u00faltimo defeso, em 2022, Domingos Garrone Neto<\/a>, coordenador do Laborat\u00f3rio de Ictiologia e Conserva\u00e7\u00e3o de Peixes Neotropicais do Campus da Unesp em Registo, S\u00e3o Paulo. <\/p>\n<ul>\n<li> <a href=\"https:\/\/g1.globo.com\/rj\/norte-fluminense\/cidade\/sao-joao-da-barra\/\" class=\"entities__list-itemLink\" data-track-click=\"S\u00e3o Jo\u00e3o da Barra\"> S\u00e3o Jo\u00e3o da Barra <\/a> <\/li>\n<\/ul>\n","protected":false},"excerpt":{"rendered":"<p>Defeso pro\u00edbe pesca no per\u00edodo da piracema a partir de 1\u00ba de novembro Defeso segue at\u00e9 28 de fevereiro na bacia hidrogr\u00e1fica do Para\u00edba do Sul e lagoas. Enquanto a pesca estiver proibida, pescadores de \u00e1gua doce recebem um sal\u00e1rio m\u00ednimo por m\u00eas do Governo Federal. Por g1 &mdash; Norte Fluminense 31\/10\/2023 11h26 Atualizado 31\/10\/2023 [&hellip;]<\/p>\n","protected":false},"author":1,"featured_media":0,"comment_status":"closed","ping_status":"closed","sticky":false,"template":"","format":"standard","meta":{"footnotes":""},"categories":[],"tags":[],"class_list":["post-54392","post","type-post","status-publish","format-standard","hentry"],"_links":{"self":[{"href":"https:\/\/blog.corretoraideal.com.br\/index.php\/wp-json\/wp\/v2\/posts\/54392","targetHints":{"allow":["GET"]}}],"collection":[{"href":"https:\/\/blog.corretoraideal.com.br\/index.php\/wp-json\/wp\/v2\/posts"}],"about":[{"href":"https:\/\/blog.corretoraideal.com.br\/index.php\/wp-json\/wp\/v2\/types\/post"}],"author":[{"embeddable":true,"href":"https:\/\/blog.corretoraideal.com.br\/index.php\/wp-json\/wp\/v2\/users\/1"}],"replies":[{"embeddable":true,"href":"https:\/\/blog.corretoraideal.com.br\/index.php\/wp-json\/wp\/v2\/comments?post=54392"}],"version-history":[{"count":1,"href":"https:\/\/blog.corretoraideal.com.br\/index.php\/wp-json\/wp\/v2\/posts\/54392\/revisions"}],"predecessor-version":[{"id":54394,"href":"https:\/\/blog.corretoraideal.com.br\/index.php\/wp-json\/wp\/v2\/posts\/54392\/revisions\/54394"}],"wp:attachment":[{"href":"https:\/\/blog.corretoraideal.com.br\/index.php\/wp-json\/wp\/v2\/media?parent=54392"}],"wp:term":[{"taxonomy":"category","embeddable":true,"href":"https:\/\/blog.corretoraideal.com.br\/index.php\/wp-json\/wp\/v2\/categories?post=54392"},{"taxonomy":"post_tag","embeddable":true,"href":"https:\/\/blog.corretoraideal.com.br\/index.php\/wp-json\/wp\/v2\/tags?post=54392"}],"curies":[{"name":"wp","href":"https:\/\/api.w.org\/{rel}","templated":true}]}}