{"id":54401,"date":"2023-11-03T09:32:42","date_gmt":"2023-11-03T09:32:42","guid":{"rendered":"https:\/\/blog.corretoraideal.com.br\/?p=54401"},"modified":"2023-11-03T09:32:42","modified_gmt":"2023-11-03T09:32:42","slug":"brasil-tem-9-vezes-mais-gado-e-galinha-do-que-gente-mapa-mostra-quantos-sao-na-sua-cidade-agronegocios-g1","status":"publish","type":"post","link":"https:\/\/blog.corretoraideal.com.br\/index.php\/2023\/11\/03\/brasil-tem-9-vezes-mais-gado-e-galinha-do-que-gente-mapa-mostra-quantos-sao-na-sua-cidade-agronegocios-g1\/","title":{"rendered":"Brasil tem 9 vezes mais gado e galinha do que gente; mapa mostra quantos s\u00e3o na sua cidade | Agroneg\u00f3cios | G1"},"content":{"rendered":"<br \/>\n<h1>Brasil tem 9 vezes mais gado e galinha do que gente; mapa mostra quantos s\u00e3o na sua cidade<\/h1>\n<h2>Junto com porcos, ovelhas e outros bichos, rebanhos re\u00fanem 1,9 bilh\u00e3o de cabe\u00e7as, al\u00e9m de quantidade incalcul\u00e1vel de peixes e abelhas. Eles produzem muito do que comemos, bebemos e vestimos, mas a pecu\u00e1ria \u00e9 apontada como uma das contribuintes para a crise clim\u00e1tica.<\/h2>\n<p> Por Gabriel Croquer, g1 <\/p>\n<p>  03\/11\/2023 06h15    Atualizado  03\/11\/2023    <\/p>\n<p> O Brasil tem 203 milh\u00f5es de habitantes humanos, que abarrotam as capitais e grandes centros do pa\u00eds. <\/p>\n<p> \u00c9 bastante, mas n\u00e3o se compara \u00e0 quantidade de animais criados em fazendas para servir \u00e0 nossa popula\u00e7\u00e3o e \u00e0 de outros pa\u00edses: <strong>1,9 bilh\u00e3o<\/strong><strong>.<\/strong> <\/p>\n<p> \u00c9 o que mostra a mais recente Pesquisa da Pecu\u00e1ria Municipal, do Instituto Brasileiro de Geografia e Estat\u00edstica (<a class href=\"https:\/\/g1.globo.com\/tudo-sobre\/ibge\/\">IBGE<\/a>). <\/p>\n<p> Quase todo esse rebanho bilion\u00e1rio \u00e9 formado por bois, vacas, galinhas e frangos (1,8 bilh\u00e3o de cabe\u00e7as). \u00c9 aproximadamente 9 vezes maior do que a quantidade de seres humanos no Brasil, e maior do que a popula\u00e7\u00e3o de qualquer pa\u00eds do mundo. <\/p>\n<p><h2>Outros rebanhos<\/h2>\n<\/p>\n<p> ?Nem s\u00f3 de boi, vaca e frango vive o pa\u00eds&#8230; Existem outros rebanhos imensos de porcos, ovelhas, codornas e cabras, mais numerosos do que a popula\u00e7\u00e3o de todos dos munic\u00edpios brasileiros. <\/p>\n<p> ?A cidade mais populosa do pa\u00eds, S\u00e3o Paulo (SP), com 11,4 milh\u00f5es de pessoas, \u00e9 a exce\u00e7\u00e3o, mas s\u00f3 tem mais cabe\u00e7as do que os rebanhos dos b\u00fafalos e dos cavalos. <\/p>\n<p><h2>Bichos por cidade<\/h2>\n<\/p>\n<p> ?\ufe0fE voc\u00ea sabia que at\u00e9 na capital paulista existe um pouquinho de pecu\u00e1ria? De acordo com o IBGE, a cidade de S\u00e3o Paulo tem 465 animais bovinos e 2.500 porcos. <\/p>\n<p> Veja no mapa abaixo quantos rebanhos de fazenda existem na sua cidade. <\/p>\n<p> <strong>LEIA TAMB\u00c9M:<\/strong> <\/p>\n<ul>\n<li><strong>DE ONDE VEM O QUE EU COMO: <\/strong><a class href=\"https:\/\/g1.globo.com\/economia\/agronegocios\/agro-de-gente-pra-gente\/noticia\/2022\/08\/09\/de-onde-vem-o-que-eu-como-serie-do-g1-mostra-caminho-da-comida-ate-a-sua-mesa.ghtml\"><strong>s\u00e9rie especial do g1 mostra produ\u00e7\u00e3o dos alimentos<\/strong><\/a><\/li>\n<li><strong>GENTE DO CAMPO: <\/strong><a class href=\"https:\/\/g1.globo.com\/economia\/agronegocios\/agro-a-industria-riqueza-do-brasil\/noticia\/2021\/02\/08\/gente-do-campo-serie-do-g1-apresenta-quem-faz-o-agronegocio-do-brasil.ghtml\"><strong>conhe\u00e7a quem produz os alimentos que chegam at\u00e9 voc\u00ea<\/strong><\/a><strong> <\/strong><\/li>\n<\/ul>\n<p><h2>Produ\u00e7\u00e3o de origem animal<\/h2>\n<\/p>\n<p> Esses rebanhos produzem muito do que comemos, bebemos e vestimos. <\/p>\n<p> ?Do gado, por exemplo, vem a carne e uma grande variedade de produtos, como biodiesel, fertilizantes, produtos de higiene e at\u00e9 gelatinas. <\/p>\n<p> Existem outros produtos curiosos, como: <\/p>\n<ul>\n<li>?P\u00e9 de galinha, que \u00e9 comido que nem pirulito na China, um dos nossos maiores compradores;<\/li>\n<li>Carne de cavalo (<a class href=\"https:\/\/g1.globo.com\/economia\/agronegocios\/noticia\/2021\/11\/18\/carne-de-cavalo-e-permitida-no-brasil-faz-mal-tire-duvidas.ghtml\">sim, existe e \u00e9 autorizado pela lei<\/a>);<\/li>\n<li>Outras carnes diferentes, de capivaras e b\u00fafalos.<\/li>\n<\/ul>\n<p> ?E ainda tem muito mais animal que a gente n\u00e3o imagina que \u00e9 criado em fazenda. De bichos mais \u00f3bvios, como peixes e abelhas, t\u00e3o numerosos que \u00e9 imposs\u00edvel de calcular quantos existem, at\u00e9 outras popula\u00e7\u00f5es bem menores, de r\u00e3s e jacar\u00e9s. <\/p>\n<p><h2>Aquecimento global<\/h2>\n<\/p>\n<p> No entanto, a pecu\u00e1ria \u00e9 considerada uma das contribuintes para o aquecimento global. O Observat\u00f3rio do Clima apontou que <a class href=\"https:\/\/g1.globo.com\/economia\/agronegocios\/noticia\/2023\/10\/24\/do-arroto-do-boi-ao-desmatamento-producao-de-alimentos-gera-18-bilhao-de-toneladas-de-gases-do-efeito-estufa-no-brasil-aponta-estudo.ghtml\"><strong>a produ\u00e7\u00e3o e a distribui\u00e7\u00e3o de alimentos foram respons\u00e1veis por 73,7% das emiss\u00f5es<\/strong> <strong>de gases poluentes no Brasil<\/strong><\/a> em 2021. E que a cadeia da<strong> carne bovina respondeu por 57,2% do total<\/strong>. <\/p>\n<p> Das 1,8 bilh\u00e3o de toneladas de gases liberadas com a produ\u00e7\u00e3o e distribui\u00e7\u00e3o de alimentos naquele ano no pa\u00eds, a <strong>maior parte desse montante (56,3%) foi a partir do desmatamento para converter a terra em pasto<\/strong> para gado, que emite CO2. <\/p>\n<p> Outros <strong>33,7% foram provocados pela agropecu\u00e1ria<\/strong> em si, principalmente pelo famoso <strong>\u201carroto do boi\u201d<\/strong> e pelo manejo dos seus dejetos. O g\u00e1s liberado pelo animal \u00e9 o <strong>metano<\/strong>. <\/p>\n<p><h2>Cr\u00e9ditos da reportagem:<\/h2>\n<\/p>\n<ul>\n<li><strong>Edi\u00e7\u00e3o<\/strong>: Luciana de Oliveira\u202f<\/li>\n<li><strong>Reportagem<\/strong>: Gabriel Croquer<\/li>\n<li><strong>Coordena\u00e7\u00e3o de arte<\/strong>: Guilherme Gomes<\/li>\n<li><strong>Dire\u00e7\u00e3o de arte e ilustra\u00e7\u00f5es<\/strong>: Luisa Rivas, Vitoria Coelho, Wagner Magalh\u00e3es e Veronica Medeiros<\/li>\n<li><strong>Motion<\/strong>: Vit\u00f3ria Coelho<\/li>\n<\/ul>\n<p><h2>Veja alguns v\u00eddeos da s\u00e9rie &#x27;De onde vem&#x27;&#8230;<\/h2>\n<\/p>\n<p><h2>A\u00e7a\u00ed<\/h2>\n<\/p>\n<p> A\u00e7a\u00ed sai da Amaz\u00f4nia, vira prato no Par\u00e1 e sobremesa nas regi\u00f5es Sul e Sudeste: <\/p>\n<p>                   <img loading=\"lazy\" decoding=\"async\" class=\"aligncenter size-full wp-image-54403\" src=\"https:\/\/blog.corretoraideal.com.br\/wp-content\/uploads\/2023\/11\/g1-explora-a-rota-do-acai-desde-floresta-na-amazonia-ate-fabrica-em-sp.jpeg\" alt=\"g1 explora a rota do a\u00e7a\u00ed desde floresta na Amaz\u00f4nia at\u00e9 f\u00e1brica em SP\" width=\"800\" height=\"400\" \/>      <\/p>\n<p> g1 explora a rota do a\u00e7a\u00ed desde floresta na Amaz\u00f4nia at\u00e9 f\u00e1brica em SP <\/p>\n<p><h2>Lim\u00e3o<\/h2>\n<\/p>\n<p> Lim\u00e3o-taiti n\u00e3o \u00e9 lim\u00e3o de verdade; entenda a diferen\u00e7a no v\u00eddeo abaixo: <\/p>\n<p>                   <img loading=\"lazy\" decoding=\"async\" class=\"aligncenter size-full wp-image-54404\" src=\"https:\/\/blog.corretoraideal.com.br\/wp-content\/uploads\/2023\/11\/de-onde-vem-o-que-eu-como-limao.jpeg\" alt=\"De onde vem o que eu como: lim\u00e3o\" width=\"800\" height=\"400\" \/>      <\/p>\n<p> De onde vem o que eu como: lim\u00e3o <\/p>\n<p><h2>Morango<\/h2>\n<\/p>\n<p> g1 foi \u00e0 capital do morango para explicar por que ele n\u00e3o \u00e9 fruta: <\/p>\n<p>                   <img loading=\"lazy\" decoding=\"async\" class=\"aligncenter size-full wp-image-54405\" src=\"https:\/\/blog.corretoraideal.com.br\/wp-content\/uploads\/2023\/11\/de-onde-vem-o-que-eu-como-morango.jpeg\" alt=\"De onde vem o que eu como: morango\" width=\"800\" height=\"400\" \/>      <\/p>\n<p> De onde vem o que eu como: morango <\/p>\n<p><h2>Chocolate<\/h2>\n<\/p>\n<p> <strong>Chocolate amargo n\u00e3o existe; saiba como a intensidade do sabor \u00e9 definida no v\u00eddeo abaixo:<\/strong> <\/p>\n<p>                   <img loading=\"lazy\" decoding=\"async\" class=\"aligncenter size-full wp-image-54406\" src=\"https:\/\/blog.corretoraideal.com.br\/wp-content\/uploads\/2023\/11\/de-onde-vem-o-que-eu-como-chocolate.jpeg\" alt=\"De onde vem o que eu como: chocolate\" width=\"800\" height=\"400\" \/>      <\/p>\n<p> De onde vem o que eu como: chocolate <\/p>\n<ul>\n<li> <a href=\"https:\/\/g1.globo.com\/tudo-sobre\/ibge\/\" class=\"entities__list-itemLink\" data-track-click=\"IBGE\"> IBGE <\/a> <\/li>\n<\/ul>\n","protected":false},"excerpt":{"rendered":"<p>Brasil tem 9 vezes mais gado e galinha do que gente; mapa mostra quantos s\u00e3o na sua cidade Junto com porcos, ovelhas e outros bichos, rebanhos re\u00fanem 1,9 bilh\u00e3o de cabe\u00e7as, al\u00e9m de quantidade incalcul\u00e1vel de peixes e abelhas. Eles produzem muito do que comemos, bebemos e vestimos, mas a pecu\u00e1ria \u00e9 apontada como uma [&hellip;]<\/p>\n","protected":false},"author":1,"featured_media":0,"comment_status":"closed","ping_status":"closed","sticky":false,"template":"","format":"standard","meta":{"footnotes":""},"categories":[],"tags":[],"class_list":["post-54401","post","type-post","status-publish","format-standard","hentry"],"_links":{"self":[{"href":"https:\/\/blog.corretoraideal.com.br\/index.php\/wp-json\/wp\/v2\/posts\/54401","targetHints":{"allow":["GET"]}}],"collection":[{"href":"https:\/\/blog.corretoraideal.com.br\/index.php\/wp-json\/wp\/v2\/posts"}],"about":[{"href":"https:\/\/blog.corretoraideal.com.br\/index.php\/wp-json\/wp\/v2\/types\/post"}],"author":[{"embeddable":true,"href":"https:\/\/blog.corretoraideal.com.br\/index.php\/wp-json\/wp\/v2\/users\/1"}],"replies":[{"embeddable":true,"href":"https:\/\/blog.corretoraideal.com.br\/index.php\/wp-json\/wp\/v2\/comments?post=54401"}],"version-history":[{"count":1,"href":"https:\/\/blog.corretoraideal.com.br\/index.php\/wp-json\/wp\/v2\/posts\/54401\/revisions"}],"predecessor-version":[{"id":54407,"href":"https:\/\/blog.corretoraideal.com.br\/index.php\/wp-json\/wp\/v2\/posts\/54401\/revisions\/54407"}],"wp:attachment":[{"href":"https:\/\/blog.corretoraideal.com.br\/index.php\/wp-json\/wp\/v2\/media?parent=54401"}],"wp:term":[{"taxonomy":"category","embeddable":true,"href":"https:\/\/blog.corretoraideal.com.br\/index.php\/wp-json\/wp\/v2\/categories?post=54401"},{"taxonomy":"post_tag","embeddable":true,"href":"https:\/\/blog.corretoraideal.com.br\/index.php\/wp-json\/wp\/v2\/tags?post=54401"}],"curies":[{"name":"wp","href":"https:\/\/api.w.org\/{rel}","templated":true}]}}