{"id":54415,"date":"2023-11-03T12:30:06","date_gmt":"2023-11-03T12:30:06","guid":{"rendered":"https:\/\/blog.corretoraideal.com.br\/?p=54415"},"modified":"2023-11-03T12:30:06","modified_gmt":"2023-11-03T12:30:06","slug":"festival-jovem-talento-de-sao-joao-da-barra-tem-inscricao-aberta-para-danca-musica-artes-livres-e-poesia-norte-fluminense-g1","status":"publish","type":"post","link":"https:\/\/blog.corretoraideal.com.br\/index.php\/2023\/11\/03\/festival-jovem-talento-de-sao-joao-da-barra-tem-inscricao-aberta-para-danca-musica-artes-livres-e-poesia-norte-fluminense-g1\/","title":{"rendered":"Festival Jovem Talento de S\u00e3o Jo\u00e3o da Barra tem inscri\u00e7\u00e3o aberta para dan\u00e7a, m\u00fasica, artes livres e poesia | Norte Fluminense | G1"},"content":{"rendered":"<br \/>\n<h1>Festival Jovem Talento de S\u00e3o Jo\u00e3o da Barra tem inscri\u00e7\u00e3o aberta para dan\u00e7a, m\u00fasica, artes livres e poesia<\/h1>\n<h2>Evento ser\u00e1 no dia 2 de dezembro no campus do Instituto Federal Fluminense. Jovens de 15 a 29 anos podem se inscrever, pela internet, at\u00e9 15 de novembro.<\/h2>\n<p> Por g1 &mdash; Norte Fluminense <\/p>\n<p>  30\/10\/2023 17h03    Atualizado  30\/10\/2023    <\/p>\n<p> <a class href=\"https:\/\/g1.globo.com\/rj\/norte-fluminense\/cidade\/sao-joao-da-barra\/\">S\u00e3o Jo\u00e3o da Barra<\/a>, no Norte Fluminense, est\u00e1 com inscri\u00e7\u00f5es abertas para o Festival Jovem Talento nas categorias dan\u00e7a, m\u00fasica, artes livres e poesia. Pessoas de 15 a 29 anos podem se inscrever, pela internet, at\u00e9 15 de novembro.<a class href=\"https:\/\/bit.ly\/festivaljovemtalento\" target=\"_blank\" rel=\"noopener noreferrer\"> <\/a>\u00c9 importante seguir as instru\u00e7\u00f5es e regras que constam no edital. <\/p>\n<p> O link de inscri\u00e7\u00e3o e do editar est\u00e3o <a class href=\"https:\/\/www.sjb.rj.gov.br\/site\/noticia\/festival_de_talento_acontece_em_dezembro_em_sjb\/14491\" target=\"_blank\" rel=\"noopener noreferrer\">dispon\u00edveis no site da Prefeitura<\/a>. <\/p>\n<p> O Festival ser\u00e1 realizado no dia 2 de dezembro, das 13h \u00e0s 18h, no campus avan\u00e7ado do Instituto Federal Fluminense (IFF-SJB) juntamente com a Feira de Neg\u00f3cios do projeto Juventude Empreendedora. <\/p>\n<p> Por meio das disputas em cada categoria os participantes v\u00e3o concorrer a caixas de som, Smartwatch, fones de ouvido e entre outros. Ser\u00e3o premiados o primeiro colocado em Dan\u00e7a, M\u00fasica e Artes Livres e os tr\u00eas primeiros colocados em Poesia. <\/p>\n<p> A Feira de Neg\u00f3cios do projeto Juventude Empreendedora tamb\u00e9m vai contar com premia\u00e7\u00f5es dos empreendedores que se destacaram neste ano. <\/p>\n<p> Em caso de d\u00favidas, a Prefeitura disponibiliza o seguinte e-mail para contato: concursodepoesiaiffsjb@gmail <\/p>\n<p> O Festival Jovem Talento \u00e9 realizado pelas secretarias municipais de Assist\u00eancia Social e Direitos Humanos \u2013 por meio do Departamento de Juventude e Pol\u00edticas P\u00fablicas \u2013 Turismo e Lazer, Porto do A\u00e7u, IFF-SJB e Centro Integrado de Estudos e Programas de Desenvolvimento Sustent\u00e1vel (Cieds). <\/p>\n<p><h2>Juventude Empreendedora <\/h2>\n<\/p>\n<p> O projeto Juventude Empreendedora come\u00e7ou em agosto de 2022 e selecionou 60 jovens para o incentivo ao empreendedorismo, aquisi\u00e7\u00e3o de autonomia profissional e op\u00e7\u00e3o de gera\u00e7\u00e3o de renda. <\/p>\n<p> &quot;A iniciativa \u00e9 uma parceria entre Prefeitura de S\u00e3o Jo\u00e3o da Barra, Porto do A\u00e7u, Sebrae e o Centro Integrado de Estudos e Programas de Desenvolvimento Sustent\u00e1vel (Cieds) e envolve atividades em modelo h\u00edbrido, forma\u00e7\u00f5es on-line e eventos de integra\u00e7\u00e3o e avalia\u00e7\u00e3o&quot;, explica a Prefeitura. <\/p>\n<p> A Feira de Neg\u00f3cios \u00e9 a culmin\u00e2ncia do projeto e nela os jovens t\u00eam a oportunidade de expor suas iniciativas, concorrer a premia\u00e7\u00f5es e ingressar na rede do Juventude Empreendedora, com forma\u00e7\u00e3o continuada e networking com outros empreendedores do estado do Rio de Janeiro. <\/p>\n<ul>\n<li> <a href=\"https:\/\/g1.globo.com\/rj\/norte-fluminense\/cidade\/sao-joao-da-barra\/\" class=\"entities__list-itemLink\" data-track-click=\"S\u00e3o Jo\u00e3o da Barra\"> S\u00e3o Jo\u00e3o da Barra <\/a> <\/li>\n<\/ul>\n","protected":false},"excerpt":{"rendered":"<p>Festival Jovem Talento de S\u00e3o Jo\u00e3o da Barra tem inscri\u00e7\u00e3o aberta para dan\u00e7a, m\u00fasica, artes livres e poesia Evento ser\u00e1 no dia 2 de dezembro no campus do Instituto Federal Fluminense. Jovens de 15 a 29 anos podem se inscrever, pela internet, at\u00e9 15 de novembro. Por g1 &mdash; Norte Fluminense 30\/10\/2023 17h03 Atualizado 30\/10\/2023 [&hellip;]<\/p>\n","protected":false},"author":1,"featured_media":0,"comment_status":"closed","ping_status":"closed","sticky":false,"template":"","format":"standard","meta":{"footnotes":""},"categories":[],"tags":[],"class_list":["post-54415","post","type-post","status-publish","format-standard","hentry"],"_links":{"self":[{"href":"https:\/\/blog.corretoraideal.com.br\/index.php\/wp-json\/wp\/v2\/posts\/54415","targetHints":{"allow":["GET"]}}],"collection":[{"href":"https:\/\/blog.corretoraideal.com.br\/index.php\/wp-json\/wp\/v2\/posts"}],"about":[{"href":"https:\/\/blog.corretoraideal.com.br\/index.php\/wp-json\/wp\/v2\/types\/post"}],"author":[{"embeddable":true,"href":"https:\/\/blog.corretoraideal.com.br\/index.php\/wp-json\/wp\/v2\/users\/1"}],"replies":[{"embeddable":true,"href":"https:\/\/blog.corretoraideal.com.br\/index.php\/wp-json\/wp\/v2\/comments?post=54415"}],"version-history":[{"count":1,"href":"https:\/\/blog.corretoraideal.com.br\/index.php\/wp-json\/wp\/v2\/posts\/54415\/revisions"}],"predecessor-version":[{"id":54417,"href":"https:\/\/blog.corretoraideal.com.br\/index.php\/wp-json\/wp\/v2\/posts\/54415\/revisions\/54417"}],"wp:attachment":[{"href":"https:\/\/blog.corretoraideal.com.br\/index.php\/wp-json\/wp\/v2\/media?parent=54415"}],"wp:term":[{"taxonomy":"category","embeddable":true,"href":"https:\/\/blog.corretoraideal.com.br\/index.php\/wp-json\/wp\/v2\/categories?post=54415"},{"taxonomy":"post_tag","embeddable":true,"href":"https:\/\/blog.corretoraideal.com.br\/index.php\/wp-json\/wp\/v2\/tags?post=54415"}],"curies":[{"name":"wp","href":"https:\/\/api.w.org\/{rel}","templated":true}]}}