{"id":54418,"date":"2023-11-03T13:34:06","date_gmt":"2023-11-03T13:34:06","guid":{"rendered":"https:\/\/blog.corretoraideal.com.br\/?p=54418"},"modified":"2023-11-03T13:34:06","modified_gmt":"2023-11-03T13:34:06","slug":"sc-lidera-ranking-de-cidades-brasileiras-com-certificado-internacional-de-turismo-responsavel-conheca-destinos-santa-catarina-g1","status":"publish","type":"post","link":"https:\/\/blog.corretoraideal.com.br\/index.php\/2023\/11\/03\/sc-lidera-ranking-de-cidades-brasileiras-com-certificado-internacional-de-turismo-responsavel-conheca-destinos-santa-catarina-g1\/","title":{"rendered":"SC lidera ranking de cidades brasileiras com certificado internacional de turismo respons\u00e1vel; conhe\u00e7a destinos | Santa Catarina | G1"},"content":{"rendered":"<br \/>\n<h1>SC lidera ranking de cidades brasileiras com certificado internacional de turismo respons\u00e1vel; conhe\u00e7a destinos<\/h1>\n<h2>TOP 100 Good Practice Stories destaca boas pr\u00e1ticas sobre o turismo. Na lista, aparecem apenas mais tr\u00eas cidades de Rio Grande do Norte.<\/h2>\n<p> Por Caroline Borges, g1 SC <\/p>\n<p>  19\/10\/2023 05h05    Atualizado  19\/10\/2023    <\/p>\n<p>                      1 de 6&#013;Cachoeira do Avencal, em Urubici \u2014 Foto: Prefeitura de Urubici\/Divulga\u00e7\u00e3o    <\/p>\n<p> Cachoeira do Avencal, em Urubici \u2014 Foto: Prefeitura de Urubici\/Divulga\u00e7\u00e3o <\/p>\n<p> Santa Catarina tem cinco dos oito destinos brasileiros na lista do &quot;TOP 100 Good Practice Stories&quot;. O ranking internacional \u00e9 promovido pela entidade holandesa Green Destinations, que destaca boas pr\u00e1ticas sobre o turismo respons\u00e1vel no mundo. A lista foi divulgada em 9 de outubro. <\/p>\n<p> Nela, <a class href=\"https:\/\/g1.globo.com\/sc\/santa-catarina\/cidade\/urubici\/\">Urubici<\/a> e <a class href=\"https:\/\/g1.globo.com\/sc\/santa-catarina\/cidade\/bom-jardim-da-serra\/\">Bom Jardim da Serra<\/a>, na Serra, <a class href=\"https:\/\/g1.globo.com\/sc\/santa-catarina\/cidade\/bombinhas\/\">Bombinhas<\/a> e <a class href=\"https:\/\/g1.globo.com\/sc\/santa-catarina\/cidade\/navegantes\/\">Navegantes<\/a>, no Litoral Norte, e <a class href=\"https:\/\/g1.globo.com\/sc\/santa-catarina\/cidade\/ita\/\">It\u00e1<\/a>, no Oeste, aparecem como os destaques catarinenses. Ainda representam o Brasil as cidades de Apodi, S\u00e3o Miguel do Gostoso e Tibau do Sul, no Rio Grande do Norte. <\/p>\n<ul>\n<li>\u2705<a class href=\"https:\/\/whatsapp.com\/channel\/0029Va58wvgDeON3Hu6Abh3K\" target=\"_blank\" rel=\"noopener noreferrer\">Clique para seguir o canal<\/a> do g1 SC no WhatsApp<\/li>\n<\/ul>\n<p> A divulga\u00e7\u00e3o da lista das 100 melhores hist\u00f3rias foi transmitida pelo YouTube, em cerim\u00f4nia ocorrida em Tallin, na Est\u00f4nia. Al\u00e9m dos destinos brasileiros a lista conta com locais do Jap\u00e3o, \u00cdndia, Estados Unidos e Peru, Portugal, por exemplo. <\/p>\n<p> <strong>Veja os detalhes dos projetos vencedores de Santa Catarina abaixo: <\/strong> <\/p>\n<p><h2>Urubici<\/h2>\n<\/p>\n<p>         2 de 6&#013;Pedra Furada, em Urubici, \u00e9 um dos principais pontos tur\u00edsticos da regi\u00e3o \u2014 Foto: Sharlene Melanie\/Commons Wikimedia    <\/p>\n<p> Pedra Furada, em Urubici, \u00e9 um dos principais pontos tur\u00edsticos da regi\u00e3o \u2014 Foto: Sharlene Melanie\/Commons Wikimedia <\/p>\n<p> Segundo a prefeitura, Urubici ganhou a certifica\u00e7\u00e3o com o projeto de Gest\u00e3o Sustent\u00e1vel do turismo. <\/p>\n<p><h2>Bom Jardim da Serra <\/h2>\n<\/p>\n<p>         3 de 6&#013;Geada em Bom Jardim da Serra \u2014 Foto: S\u00e9rgio Felipe Rodrigues\/Arquivo pessoal    <\/p>\n<p> Geada em Bom Jardim da Serra \u2014 Foto: S\u00e9rgio Felipe Rodrigues\/Arquivo pessoal <\/p>\n<p> A cidade ganhou a certifica\u00e7\u00e3o com o projeto &quot;Meu Bom Jardim&quot; para valorizar o turismo divulgado informa\u00e7\u00f5es com atrativos tur\u00edsticos da cidade e nem a sua pr\u00f3pria hist\u00f3ria. <\/p>\n<p><h2>Navegantes<\/h2>\n<\/p>\n<p>         4 de 6&#013;Praia Central. Navegantes (SC) \u2014 Foto: Prefeitura de Navegantes\/ Divulga\u00e7\u00e3o    <\/p>\n<p> Praia Central. Navegantes (SC) \u2014 Foto: Prefeitura de Navegantes\/ Divulga\u00e7\u00e3o <\/p>\n<p> O munic\u00edpio recebeu a certifica\u00e7\u00e3o internacional por conta do projeto \u201c<strong>Restinga Preservada, Nossa Orla Protegida<\/strong>\u201d, em que relata no case o longo processo de recupera\u00e7\u00e3o da vegeta\u00e7\u00e3o de sua orla. Um projeto que abrange educa\u00e7\u00e3o ambiental, preserva\u00e7\u00e3o do meio ambiente, permitindo que uma regi\u00e3o central urbana coexista com o litoral de forma sustent\u00e1vel. <\/p>\n<p><h2>Bombinhas<\/h2>\n<\/p>\n<p>         5 de 6&#013;Praia de Quatro Ilhas, em Bombinhas \u2014 Foto: Bandeira Azul\/Divulga\u00e7\u00e3o    <\/p>\n<p> Praia de Quatro Ilhas, em Bombinhas \u2014 Foto: Bandeira Azul\/Divulga\u00e7\u00e3o <\/p>\n<p> Na cidade, o programa &quot;Escola do Mar&quot; foi o destaque na premia\u00e7\u00e3o. A iniciativa surgiu em 2017 e \u00e9 vinculada \u00e0 Secretaria Municipal de Educa\u00e7\u00e3o. O programa atende estudantes em contra turno da rede municipal de ensino, com o objetivo de repassar conhecimentos de letramento oce\u00e2nico, patrim\u00f4nios culturais, sustentabilidade, empreendedorismo e pr\u00e1ticas de movimento pesqueiro. <\/p>\n<p><h2>It\u00e1<\/h2>\n<\/p>\n<p>         6 de 6&#013;Prainha de It\u00e1 \u2014 Foto: Prefeitura de It\u00e1\/Divulga\u00e7\u00e3o    <\/p>\n<p> Prainha de It\u00e1 \u2014 Foto: Prefeitura de It\u00e1\/Divulga\u00e7\u00e3o <\/p>\n<p> A cidade est\u00e1 na lista h\u00e1 tr\u00eas anos. Nesta edi\u00e7\u00e3o, a cidade contou a hist\u00f3ria do &quot;Selo Verde&quot;, programa da C\u00e2mara T\u00e9cnica de Sustentabilidade do programa DEL, que tem como objetivo avaliar, mobilizar, conscientizar, atestar, reconhecer e certificar as iniciativas sustent\u00e1veis das cidades. <\/p>\n<p><h2>V\u00cdDEOS: mais assistidos do g1 SC nos \u00faltimos 7 dias<\/h2>\n<\/p>\n<p>   <a href=\"https:\/\/g1.globo.com\/sc\/santa-catarina\/edicao\/2021\/02\/01\/videos-mais-assistidos-do-g1-sc-nos-ultimos-7-dias.ghtml\">    50 v\u00eddeos      <\/a>       <\/p>\n<ul>\n<li> <a href=\"https:\/\/g1.globo.com\/sc\/santa-catarina\/cidade\/bom-jardim-da-serra\/\" class=\"entities__list-itemLink\" data-track-click=\"Bom Jardim da Serra\"> Bom Jardim da Serra <\/a> <\/li>\n<li> <a href=\"https:\/\/g1.globo.com\/sc\/santa-catarina\/cidade\/bombinhas\/\" class=\"entities__list-itemLink\" data-track-click=\"Bombinhas\"> Bombinhas <\/a> <\/li>\n<li> <a href=\"https:\/\/g1.globo.com\/sc\/santa-catarina\/cidade\/ita\/\" class=\"entities__list-itemLink\" data-track-click=\"It\u00e1\"> It\u00e1 <\/a> <\/li>\n<li> <a href=\"https:\/\/g1.globo.com\/sc\/santa-catarina\/cidade\/navegantes\/\" class=\"entities__list-itemLink\" data-track-click=\"Navegantes\"> Navegantes <\/a> <\/li>\n<li> <a href=\"https:\/\/g1.globo.com\/sc\/santa-catarina\/cidade\/urubici\/\" class=\"entities__list-itemLink\" data-track-click=\"Urubici\"> Urubici <\/a> <\/li>\n<\/ul>\n","protected":false},"excerpt":{"rendered":"<p>SC lidera ranking de cidades brasileiras com certificado internacional de turismo respons\u00e1vel; conhe\u00e7a destinos TOP 100 Good Practice Stories destaca boas pr\u00e1ticas sobre o turismo. Na lista, aparecem apenas mais tr\u00eas cidades de Rio Grande do Norte. Por Caroline Borges, g1 SC 19\/10\/2023 05h05 Atualizado 19\/10\/2023 1 de 6&#013;Cachoeira do Avencal, em Urubici \u2014 Foto: [&hellip;]<\/p>\n","protected":false},"author":1,"featured_media":0,"comment_status":"closed","ping_status":"closed","sticky":false,"template":"","format":"standard","meta":{"footnotes":""},"categories":[],"tags":[],"class_list":["post-54418","post","type-post","status-publish","format-standard","hentry"],"_links":{"self":[{"href":"https:\/\/blog.corretoraideal.com.br\/index.php\/wp-json\/wp\/v2\/posts\/54418","targetHints":{"allow":["GET"]}}],"collection":[{"href":"https:\/\/blog.corretoraideal.com.br\/index.php\/wp-json\/wp\/v2\/posts"}],"about":[{"href":"https:\/\/blog.corretoraideal.com.br\/index.php\/wp-json\/wp\/v2\/types\/post"}],"author":[{"embeddable":true,"href":"https:\/\/blog.corretoraideal.com.br\/index.php\/wp-json\/wp\/v2\/users\/1"}],"replies":[{"embeddable":true,"href":"https:\/\/blog.corretoraideal.com.br\/index.php\/wp-json\/wp\/v2\/comments?post=54418"}],"version-history":[{"count":1,"href":"https:\/\/blog.corretoraideal.com.br\/index.php\/wp-json\/wp\/v2\/posts\/54418\/revisions"}],"predecessor-version":[{"id":54420,"href":"https:\/\/blog.corretoraideal.com.br\/index.php\/wp-json\/wp\/v2\/posts\/54418\/revisions\/54420"}],"wp:attachment":[{"href":"https:\/\/blog.corretoraideal.com.br\/index.php\/wp-json\/wp\/v2\/media?parent=54418"}],"wp:term":[{"taxonomy":"category","embeddable":true,"href":"https:\/\/blog.corretoraideal.com.br\/index.php\/wp-json\/wp\/v2\/categories?post=54418"},{"taxonomy":"post_tag","embeddable":true,"href":"https:\/\/blog.corretoraideal.com.br\/index.php\/wp-json\/wp\/v2\/tags?post=54418"}],"curies":[{"name":"wp","href":"https:\/\/api.w.org\/{rel}","templated":true}]}}