{"id":54424,"date":"2023-11-03T15:34:54","date_gmt":"2023-11-03T15:34:54","guid":{"rendered":"https:\/\/blog.corretoraideal.com.br\/?p=54424"},"modified":"2023-11-03T15:34:54","modified_gmt":"2023-11-03T15:34:54","slug":"facebook-e-instagram-lancam-servico-de-assinatura-paga-sem-anuncios-na-europa-tecnologia-g1","status":"publish","type":"post","link":"https:\/\/blog.corretoraideal.com.br\/index.php\/2023\/11\/03\/facebook-e-instagram-lancam-servico-de-assinatura-paga-sem-anuncios-na-europa-tecnologia-g1\/","title":{"rendered":"Facebook e Instagram lan\u00e7am servi\u00e7o de assinatura paga sem an\u00fancios na Europa | Tecnologia | G1"},"content":{"rendered":"<br \/>\n<h1>Facebook e Instagram lan\u00e7am servi\u00e7o de assinatura paga sem an\u00fancios na Europa<\/h1>\n<h2>Atendendo as novas regulamenta\u00e7\u00f5es da Uni\u00e3o Europeia, que se preocupa com uso de informa\u00e7\u00f5es sem consentimento para publicidade, o novo modelo pago estar\u00e1 dispon\u00edvel em novembro de 2023.<\/h2>\n<p>       <a href=\"http:\/\/www.afp.com\/\" target=\"_blank\" rel=\"noopener noreferrer\">    <\/a>   <\/p>\n<p> Por France Presse <\/p>\n<p>  30\/10\/2023 12h56    Atualizado  30\/10\/2023    <\/p>\n<p>                         1 de 1&#013;Instagram e facebook \u2014 Foto: @dole777 via Unsplash    <\/p>\n<p> Instagram e facebook \u2014 Foto: @dole777 via Unsplash <\/p>\n<p> As redes sociais <a class href=\"https:\/\/g1.globo.com\/tudo-sobre\/facebook\/\">Facebook<\/a> e <a class href=\"https:\/\/g1.globo.com\/tudo-sobre\/instagram\/\">Instagram<\/a> disponibilizar\u00e3o, a partir de novembro de 2023, um sistema de assinatura paga para usu\u00e1rios na Europa. O an\u00fancio foi feito nesta segunda-feira (30), pela <a class href=\"https:\/\/g1.globo.com\/educacao\/universidade\/meta\/\">Meta<\/a>. <\/p>\n<ul>\n<li><a class href=\"https:\/\/g1.globo.com\/tecnologia\/noticia\/2023\/10\/27\/dicas-para-nao-acumular-arquivos-do-whatsapp-no-celular.ghtml\">Veja dicas para n\u00e3o acumular m\u00eddias do WhatsApp<\/a><\/li>\n<li><a class href=\"https:\/\/g1.globo.com\/tecnologia\/noticia\/2023\/10\/19\/whatsapp-app-permite-usar-duas-contas-no-mesmo-celular-veja-como.ghtml\">WhatsApp agora permite usar duas contas no mesmo celular; veja como<\/a><\/li>\n<\/ul>\n<p> Segundo a empresa, enquanto as assinaturas estiverem ativas, a informa\u00e7\u00e3o destes usu\u00e1rios &quot;<strong>n\u00e3o ser\u00e1 utilizada para publicidade<\/strong>&quot;. O novo recurso atende as regulamenta\u00e7\u00f5es da Uni\u00e3o Europeia (UE) (<strong>entenda mais abaixo<\/strong>). <\/p>\n<p> O <strong>plano estar\u00e1 dispon\u00edvel apenas<\/strong> para usu\u00e1rios dos pa\u00edses da UE, do Espa\u00e7o Econ\u00f4mico Europeu (EEE), que inclui Noruega, Isl\u00e2ndia e Liechtenstein. A Su\u00ed\u00e7a tamb\u00e9m ter\u00e1 o novo recurso. <\/p>\n<p> A <a class href=\"https:\/\/g1.globo.com\/educacao\/universidade\/meta\/\">Meta<\/a> disse que o custo da assinatura para usar as redes sem ver publicidades ser\u00e1 de 9,99 euros mensais (R$ 53, na cota\u00e7\u00e3o atual) para o uso na web, e 12,99 euros (R$ 68), em celulares. <\/p>\n<p> Os <strong>servi\u00e7os gratuitos continuaram operando normalmente<\/strong> com publicidade. <\/p>\n<p><h2>Os motivos<\/h2>\n<\/p>\n<p> De acordo com a <a class href=\"https:\/\/g1.globo.com\/educacao\/universidade\/meta\/\">Meta<\/a>, o lan\u00e7amento desta proposta responde \u00e0 necessidade de &quot;<a class href=\"https:\/\/g1.globo.com\/tecnologia\/noticia\/2023\/04\/25\/uniao-europeia-cria-regulacao-rigida-para-redes-sociais-veja-lista-de-empresas-atingidas.ghtml\">cumprir uma regulamenta\u00e7\u00e3o europeia em evolu\u00e7\u00e3o<\/a>&quot;. <\/p>\n<p> O modelo atual da <a class href=\"https:\/\/g1.globo.com\/educacao\/universidade\/meta\/\">Meta<\/a> \u00e9 personalizar a publicidade de acordo com informa\u00e7\u00f5es coletadas dos usu\u00e1rios, mesmo sem seu consentimento. <strong>Este \u00e9 um dos principais motivos de preocupa\u00e7\u00e3o da UE<\/strong>. <\/p>\n<p> Neste novo cen\u00e1rio, o novo servi\u00e7o \u00e9 uma tentativa de atender aos pedidos da UE em rela\u00e7\u00e3o \u00e0 privacidade e ao tratamento de informa\u00e7\u00e3o dos usu\u00e1rios. <\/p>\n<p> &quot;A op\u00e7\u00e3o para que as pessoas comprem uma assinatura sem an\u00fancios equilibra os requisitos dos reguladores europeus, ao passo que oferece aos usu\u00e1rios op\u00e7\u00f5es e permite \u00e0 <a class href=\"https:\/\/g1.globo.com\/educacao\/universidade\/meta\/\">Meta<\/a> continuar servindo a todas as pessoas na UE, no EEE [Espa\u00e7o Econ\u00f4mico Europeu] e na Su\u00ed\u00e7a&quot;, declarou a empresa. <\/p>\n<p> &quot;A assinatura sem an\u00fancios estar\u00e1 dispon\u00edvel para pessoas maiores de 18 anos, e continuamos explorando como fornecer aos adolescentes uma experi\u00eancia publicit\u00e1ria \u00fatil e respons\u00e1vel&quot;, adicionou a empresa. <\/p>\n<ul>\n<li> <a href=\"https:\/\/g1.globo.com\/tudo-sobre\/facebook\/\" class=\"entities__list-itemLink\" data-track-click=\"Facebook\"> Facebook <\/a> <\/li>\n<li> <a href=\"https:\/\/g1.globo.com\/tudo-sobre\/instagram\/\" class=\"entities__list-itemLink\" data-track-click=\"Instagram\"> Instagram <\/a> <\/li>\n<li> <a href=\"https:\/\/g1.globo.com\/educacao\/universidade\/meta\/\" class=\"entities__list-itemLink\" data-track-click=\"META\"> META <\/a> <\/li>\n<\/ul>\n","protected":false},"excerpt":{"rendered":"<p>Facebook e Instagram lan\u00e7am servi\u00e7o de assinatura paga sem an\u00fancios na Europa Atendendo as novas regulamenta\u00e7\u00f5es da Uni\u00e3o Europeia, que se preocupa com uso de informa\u00e7\u00f5es sem consentimento para publicidade, o novo modelo pago estar\u00e1 dispon\u00edvel em novembro de 2023. Por France Presse 30\/10\/2023 12h56 Atualizado 30\/10\/2023 1 de 1&#013;Instagram e facebook \u2014 Foto: @dole777 [&hellip;]<\/p>\n","protected":false},"author":1,"featured_media":0,"comment_status":"closed","ping_status":"closed","sticky":false,"template":"","format":"standard","meta":{"footnotes":""},"categories":[],"tags":[],"class_list":["post-54424","post","type-post","status-publish","format-standard","hentry"],"_links":{"self":[{"href":"https:\/\/blog.corretoraideal.com.br\/index.php\/wp-json\/wp\/v2\/posts\/54424","targetHints":{"allow":["GET"]}}],"collection":[{"href":"https:\/\/blog.corretoraideal.com.br\/index.php\/wp-json\/wp\/v2\/posts"}],"about":[{"href":"https:\/\/blog.corretoraideal.com.br\/index.php\/wp-json\/wp\/v2\/types\/post"}],"author":[{"embeddable":true,"href":"https:\/\/blog.corretoraideal.com.br\/index.php\/wp-json\/wp\/v2\/users\/1"}],"replies":[{"embeddable":true,"href":"https:\/\/blog.corretoraideal.com.br\/index.php\/wp-json\/wp\/v2\/comments?post=54424"}],"version-history":[{"count":1,"href":"https:\/\/blog.corretoraideal.com.br\/index.php\/wp-json\/wp\/v2\/posts\/54424\/revisions"}],"predecessor-version":[{"id":54426,"href":"https:\/\/blog.corretoraideal.com.br\/index.php\/wp-json\/wp\/v2\/posts\/54424\/revisions\/54426"}],"wp:attachment":[{"href":"https:\/\/blog.corretoraideal.com.br\/index.php\/wp-json\/wp\/v2\/media?parent=54424"}],"wp:term":[{"taxonomy":"category","embeddable":true,"href":"https:\/\/blog.corretoraideal.com.br\/index.php\/wp-json\/wp\/v2\/categories?post=54424"},{"taxonomy":"post_tag","embeddable":true,"href":"https:\/\/blog.corretoraideal.com.br\/index.php\/wp-json\/wp\/v2\/tags?post=54424"}],"curies":[{"name":"wp","href":"https:\/\/api.w.org\/{rel}","templated":true}]}}