{"id":54459,"date":"2023-11-08T22:32:28","date_gmt":"2023-11-08T22:32:28","guid":{"rendered":"https:\/\/blog.corretoraideal.com.br\/?p=54459"},"modified":"2023-11-08T22:32:28","modified_gmt":"2023-11-08T22:32:28","slug":"curso-gratuito-protecao-de-nascentes-esta-com-inscricoes-abertas-em-bom-jesus-do-itabapoana-norte-fluminense-g1","status":"publish","type":"post","link":"https:\/\/blog.corretoraideal.com.br\/index.php\/2023\/11\/08\/curso-gratuito-protecao-de-nascentes-esta-com-inscricoes-abertas-em-bom-jesus-do-itabapoana-norte-fluminense-g1\/","title":{"rendered":"Curso gratuito &#039;Prote\u00e7\u00e3o de Nascentes&#039; est\u00e1 com inscri\u00e7\u00f5es abertas em Bom Jesus do Itabapoana | Norte Fluminense | G1"},"content":{"rendered":"<br \/>\n<h1>Curso gratuito &#039;Prote\u00e7\u00e3o de Nascentes&#039; est\u00e1 com inscri\u00e7\u00f5es abertas em Bom Jesus do Itabapoana<\/h1>\n<h2>Inscri\u00e7\u00f5es podem ser feitas pelo telefone, com vagas limitadas, at\u00e9 o dia 13 de novembro. Aula ser\u00e1 no dia 14 de novembro.<\/h2>\n<p> Por g1 &mdash; Norte Fluminense <\/p>\n<p>  08\/11\/2023 15h56    Atualizado  08\/11\/2023    <\/p>\n<p>                      1 de 1&#013;Curso Prote\u00e7\u00e3o de Nascentes inscreve interessados at\u00e9 o dia 13 de novembro em Bom Jesus do Itabapoana \u2014 Foto: Imagem de Jerzy G\u00f3recki por Pixabay    <\/p>\n<p> Curso Prote\u00e7\u00e3o de Nascentes inscreve interessados at\u00e9 o dia 13 de novembro em Bom Jesus do Itabapoana \u2014 Foto: Imagem de Jerzy G\u00f3recki por Pixabay <\/p>\n<p> <a class href=\"https:\/\/g1.globo.com\/rj\/norte-fluminense\/cidade\/bom-jesus-do-itabapoana\/\">Bom Jesus do Itabapoana<\/a>, no Norte Fluminense, est\u00e1 com inscri\u00e7\u00f5es abertas para o curso Prote\u00e7\u00e3o de Nascentes, que ser\u00e1 realizado na pr\u00f3xima ter\u00e7a-feira (14), das 9h \u00e0s 17h, na localidade de Arraial Novo. <\/p>\n<p> O curso \u00e9 oferecido pela Secretaria Municipal de Meio Ambiente, Agricultura e Recursos H\u00eddricos, em parceria com Servi\u00e7o Nacional de Aprendizagem Rural (Senar-Rio). <\/p>\n<p> As inscri\u00e7\u00f5es s\u00e3o gratuitas. Elas come\u00e7aram nesta quarta-feira (8) e podem ser feitas at\u00e9 o dia 13 de novembro pelo telefone: (22) 3833-9610. As vagas s\u00e3o limitadas. <\/p>\n<p> Podem participar pessoas acima de 18 anos ligadas ao meio rural em geral, como produtores e seus filhos, trabalhadores rurais e profissionais do setor agropecu\u00e1rio. <\/p>\n<p> A a\u00e7\u00e3o \u00e9 vinculada ao Programa \u00c1guas de Bom Jesus (Lei Municipal n\u00ba 1508\/2021) que tem como objetivo capacitar propriet\u00e1rios e produtores rurais para prote\u00e7\u00e3o e recupera\u00e7\u00e3o de nascentes, contribuindo assim para o aumento do cuidado com os corpos d\u2019\u00e1gua da regi\u00e3o. <\/p>\n<ul>\n<li> <a href=\"https:\/\/g1.globo.com\/rj\/norte-fluminense\/cidade\/bom-jesus-do-itabapoana\/\" class=\"entities__list-itemLink\" data-track-click=\"Bom Jesus do Itabapoana\"> Bom Jesus do Itabapoana <\/a> <\/li>\n<\/ul>\n","protected":false},"excerpt":{"rendered":"<p>Curso gratuito &#039;Prote\u00e7\u00e3o de Nascentes&#039; est\u00e1 com inscri\u00e7\u00f5es abertas em Bom Jesus do Itabapoana Inscri\u00e7\u00f5es podem ser feitas pelo telefone, com vagas limitadas, at\u00e9 o dia 13 de novembro. Aula ser\u00e1 no dia 14 de novembro. Por g1 &mdash; Norte Fluminense 08\/11\/2023 15h56 Atualizado 08\/11\/2023 1 de 1&#013;Curso Prote\u00e7\u00e3o de Nascentes inscreve interessados at\u00e9 o [&hellip;]<\/p>\n","protected":false},"author":1,"featured_media":0,"comment_status":"closed","ping_status":"closed","sticky":false,"template":"","format":"standard","meta":{"footnotes":""},"categories":[],"tags":[],"class_list":["post-54459","post","type-post","status-publish","format-standard","hentry"],"_links":{"self":[{"href":"https:\/\/blog.corretoraideal.com.br\/index.php\/wp-json\/wp\/v2\/posts\/54459","targetHints":{"allow":["GET"]}}],"collection":[{"href":"https:\/\/blog.corretoraideal.com.br\/index.php\/wp-json\/wp\/v2\/posts"}],"about":[{"href":"https:\/\/blog.corretoraideal.com.br\/index.php\/wp-json\/wp\/v2\/types\/post"}],"author":[{"embeddable":true,"href":"https:\/\/blog.corretoraideal.com.br\/index.php\/wp-json\/wp\/v2\/users\/1"}],"replies":[{"embeddable":true,"href":"https:\/\/blog.corretoraideal.com.br\/index.php\/wp-json\/wp\/v2\/comments?post=54459"}],"version-history":[{"count":1,"href":"https:\/\/blog.corretoraideal.com.br\/index.php\/wp-json\/wp\/v2\/posts\/54459\/revisions"}],"predecessor-version":[{"id":54461,"href":"https:\/\/blog.corretoraideal.com.br\/index.php\/wp-json\/wp\/v2\/posts\/54459\/revisions\/54461"}],"wp:attachment":[{"href":"https:\/\/blog.corretoraideal.com.br\/index.php\/wp-json\/wp\/v2\/media?parent=54459"}],"wp:term":[{"taxonomy":"category","embeddable":true,"href":"https:\/\/blog.corretoraideal.com.br\/index.php\/wp-json\/wp\/v2\/categories?post=54459"},{"taxonomy":"post_tag","embeddable":true,"href":"https:\/\/blog.corretoraideal.com.br\/index.php\/wp-json\/wp\/v2\/tags?post=54459"}],"curies":[{"name":"wp","href":"https:\/\/api.w.org\/{rel}","templated":true}]}}