{"id":54462,"date":"2023-11-09T21:15:58","date_gmt":"2023-11-09T21:15:58","guid":{"rendered":"https:\/\/blog.corretoraideal.com.br\/?p=54462"},"modified":"2023-11-09T21:15:58","modified_gmt":"2023-11-09T21:15:58","slug":"etias-autorizacao-para-viagens-para-a-europa-e-adiada-para-2025-turismo-e-viagem-g1","status":"publish","type":"post","link":"https:\/\/blog.corretoraideal.com.br\/index.php\/2023\/11\/09\/etias-autorizacao-para-viagens-para-a-europa-e-adiada-para-2025-turismo-e-viagem-g1\/","title":{"rendered":"Etias: autoriza\u00e7\u00e3o para viagens para a Europa \u00e9 adiada para 2025 | Turismo e Viagem | G1"},"content":{"rendered":"<p>                <img loading=\"lazy\" decoding=\"async\" class=\"aligncenter size-full wp-image-54464\" src=\"https:\/\/blog.corretoraideal.com.br\/wp-content\/uploads\/2023\/11\/veja-7-pontos-sobre-a-nova-autorizacao-que-vai-ser-exigida-em-viagens-para-a-europa.jpeg\" alt=\"Veja 7 pontos sobre a nova autoriza\u00e7\u00e3o que vai ser exigida em viagens para a Europa\" width=\"800\" height=\"400\" \/>      <\/p>\n<p> Veja 7 pontos sobre a nova autoriza\u00e7\u00e3o que vai ser exigida em viagens para a Europa <\/p>\n<p> O novo Sistema Europeu de Informa\u00e7\u00e3o e Autoriza\u00e7\u00e3o de Viagens (<a class href=\"https:\/\/g1.globo.com\/turismo-e-viagem\/noticia\/2022\/05\/24\/etias-conheca-a-nova-autorizacao-que-vai-ser-exigida-em-viagens-para-a-europa.ghtml\">Etias<\/a>), que vai avaliar o perfil de cada turista que quiser viajar para Uni\u00e3o Europeia, s\u00f3 dever\u00e1 ser exigido a partir do meio de 2025 <\/p>\n<p> A expectativa anterior era de que ele come\u00e7asse a ser cobrado em novembro deste ano. <\/p>\n<p> A ideia da Comiss\u00e3o Europeia \u00e9 exigir essa autoriza\u00e7\u00e3o para aprimorar a seguran\u00e7a do Espa\u00e7o Schengen (que abrange 26 pa\u00edses). O sistema est\u00e1 sendo discutido desde 2016 e passaria a valer em 2021, mas vem sendo adiado desde ent\u00e3o. <\/p>\n<p> O <strong>Etias n\u00e3o \u00e9 um visto<\/strong>, mas uma esp\u00e9cie de permiss\u00e3o on-line, que se pede uma vez a cada tr\u00eas anos. Enquanto ele n\u00e3o \u00e9 implantado, algumas nacionalidades, como a brasileira, t\u00eam permiss\u00e3o de entrada de turismo na \u00e1rea sem qualquer tipo de visto ou autoriza\u00e7\u00e3o de viagem. <\/p>\n<p><h2>Como o Etias vai funcionar?<\/h2>\n<\/p>\n<p> Quem quiser visitar os 26 pa\u00edses que fazem parte do espa\u00e7o de Schengen precisar\u00e1 solicitar o Etias, que ser\u00e1 concedido a partir de an\u00e1lise de informa\u00e7\u00f5es pessoais preenchidas em formul\u00e1rio online, como data de nascimento, antecedentes criminais e informa\u00e7\u00f5es sobre a viagem. <\/p>\n<p> A autoriza\u00e7\u00e3o permitir\u00e1 que a pessoa que est\u00e1 viajando a turismo ou neg\u00f3cios fique at\u00e9 90 dias no pa\u00eds, dentro de per\u00edodos de 180 dias, ou seja, ap\u00f3s voltar ao pa\u00eds de origem, seria preciso um intervalo de pelo menos 90 dias para retornar \u00e0 Europa. <\/p>\n<p> Al\u00e9m disso, a aprova\u00e7\u00e3o ser\u00e1 v\u00e1lida por tr\u00eas anos, a menos que o passaporte expire antes. <\/p>\n<p> <strong>Leia tamb\u00e9m:<\/strong> <\/p>\n<ul>\n<li><strong>Global Entry:<\/strong><a class href=\"https:\/\/g1.globo.com\/turismo-e-viagem\/noticia\/2022\/02\/07\/global-entry-veja-como-se-inscrever-no-programa-fura-fila-da-imigracao-que-torna-entrada-mais-rapida-nos-eua.ghtml\"> como se inscrever no programa que torna entrada mais r\u00e1pida nos EUA<\/a><\/li>\n<li><strong>Visto para os EUA: <\/strong><a class href=\"https:\/\/g1.globo.com\/turismo-e-viagem\/noticia\/2023\/07\/04\/fila-para-tirar-visto-americano-cai-em-sao-paulo-rj-porto-alegre-brasilia-e-recife.ghtml\">fila cai pela metade em S\u00e3o Paulo; Rio, Porto Alegre e Bras\u00edlia tamb\u00e9m t\u00eam queda <\/a><\/li>\n<li><a class href=\"https:\/\/g1.globo.com\/turismo-e-viagem\/noticia\/2023\/11\/01\/museu-recebe-visitantes-pelados-em-exposicao-fotografica-de-estatuas-gregas-nuas.ghtml\">Museu recebe visitantes pelados em exposi\u00e7\u00e3o fotogr\u00e1fica de est\u00e1tuas gregas nuas<\/a><\/li>\n<\/ul>\n<p><h2>Veja v\u00eddeos:<\/h2>\n<\/p>\n<p>                   <img loading=\"lazy\" decoding=\"async\" class=\"aligncenter size-full wp-image-54465\" src=\"https:\/\/blog.corretoraideal.com.br\/wp-content\/uploads\/2023\/11\/veja-como-tirar-o-passaporte.jpeg\" alt=\"Veja como tirar o passaporte\" width=\"800\" height=\"400\" \/>      <\/p>\n<p> Veja como tirar o passaporte <\/p>\n<p>                    <img loading=\"lazy\" decoding=\"async\" class=\"aligncenter size-full wp-image-54466\" src=\"https:\/\/blog.corretoraideal.com.br\/wp-content\/uploads\/2023\/11\/como-tirar-o-visto-de-turismo-para-os-eua.jpeg\" alt=\"Como tirar o visto de turismo para os EUA\" width=\"800\" height=\"400\" \/>      <\/p>\n<p> Como tirar o visto de turismo para os EUA <\/p>\n<ul>\n<li> <a href=\"https:\/\/g1.globo.com\/tudo-sobre\/brasil\/\" class=\"entities__list-itemLink\" data-track-click=\"Brasil\"> Brasil <\/a> <\/li>\n<li> <a href=\"https:\/\/g1.globo.com\/tudo-sobre\/irlanda\/\" class=\"entities__list-itemLink\" data-track-click=\"Irlanda\"> Irlanda <\/a> <\/li>\n<li> <a href=\"https:\/\/g1.globo.com\/tudo-sobre\/monaco\/\" class=\"entities__list-itemLink\" data-track-click=\"M\u00f4naco\"> M\u00f4naco <\/a> <\/li>\n<li> <a href=\"https:\/\/g1.globo.com\/tudo-sobre\/san-marino\/\" class=\"entities__list-itemLink\" data-track-click=\"San Marino\"> San Marino <\/a> <\/li>\n<li> <a href=\"https:\/\/g1.globo.com\/tudo-sobre\/vaticano\/\" class=\"entities__list-itemLink\" data-track-click=\"Vaticano\"> Vaticano <\/a> <\/li>\n<\/ul>\n","protected":false},"excerpt":{"rendered":"<p>Veja 7 pontos sobre a nova autoriza\u00e7\u00e3o que vai ser exigida em viagens para a Europa O novo Sistema Europeu de Informa\u00e7\u00e3o e Autoriza\u00e7\u00e3o de Viagens (Etias), que vai avaliar o perfil de cada turista que quiser viajar para Uni\u00e3o Europeia, s\u00f3 dever\u00e1 ser exigido a partir do meio de 2025 A expectativa anterior era [&hellip;]<\/p>\n","protected":false},"author":1,"featured_media":0,"comment_status":"closed","ping_status":"closed","sticky":false,"template":"","format":"standard","meta":{"footnotes":""},"categories":[],"tags":[],"class_list":["post-54462","post","type-post","status-publish","format-standard","hentry"],"_links":{"self":[{"href":"https:\/\/blog.corretoraideal.com.br\/index.php\/wp-json\/wp\/v2\/posts\/54462","targetHints":{"allow":["GET"]}}],"collection":[{"href":"https:\/\/blog.corretoraideal.com.br\/index.php\/wp-json\/wp\/v2\/posts"}],"about":[{"href":"https:\/\/blog.corretoraideal.com.br\/index.php\/wp-json\/wp\/v2\/types\/post"}],"author":[{"embeddable":true,"href":"https:\/\/blog.corretoraideal.com.br\/index.php\/wp-json\/wp\/v2\/users\/1"}],"replies":[{"embeddable":true,"href":"https:\/\/blog.corretoraideal.com.br\/index.php\/wp-json\/wp\/v2\/comments?post=54462"}],"version-history":[{"count":1,"href":"https:\/\/blog.corretoraideal.com.br\/index.php\/wp-json\/wp\/v2\/posts\/54462\/revisions"}],"predecessor-version":[{"id":54467,"href":"https:\/\/blog.corretoraideal.com.br\/index.php\/wp-json\/wp\/v2\/posts\/54462\/revisions\/54467"}],"wp:attachment":[{"href":"https:\/\/blog.corretoraideal.com.br\/index.php\/wp-json\/wp\/v2\/media?parent=54462"}],"wp:term":[{"taxonomy":"category","embeddable":true,"href":"https:\/\/blog.corretoraideal.com.br\/index.php\/wp-json\/wp\/v2\/categories?post=54462"},{"taxonomy":"post_tag","embeddable":true,"href":"https:\/\/blog.corretoraideal.com.br\/index.php\/wp-json\/wp\/v2\/tags?post=54462"}],"curies":[{"name":"wp","href":"https:\/\/api.w.org\/{rel}","templated":true}]}}