{"id":54472,"date":"2023-11-09T22:47:05","date_gmt":"2023-11-09T22:47:05","guid":{"rendered":"https:\/\/blog.corretoraideal.com.br\/?p=54472"},"modified":"2023-11-09T22:47:05","modified_gmt":"2023-11-09T22:47:05","slug":"steve-wozniak-cofundador-da-apple-deixa-hospital-apos-sofrer-avc-diz-site-tecnologia-g1","status":"publish","type":"post","link":"https:\/\/blog.corretoraideal.com.br\/index.php\/2023\/11\/09\/steve-wozniak-cofundador-da-apple-deixa-hospital-apos-sofrer-avc-diz-site-tecnologia-g1\/","title":{"rendered":"Steve Wozniak, cofundador da Apple, deixa hospital ap\u00f3s sofrer AVC, diz site | Tecnologia | G1"},"content":{"rendered":"<br \/>\n<h1>Steve Wozniak, cofundador da Apple, deixa hospital ap\u00f3s sofrer AVC, diz site<\/h1>\n<h2>Empres\u00e1rio afirmou \u00e0 ABC News que sofreu um acidente vascular cerebral &#034;pequeno, mas real&#034;. Ele realizaria uma palestra no M\u00e9xico, mas voltou para sua casa nos Estados Unidos.<\/h2>\n<p> Por g1 <\/p>\n<p>  09\/11\/2023 18h26    Atualizado  09\/11\/2023    <\/p>\n<p>                      1 de 1&#013;Steve Wozniak, cofundador da Apple, durante palestra na Hungria, em outubro de 2019 \u2014 Foto: Marton Monus\/MTI via AP    <\/p>\n<p> Steve Wozniak, cofundador da Apple, durante palestra na Hungria, em outubro de 2019 \u2014 Foto: Marton Monus\/MTI via AP <\/p>\n<p> Steve Wozniak, cofundador da <a class href=\"https:\/\/g1.globo.com\/tudo-sobre\/apple\/\">Apple<\/a>, deixou nesta quinta-feira (9) o hospital em que estava internado na Cidade do M\u00e9xico ap\u00f3s sofrer um acidente vascular cerebral (AVC), informou o site americano ABC News. <\/p>\n<p> Segundo o ve\u00edculo, Wozniak disse que passou por uma resson\u00e2ncia magn\u00e9tica depois de sentir tontura e n\u00e3o conseguir andar na quarta-feira (8). O empres\u00e1rio afirmou ao site que o procedimento indicou &quot;um AVC pequeno, mas real&quot;. <\/p>\n<p> O engenheiro eletr\u00f4nico, de 73 anos, realizaria uma palestra no M\u00e9xico, mas viajou de volta para a sua resid\u00eancia nos Estados Unidos ap\u00f3s o incidente. <\/p>\n<p> Wozniak fundou a Apple em 1976 junto de seu parceiro de neg\u00f3cios <a class href=\"https:\/\/g1.globo.com\/tudo-sobre\/steve-jobs\/\">Steve Jobs<\/a>, investidor e CEO de longa data da empresa, que morreu em 2011. <\/p>\n<p> A companhia se tornou a mais valiosa do mundo, avaliada em quase US$ 3 trilh\u00f5es (cerca de R$ 5 trilh\u00f5es). <\/p>\n<ul>\n<li> <a href=\"https:\/\/g1.globo.com\/tudo-sobre\/apple\/\" class=\"entities__list-itemLink\" data-track-click=\"Apple\"> Apple <\/a> <\/li>\n<li> <a href=\"https:\/\/g1.globo.com\/tudo-sobre\/steve-jobs\/\" class=\"entities__list-itemLink\" data-track-click=\"Steve Jobs\"> Steve Jobs <\/a> <\/li>\n<\/ul>\n","protected":false},"excerpt":{"rendered":"<p>Steve Wozniak, cofundador da Apple, deixa hospital ap\u00f3s sofrer AVC, diz site Empres\u00e1rio afirmou \u00e0 ABC News que sofreu um acidente vascular cerebral &#034;pequeno, mas real&#034;. Ele realizaria uma palestra no M\u00e9xico, mas voltou para sua casa nos Estados Unidos. Por g1 09\/11\/2023 18h26 Atualizado 09\/11\/2023 1 de 1&#013;Steve Wozniak, cofundador da Apple, durante palestra [&hellip;]<\/p>\n","protected":false},"author":1,"featured_media":0,"comment_status":"closed","ping_status":"closed","sticky":false,"template":"","format":"standard","meta":{"footnotes":""},"categories":[],"tags":[],"class_list":["post-54472","post","type-post","status-publish","format-standard","hentry"],"_links":{"self":[{"href":"https:\/\/blog.corretoraideal.com.br\/index.php\/wp-json\/wp\/v2\/posts\/54472","targetHints":{"allow":["GET"]}}],"collection":[{"href":"https:\/\/blog.corretoraideal.com.br\/index.php\/wp-json\/wp\/v2\/posts"}],"about":[{"href":"https:\/\/blog.corretoraideal.com.br\/index.php\/wp-json\/wp\/v2\/types\/post"}],"author":[{"embeddable":true,"href":"https:\/\/blog.corretoraideal.com.br\/index.php\/wp-json\/wp\/v2\/users\/1"}],"replies":[{"embeddable":true,"href":"https:\/\/blog.corretoraideal.com.br\/index.php\/wp-json\/wp\/v2\/comments?post=54472"}],"version-history":[{"count":1,"href":"https:\/\/blog.corretoraideal.com.br\/index.php\/wp-json\/wp\/v2\/posts\/54472\/revisions"}],"predecessor-version":[{"id":54474,"href":"https:\/\/blog.corretoraideal.com.br\/index.php\/wp-json\/wp\/v2\/posts\/54472\/revisions\/54474"}],"wp:attachment":[{"href":"https:\/\/blog.corretoraideal.com.br\/index.php\/wp-json\/wp\/v2\/media?parent=54472"}],"wp:term":[{"taxonomy":"category","embeddable":true,"href":"https:\/\/blog.corretoraideal.com.br\/index.php\/wp-json\/wp\/v2\/categories?post=54472"},{"taxonomy":"post_tag","embeddable":true,"href":"https:\/\/blog.corretoraideal.com.br\/index.php\/wp-json\/wp\/v2\/tags?post=54472"}],"curies":[{"name":"wp","href":"https:\/\/api.w.org\/{rel}","templated":true}]}}