{"id":54476,"date":"2023-11-10T00:33:49","date_gmt":"2023-11-10T00:33:49","guid":{"rendered":"https:\/\/blog.corretoraideal.com.br\/?p=54476"},"modified":"2023-11-10T00:33:49","modified_gmt":"2023-11-10T00:33:49","slug":"itaperuna-tera-dia-d-de-cuidados-com-a-saude-do-homem-neste-sabado-norte-fluminense-g1","status":"publish","type":"post","link":"https:\/\/blog.corretoraideal.com.br\/index.php\/2023\/11\/10\/itaperuna-tera-dia-d-de-cuidados-com-a-saude-do-homem-neste-sabado-norte-fluminense-g1\/","title":{"rendered":"Itaperuna ter\u00e1 dia D de cuidados com a sa\u00fade do homem neste s\u00e1bado | Norte Fluminense | G1"},"content":{"rendered":"<br \/>\n<h1>Itaperuna ter\u00e1 dia D de cuidados com a sa\u00fade do homem neste s\u00e1bado<\/h1>\n<h2> Entre os objetivos da a\u00e7\u00e3o est\u00e3o a preven\u00e7\u00e3o ao c\u00e2ncer de pr\u00f3stata e realiza\u00e7\u00e3o de diversos exames.<\/h2>\n<p> Por g1 &mdash; Itaperuna <\/p>\n<p>  09\/11\/2023 13h26    Atualizado  09\/11\/2023    <\/p>\n<p>                      1 de 2&#013;Novembro azul \u00e9 uma campanha realizada neste m\u00eas para alertar homens sobre o c\u00e2ncer de pr\u00f3stata \u2014 Foto: Divulga\u00e7\u00e3o    <\/p>\n<p> Novembro azul \u00e9 uma campanha realizada neste m\u00eas para alertar homens sobre o c\u00e2ncer de pr\u00f3stata \u2014 Foto: Divulga\u00e7\u00e3o <\/p>\n<p> Itaperuna, no Norte Fluminense, vai realizar, neste s\u00e1bado (11), o Dia D de Cuidados com a Sa\u00fade do Homem e Preven\u00e7\u00e3o ao C\u00e2ncer de Pr\u00f3stata. <\/p>\n<p> Os atendimentos ser\u00e3o na parte da manh\u00e3, de 8h \u00e0s 12h, em frente ao Col\u00e9gio Estadual 10 de Maio, na Av. Cardoso Moreira, no Centro. <\/p>\n<p> Os homens ter\u00e3o aten\u00e7\u00e3o especial, recebendo orienta\u00e7\u00f5es sobre preven\u00e7\u00e3o do c\u00e2ncer de pr\u00f3stata, mas poder\u00e3o ainda fazer testes r\u00e1pidos para Infec\u00e7\u00f5es Sexualmente Transmiss\u00edveis (ISTs), cadastramento no Programa Sa\u00fade do Homem, aferi\u00e7\u00e3o de press\u00e3o arterial, entre outros. <\/p>\n<p> Neste m\u00eas, os servi\u00e7os de sa\u00fade se dedicam a campanha &quot;Novembro Azul&quot;, que busca conscientizar sobre a import\u00e2ncia da preven\u00e7\u00e3o e detec\u00e7\u00e3o precoce do c\u00e2ncer de pr\u00f3stata. <\/p>\n<p><h2>C\u00e2ncer de pr\u00f3stata<\/h2>\n<\/p>\n<p>         2 de 2&#013;Junto com o PSA, o toque retal \u00e9 uma das etapas propostas para o rastreamento do c\u00e2ncer de pr\u00f3stata. \u2014 Foto: GETTY IMAGES via BBC    <\/p>\n<p> Junto com o PSA, o toque retal \u00e9 uma das etapas propostas para o rastreamento do c\u00e2ncer de pr\u00f3stata. \u2014 Foto: GETTY IMAGES via BBC <\/p>\n<p> A cada hora, oito homens brasileiros recebem o diagn\u00f3stico de c\u00e2ncer de pr\u00f3stata. Desses, dois ir\u00e3o morrer por causa do problema. <\/p>\n<p> Em n\u00fameros absolutos, essa doen\u00e7a provoca 71,7 mil casos e 16,3 mil mortes ao ano no pa\u00eds. Isso faz desse tumor o segundo tipo mais frequente no p\u00fablico masculino, atr\u00e1s apenas do c\u00e2ncer de pele n\u00e3o melanoma. <\/p>\n<p> Quando o assunto \u00e9 a preven\u00e7\u00e3o dessa enfermidade, existem duas estrat\u00e9gias principais. A primeira delas foca em controlar os fatores de risco que predisp\u00f5em o surgimento do tumor \u2014 como n\u00e3o fumar e manter o peso adequado ao longo da vida por meio de uma dieta adequada e da pr\u00e1tica regular de exerc\u00edcios f\u00edsicos. <\/p>\n<p> A segunda envolve a detec\u00e7\u00e3o precoce do c\u00e2ncer nessa gl\u00e2ndula do sistema reprodutivo, respons\u00e1vel pela produ\u00e7\u00e3o do l\u00edquido que comp\u00f5e o s\u00eamen junto com os espermatozoides. <\/p>\n<ul>\n<li><a class href=\"https:\/\/g1.globo.com\/saude\/noticia\/2023\/11\/09\/cancer-de-prostata-quando-o-homem-realmente-deve-fazer-os-exames-preventivos.ghtml\">Saiba mais sobre o c\u00e2ncer de pr\u00f3stata e quando o homem realmente deve fazer os exames preventivos<\/a><\/li>\n<\/ul>\n<p>                   <img loading=\"lazy\" decoding=\"async\" class=\"aligncenter size-full wp-image-54478\" src=\"https:\/\/blog.corretoraideal.com.br\/wp-content\/uploads\/2023\/11\/cancer-de-prostata-doenca-mata-um-homem-em-cada-38-minutos-no-brasil.jpeg\" alt=\"C\u00e2ncer de pr\u00f3stata: doen\u00e7a mata um homem em cada 38 minutos no Brasil\" width=\"800\" height=\"400\" \/>      <\/p>\n<p> C\u00e2ncer de pr\u00f3stata: doen\u00e7a mata um homem em cada 38 minutos no Brasil <\/p>\n<ul> <\/ul>\n","protected":false},"excerpt":{"rendered":"<p>Itaperuna ter\u00e1 dia D de cuidados com a sa\u00fade do homem neste s\u00e1bado Entre os objetivos da a\u00e7\u00e3o est\u00e3o a preven\u00e7\u00e3o ao c\u00e2ncer de pr\u00f3stata e realiza\u00e7\u00e3o de diversos exames. Por g1 &mdash; Itaperuna 09\/11\/2023 13h26 Atualizado 09\/11\/2023 1 de 2&#013;Novembro azul \u00e9 uma campanha realizada neste m\u00eas para alertar homens sobre o c\u00e2ncer de [&hellip;]<\/p>\n","protected":false},"author":1,"featured_media":0,"comment_status":"closed","ping_status":"closed","sticky":false,"template":"","format":"standard","meta":{"footnotes":""},"categories":[],"tags":[],"class_list":["post-54476","post","type-post","status-publish","format-standard","hentry"],"_links":{"self":[{"href":"https:\/\/blog.corretoraideal.com.br\/index.php\/wp-json\/wp\/v2\/posts\/54476","targetHints":{"allow":["GET"]}}],"collection":[{"href":"https:\/\/blog.corretoraideal.com.br\/index.php\/wp-json\/wp\/v2\/posts"}],"about":[{"href":"https:\/\/blog.corretoraideal.com.br\/index.php\/wp-json\/wp\/v2\/types\/post"}],"author":[{"embeddable":true,"href":"https:\/\/blog.corretoraideal.com.br\/index.php\/wp-json\/wp\/v2\/users\/1"}],"replies":[{"embeddable":true,"href":"https:\/\/blog.corretoraideal.com.br\/index.php\/wp-json\/wp\/v2\/comments?post=54476"}],"version-history":[{"count":1,"href":"https:\/\/blog.corretoraideal.com.br\/index.php\/wp-json\/wp\/v2\/posts\/54476\/revisions"}],"predecessor-version":[{"id":54479,"href":"https:\/\/blog.corretoraideal.com.br\/index.php\/wp-json\/wp\/v2\/posts\/54476\/revisions\/54479"}],"wp:attachment":[{"href":"https:\/\/blog.corretoraideal.com.br\/index.php\/wp-json\/wp\/v2\/media?parent=54476"}],"wp:term":[{"taxonomy":"category","embeddable":true,"href":"https:\/\/blog.corretoraideal.com.br\/index.php\/wp-json\/wp\/v2\/categories?post=54476"},{"taxonomy":"post_tag","embeddable":true,"href":"https:\/\/blog.corretoraideal.com.br\/index.php\/wp-json\/wp\/v2\/tags?post=54476"}],"curies":[{"name":"wp","href":"https:\/\/api.w.org\/{rel}","templated":true}]}}