{"id":54487,"date":"2023-12-03T09:38:03","date_gmt":"2023-12-03T09:38:03","guid":{"rendered":"https:\/\/blog.corretoraideal.com.br\/?p=54487"},"modified":"2023-12-03T09:38:03","modified_gmt":"2023-12-03T09:38:03","slug":"jovem-estupra-mata-colega-de-escola-e-esfaqueia-o-namorado-dela-apos-atrair-um-por-um-com-mensagens-diz-policia-norte-fluminense-g1","status":"publish","type":"post","link":"https:\/\/blog.corretoraideal.com.br\/index.php\/2023\/12\/03\/jovem-estupra-mata-colega-de-escola-e-esfaqueia-o-namorado-dela-apos-atrair-um-por-um-com-mensagens-diz-policia-norte-fluminense-g1\/","title":{"rendered":"Jovem estupra, mata colega de escola e esfaqueia o namorado dela ap\u00f3s atrair um por um com mensagens, diz pol\u00edcia | Norte Fluminense | G1"},"content":{"rendered":"<br \/>\n<h1>Jovem estupra, mata colega de escola e esfaqueia o namorado dela ap\u00f3s atrair um por um com mensagens, diz pol\u00edcia<\/h1>\n<h2>Segundo a Pol\u00edcia Civil, estudante de 18 anos confessou o crime. Caso ocorreu nesta sexta-feira (1\u00ba) em S\u00e3o Jo\u00e3o da Barra, no Norte Fluminense. Jovem foi enterrada neste s\u00e1bado (2).<\/h2>\n<p> Por Monique teixeira, Ariane Marques, Jo\u00e3o Villa Real, g1 &mdash; S\u00e3o Jo\u00e3o da Barra <\/p>\n<p>  02\/12\/2023 18h54    Atualizado  02\/12\/2023    <\/p>\n<p>                             <img loading=\"lazy\" decoding=\"async\" class=\"aligncenter size-full wp-image-54489\" src=\"https:\/\/blog.corretoraideal.com.br\/wp-content\/uploads\/2023\/12\/corpo-de-adolescente-assassinada-por-colega-de-escola-e-enterrado-em-sao-joao-da-barra.jpeg\" alt=\"Corpo de adolescente assassinada por colega de escola \u00e9 enterrado em S\u00e3o Jo\u00e3o da Barra\" width=\"800\" height=\"400\" \/>      <\/p>\n<p> Corpo de adolescente assassinada por colega de escola \u00e9 enterrado em S\u00e3o Jo\u00e3o da Barra <\/p>\n<p> Uma adolescente de 17 anos foi estuprada e asfixiada por um colega de escola, de 18 anos, que foi preso em flagrante nesta sexta-feira (1\u00ba) no distrito de Atafona, em <a class href=\"https:\/\/g1.globo.com\/rj\/norte-fluminense\/cidade\/sao-joao-da-barra\/\">S\u00e3o Jo\u00e3o da Barra<\/a>, no Norte Fluminense. <\/p>\n<p> Ap\u00f3s matar a jovem na casa dele, o estudante tamb\u00e9m atraiu o namorado dela, de 16 anos, que foi esfaqueado no pesco\u00e7o, no peito e no rosto mas conseguiu fugir. O corpo da jovem foi enterrado neste s\u00e1bado (2). <\/p>\n<p>         1 de 1&#013;Corpo de jovem morta por colega de escola, segundo a pol\u00edcia, \u00e9 enterrada neste s\u00e1bado em S\u00e3o Jo\u00e3o da Barra \u2014 Foto: Reprodu\u00e7\u00e3o Inter TV RJ    <\/p>\n<p> Corpo de jovem morta por colega de escola, segundo a pol\u00edcia, \u00e9 enterrada neste s\u00e1bado em S\u00e3o Jo\u00e3o da Barra \u2014 Foto: Reprodu\u00e7\u00e3o Inter TV RJ <\/p>\n<p><h2>Como ele atraiu a adolescente<\/h2>\n<\/p>\n<p> A delegada Madeleine Dykeman, da delegacia de Guarus (146\u00aa DP), onde o caso foi registrado, explica que ele atraiu a menina at\u00e9 a casa dele enviando mensagem, dizendo que a presentearia com um livro. <\/p>\n<p>                   <img loading=\"lazy\" decoding=\"async\" class=\"aligncenter size-full wp-image-54490\" src=\"https:\/\/blog.corretoraideal.com.br\/wp-content\/uploads\/2023\/12\/crime-brutal-em-sao-joao-da-barra.jpeg\" alt=\"Crime brutal em S\u00e3o Jo\u00e3o da Barra\" width=\"800\" height=\"400\" \/>      <\/p>\n<p> Crime brutal em S\u00e3o Jo\u00e3o da Barra <\/p>\n<p> &quot;Ao chegar na casa, ele j\u00e1 tinha a inten\u00e7\u00e3o de mat\u00e1-la. Ent\u00e3o, ele leva a menina para um c\u00f4modo que existe no quintal dele, e, nesse momento, come\u00e7a a tentar esgan\u00e1-la. A menina conseguiu, segundo ele, pegar uma faca, ele quebrou essa faca e jogou longe. Em seguida, ele esganou a v\u00edtima at\u00e9 a morte. Ele alega que esganou com as m\u00e3os, mas, pelas fotos que n\u00f3s tiramos no local, h\u00e1 possibilidade dele ter feito a esganadura, a asfixia, atrav\u00e9s de um fio de uma escova el\u00e9trica&quot;, conta a delegada. <\/p>\n<p><h2>Como atraiu o namorado da v\u00edtima<\/h2>\n<\/p>\n<p> De acordo com a pol\u00edcia, a partir do depoimento do estudante preso em flagrante, para atrair o namorado da v\u00edtima, ele se passou por ela, usando o celular dela, e enviou mensagem. Ao chegar, o jovem foi levado at\u00e9 o c\u00f4modo onde o crime ocorreu. <\/p>\n<p>&quot;Quando o menino vai at\u00e9 a casa, ele tamb\u00e9m conduz o menino at\u00e9 o c\u00f4modo dos fundos e, nesse momento, ele diz que matou a menina e esfaqueia ele por tr\u00e1s&quot;, explica a delegada. <\/p>\n<p> Mesmo ferido, o namorado da jovem conseguiu fugir, segundo a pol\u00edcia, porque a irm\u00e3 do suspeito do crime estava em uma casa em frente, e teria ouvido os gritos e foi at\u00e9 l\u00e1. Ela teria levado o irm\u00e3o para a rua, onde foi agredido por pessoas que estavam pr\u00f3ximas do local. <\/p>\n<p> De acordo com o Hospital Ferreira Machado, onde o namorado da v\u00edtima est\u00e1 internado, ele passou por cirurgia, est\u00e1 l\u00facido, est\u00e1vel e em observa\u00e7\u00e3o. <\/p>\n<p> Segundo a pol\u00edcia, o resultado da per\u00edcia comprovou que a adolescente foi estuprada antes de ser morta. <\/p>\n<p><h2>Motiva\u00e7\u00e3o do crime<\/h2>\n<\/p>\n<p> Sobre a motiva\u00e7\u00e3o do crime, a delegada disse que, ao ser questionado v\u00e1rias vezes &quot;se havia alguma rela\u00e7\u00e3o afetiva, se havia algum amor plat\u00f4nico, se havia algum amor n\u00e3o correspondido, ele afirma que n\u00e3o, que eram apenas colegas&quot;. <\/p>\n<p> O jovem ainda contou que j\u00e1 estudava na mesma escola da colega h\u00e1 bastante tempo, mas s\u00f3 esse ano se tornaram amigos. <\/p>\n<ul>\n<li> <a href=\"https:\/\/g1.globo.com\/rj\/norte-fluminense\/cidade\/campos-dos-goytacazes\/\" class=\"entities__list-itemLink\" data-track-click=\"Campos dos Goytacazes\"> Campos dos Goytacazes <\/a> <\/li>\n<li> <a href=\"https:\/\/g1.globo.com\/rj\/norte-fluminense\/cidade\/sao-joao-da-barra\/\" class=\"entities__list-itemLink\" data-track-click=\"S\u00e3o Jo\u00e3o da Barra\"> S\u00e3o Jo\u00e3o da Barra <\/a> <\/li>\n<\/ul>\n","protected":false},"excerpt":{"rendered":"<p>Jovem estupra, mata colega de escola e esfaqueia o namorado dela ap\u00f3s atrair um por um com mensagens, diz pol\u00edcia Segundo a Pol\u00edcia Civil, estudante de 18 anos confessou o crime. Caso ocorreu nesta sexta-feira (1\u00ba) em S\u00e3o Jo\u00e3o da Barra, no Norte Fluminense. Jovem foi enterrada neste s\u00e1bado (2). Por Monique teixeira, Ariane Marques, [&hellip;]<\/p>\n","protected":false},"author":1,"featured_media":0,"comment_status":"closed","ping_status":"closed","sticky":false,"template":"","format":"standard","meta":{"footnotes":""},"categories":[],"tags":[],"class_list":["post-54487","post","type-post","status-publish","format-standard","hentry"],"_links":{"self":[{"href":"https:\/\/blog.corretoraideal.com.br\/index.php\/wp-json\/wp\/v2\/posts\/54487","targetHints":{"allow":["GET"]}}],"collection":[{"href":"https:\/\/blog.corretoraideal.com.br\/index.php\/wp-json\/wp\/v2\/posts"}],"about":[{"href":"https:\/\/blog.corretoraideal.com.br\/index.php\/wp-json\/wp\/v2\/types\/post"}],"author":[{"embeddable":true,"href":"https:\/\/blog.corretoraideal.com.br\/index.php\/wp-json\/wp\/v2\/users\/1"}],"replies":[{"embeddable":true,"href":"https:\/\/blog.corretoraideal.com.br\/index.php\/wp-json\/wp\/v2\/comments?post=54487"}],"version-history":[{"count":1,"href":"https:\/\/blog.corretoraideal.com.br\/index.php\/wp-json\/wp\/v2\/posts\/54487\/revisions"}],"predecessor-version":[{"id":54491,"href":"https:\/\/blog.corretoraideal.com.br\/index.php\/wp-json\/wp\/v2\/posts\/54487\/revisions\/54491"}],"wp:attachment":[{"href":"https:\/\/blog.corretoraideal.com.br\/index.php\/wp-json\/wp\/v2\/media?parent=54487"}],"wp:term":[{"taxonomy":"category","embeddable":true,"href":"https:\/\/blog.corretoraideal.com.br\/index.php\/wp-json\/wp\/v2\/categories?post=54487"},{"taxonomy":"post_tag","embeddable":true,"href":"https:\/\/blog.corretoraideal.com.br\/index.php\/wp-json\/wp\/v2\/tags?post=54487"}],"curies":[{"name":"wp","href":"https:\/\/api.w.org\/{rel}","templated":true}]}}