{"id":54503,"date":"2023-12-03T14:33:27","date_gmt":"2023-12-03T14:33:27","guid":{"rendered":"https:\/\/blog.corretoraideal.com.br\/?p=54503"},"modified":"2023-12-03T14:33:27","modified_gmt":"2023-12-03T14:33:27","slug":"assustado-com-grito-da-filha-na-madrugada-casal-flagra-pedreiro-no-quarto-matando-jovem-esfaqueada-norte-fluminense-g1","status":"publish","type":"post","link":"https:\/\/blog.corretoraideal.com.br\/index.php\/2023\/12\/03\/assustado-com-grito-da-filha-na-madrugada-casal-flagra-pedreiro-no-quarto-matando-jovem-esfaqueada-norte-fluminense-g1\/","title":{"rendered":"Assustado com grito da filha na madrugada, casal flagra pedreiro no quarto matando jovem esfaqueada | Norte Fluminense | G1"},"content":{"rendered":"<br \/>\n<h1>Assustado com grito da filha na madrugada, casal flagra pedreiro no quarto matando jovem esfaqueada<\/h1>\n<h2>M\u00e3e e companheiro tamb\u00e9m foram atingidos ap\u00f3s luta corporal. Pedreiro morreu, segundo a pol\u00edcia, em acidente na fuga com a motocicleta furtada da v\u00edtima.<\/h2>\n<p> Por Ana Beatriz Rangel, g1 &mdash; Miracema <\/p>\n<p>  02\/12\/2023 16h08    Atualizado  02\/12\/2023    <\/p>\n<p>                             <img loading=\"lazy\" decoding=\"async\" class=\"aligncenter size-full wp-image-54505\" src=\"https:\/\/blog.corretoraideal.com.br\/wp-content\/uploads\/2023\/12\/menina-morta-por-pedreiro-em-miracema.jpeg\" alt=\"Menina morta por pedreiro em Miracema\" width=\"800\" height=\"400\" \/>      <\/p>\n<p> Menina morta por pedreiro em Miracema <\/p>\n<p> Uma jovem de 19 anos foi morta a facadas, na madrugada deste s\u00e1bado (2), na zona rural de <a class href=\"https:\/\/g1.globo.com\/rj\/norte-fluminense\/cidade\/miracema\/\">Miracema<\/a>, no Noroeste Fluminense. <\/p>\n<p> De acordo com informa\u00e7\u00f5es da Pol\u00edcia Civil, a m\u00e3e e o padrasto da jovem escutaram o grito dela, que estava no quarto, e flagraram um pedreiro que prestava servi\u00e7o para a fam\u00edlia esfaqueando a menina. <\/p>\n<p> A Pol\u00edcia Civil investiga se o homem, de 34 anos, invadiu o quarto para estuprar a jovem. Ainda segundo a pol\u00edcia, a m\u00e3e e o companheiro entraram em luta corporal com o suspeito quando viram a situa\u00e7\u00e3o e tamb\u00e9m foram esfaqueados. <\/p>\n<p> A pol\u00edcia explicou que o pedreiro acabou morrendo durante a fuga, em um acidente com a motocicleta furtada da v\u00edtima. <\/p>\n<p> A m\u00e3e e o companheiro foram encaminhados para o Posto de Urg\u00eancia de Miracema. <\/p>\n<p> O pedreiro j\u00e1 tinha passagem pela pol\u00edcia por uso de droga, furto e desacato a autoridade. <\/p>\n<p> A identifica\u00e7\u00e3o da v\u00edtima e do pedreiro n\u00e3o foi divulgada pelas pol\u00edcias Militar e Civil. <\/p>\n<ul>\n<li> <a href=\"https:\/\/g1.globo.com\/rj\/norte-fluminense\/cidade\/miracema\/\" class=\"entities__list-itemLink\" data-track-click=\"Miracema\"> Miracema <\/a> <\/li>\n<\/ul>\n","protected":false},"excerpt":{"rendered":"<p>Assustado com grito da filha na madrugada, casal flagra pedreiro no quarto matando jovem esfaqueada M\u00e3e e companheiro tamb\u00e9m foram atingidos ap\u00f3s luta corporal. Pedreiro morreu, segundo a pol\u00edcia, em acidente na fuga com a motocicleta furtada da v\u00edtima. Por Ana Beatriz Rangel, g1 &mdash; Miracema 02\/12\/2023 16h08 Atualizado 02\/12\/2023 Menina morta por pedreiro em [&hellip;]<\/p>\n","protected":false},"author":1,"featured_media":0,"comment_status":"closed","ping_status":"closed","sticky":false,"template":"","format":"standard","meta":{"footnotes":""},"categories":[],"tags":[],"class_list":["post-54503","post","type-post","status-publish","format-standard","hentry"],"_links":{"self":[{"href":"https:\/\/blog.corretoraideal.com.br\/index.php\/wp-json\/wp\/v2\/posts\/54503","targetHints":{"allow":["GET"]}}],"collection":[{"href":"https:\/\/blog.corretoraideal.com.br\/index.php\/wp-json\/wp\/v2\/posts"}],"about":[{"href":"https:\/\/blog.corretoraideal.com.br\/index.php\/wp-json\/wp\/v2\/types\/post"}],"author":[{"embeddable":true,"href":"https:\/\/blog.corretoraideal.com.br\/index.php\/wp-json\/wp\/v2\/users\/1"}],"replies":[{"embeddable":true,"href":"https:\/\/blog.corretoraideal.com.br\/index.php\/wp-json\/wp\/v2\/comments?post=54503"}],"version-history":[{"count":1,"href":"https:\/\/blog.corretoraideal.com.br\/index.php\/wp-json\/wp\/v2\/posts\/54503\/revisions"}],"predecessor-version":[{"id":54506,"href":"https:\/\/blog.corretoraideal.com.br\/index.php\/wp-json\/wp\/v2\/posts\/54503\/revisions\/54506"}],"wp:attachment":[{"href":"https:\/\/blog.corretoraideal.com.br\/index.php\/wp-json\/wp\/v2\/media?parent=54503"}],"wp:term":[{"taxonomy":"category","embeddable":true,"href":"https:\/\/blog.corretoraideal.com.br\/index.php\/wp-json\/wp\/v2\/categories?post=54503"},{"taxonomy":"post_tag","embeddable":true,"href":"https:\/\/blog.corretoraideal.com.br\/index.php\/wp-json\/wp\/v2\/tags?post=54503"}],"curies":[{"name":"wp","href":"https:\/\/api.w.org\/{rel}","templated":true}]}}