{"id":54514,"date":"2023-12-03T16:30:08","date_gmt":"2023-12-03T16:30:08","guid":{"rendered":"https:\/\/blog.corretoraideal.com.br\/?p=54514"},"modified":"2023-12-03T16:30:08","modified_gmt":"2023-12-03T16:30:08","slug":"brasil-na-opep-e-acordo-mercosul-uniao-europeia-sob-fogo-como-foi-a-passagem-de-lula-pela-cop28-politica-g1","status":"publish","type":"post","link":"https:\/\/blog.corretoraideal.com.br\/index.php\/2023\/12\/03\/brasil-na-opep-e-acordo-mercosul-uniao-europeia-sob-fogo-como-foi-a-passagem-de-lula-pela-cop28-politica-g1\/","title":{"rendered":"Brasil na Opep+ e acordo Mercosul-Uni\u00e3o Europeia sob fogo: como foi a passagem de Lula pela COP28 | Pol\u00edtica | G1"},"content":{"rendered":"<br \/>\n<h1>Brasil na Opep+ e acordo Mercosul-Uni\u00e3o Europeia sob fogo: como foi a passagem de Lula pela COP28<\/h1>\n<h2>Dois an\u00fancios surpreendentes ao longo dos dois dias de agenda oficial de Lula acabaram &#034;roubando a cena&#034; do governo brasileiro na COP28.<\/h2>\n<p>       <a href=\"http:\/\/www.bbc.com\/portuguese\" target=\"_blank\" rel=\"noopener noreferrer\">    <\/a>   <\/p>\n<p> Por BBC <\/p>\n<p>  03\/12\/2023 11h45    Atualizado  03\/12\/2023    <\/p>\n<p>                         1 de 3&#013;Lula posa para uma foto ao lado de outros l\u00edderes mundiais durante a COP28 em Dubai \u2014 Foto: Reuters via BBC    <\/p>\n<p> Lula posa para uma foto ao lado de outros l\u00edderes mundiais durante a COP28 em Dubai \u2014 Foto: Reuters via BBC <\/p>\n<p> O governo brasileiro esperava que a passagem do presidente <a class href=\"https:\/\/g1.globo.com\/tudo-sobre\/luiz-inacio-lula-da-silva\/\">Luiz In\u00e1cio Lula da Silva<\/a> pela <a class href=\"https:\/\/g1.globo.com\/meio-ambiente\/noticia\/2023\/11\/30\/cop-28-comeca-nesta-quinta-saiba-o-que-esta-em-jogo-e-o-que-esperar-da-conferencia-sobre-a-crise-do-clima.ghtml\">confer\u00eancia clim\u00e1tica da ONU (COP28)<\/a> em Dubai, nos Emirados \u00c1rabes \u2014 a primeira dele como chefe de Estado em 13 anos \u2014 marcaria o retorno do Brasil ao topo da lideran\u00e7a mundial na quest\u00e3o ambiental. <\/p>\n<p> Mas dois an\u00fancios surpreendentes ao longo dos dois dias de agenda oficial de Lula acabaram &quot;roubando a cena&quot; do governo na COP28: o <a class href=\"https:\/\/g1.globo.com\/economia\/noticia\/2023\/11\/30\/brasil-analisa-convite-para-se-tornar-membro-da-opep-que-reune-principais-exportadores-de-petroleo.ghtml\">ingresso do Brasil em um grupo de pa\u00edses aliados<\/a> \u00e0 Organiza\u00e7\u00e3o dos Pa\u00edses Exportadores de Petr\u00f3leo (<a class href=\"https:\/\/g1.globo.com\/tudo-sobre\/opep\/\">Opep<\/a>) e as <a class href=\"https:\/\/g1.globo.com\/economia\/noticia\/2023\/12\/02\/macron-diz-ser-contra-acordo-entre-mercosul-e-uniao-europeia.ghtml\">cr\u00edticas do presidente da Fran\u00e7a<\/a>, <a class href=\"https:\/\/g1.globo.com\/tudo-sobre\/emmanuel-macron\/\">Emmanuel Macron<\/a>, ao acordo <a class href=\"https:\/\/g1.globo.com\/tudo-sobre\/mercosul\/\">Mercosul<\/a>-Uni\u00e3o Europeia \u2014 que p\u00f5em em risco a finaliza\u00e7\u00e3o do tratado. <\/p>\n<p> Ambos epis\u00f3dios despertaram cr\u00edticas \u00e0s credenciais ambientais brasileiras \u2014 justamente em um evento em que o Brasil buscava o protagonismo na agenda verde. <\/p>\n<p> No caso da ades\u00e3o \u00e0 <a class href=\"https:\/\/g1.globo.com\/tudo-sobre\/opep\/\">Opep<\/a>+, o Brasil foi criticado por ambientalistas, que dizem que \u00e9 contradit\u00f3rio o pa\u00eds atacar o uso de combust\u00edveis f\u00f3sseis e, ao mesmo tempo, se aliar a um grupo que luta pelos interesses do setor de petr\u00f3leo. <\/p>\n<p> J\u00e1 no acordo <a class href=\"https:\/\/g1.globo.com\/tudo-sobre\/mercosul\/\">Mercosul<\/a> &#8211; Uni\u00e3o Europeia, as cr\u00edticas partiram de Macron, que elogiou Lula por seu protagonismo mundial na quest\u00e3o do ambiente, mas disse que o tratado facilitaria a importa\u00e7\u00e3o na Fran\u00e7a e na Europa de produtos com pegada ambiental suja produzidos em pa\u00edses do <a class href=\"https:\/\/g1.globo.com\/tudo-sobre\/mercosul\/\">Mercosul<\/a> \u2014 em especial do Brasil. <\/p>\n<ul>\n<li><a class href=\"https:\/\/g1.globo.com\/meio-ambiente\/noticia\/2023\/12\/03\/presidente-da-cop28-diz-que-nao-ha-ciencia-por-tras-de-demanda-por-reducao-de-combustiveis-fosseis-segundo-jornal-britanico.ghtml\">Presidente da COP28 diz que &#x27;n\u00e3o h\u00e1 ci\u00eancia&#x27; por tr\u00e1s de demanda por redu\u00e7\u00e3o de combust\u00edveis f\u00f3sseis, segundo jornal brit\u00e2nico<\/a><\/li>\n<li><a class href=\"https:\/\/g1.globo.com\/meio-ambiente\/noticia\/2023\/12\/02\/cop-28-brasil-e-mais-de-110-paises-prometem-triplicar-producao-de-energia-renovavel-ate-2030.ghtml\">Brasil e mais de 110 pa\u00edses prometem triplicar produ\u00e7\u00e3o de energia renov\u00e1vel \u200bat\u00e9 2030<\/a><\/li>\n<\/ul>\n<p>                   <img loading=\"lazy\" decoding=\"async\" class=\"aligncenter size-full wp-image-54516\" src=\"https:\/\/blog.corretoraideal.com.br\/wp-content\/uploads\/2023\/12\/imagem03-12-2023-16-12-06.jpeg\" alt=\"imagem03-12-2023-16-12-06\" width=\"800\" height=\"400\" \/>      <\/p>\n<p> &#8216;Sou contra o acordo Mercosul-Uni\u00e3o Europeia&#8217;, diz Macron <\/p>\n<p><h2>Respostas de Lula<\/h2>\n<\/p>\n<p> No domingo (3), poucas horas antes de embarcar para a Alemanha, Lula respondeu \u00e0s duas cr\u00edticas que surgiram ao Brasil na COP28. <\/p>\n<p> Sobre a <a class href=\"https:\/\/g1.globo.com\/tudo-sobre\/opep\/\">Opep<\/a>+, Lula disse que a condi\u00e7\u00e3o de aliado \u00e0 <a class href=\"https:\/\/g1.globo.com\/tudo-sobre\/opep\/\">Opep<\/a> n\u00e3o significa uma ades\u00e3o ao grupo, mas sim que o pa\u00eds ser\u00e1 &quot;observador&quot; \u2014 &quot;eu vou para ouvir e para dar palpite&quot;, disse o presidente. <\/p>\n<p> Lula afirmou que o Brasil entrar\u00e1 no f\u00f3rum para defender alternativas ao petr\u00f3leo. <\/p>\n<p> &quot;\u00c9 verdade que n\u00f3s precisamos diminuir o combust\u00edvel. Mas \u00e9 verdade que n\u00f3s precisamos criar alternativa. Ent\u00e3o antes de voc\u00ea acabar por sectarismo [com o petr\u00f3leo] voc\u00ea precisa oferecer a humanidade uma op\u00e7\u00e3o. E a nossa participa\u00e7\u00e3o na <a class href=\"https:\/\/g1.globo.com\/tudo-sobre\/opep\/\">Opep<\/a>+ \u00e9 para discutir com a <a class href=\"https:\/\/g1.globo.com\/tudo-sobre\/opep\/\">Opep<\/a> a necessidade dos pa\u00edses que t\u00eam petr\u00f3leo e que s\u00e3o ricos come\u00e7ar a investir um pouco do seu dinheiro para ajudar os pa\u00edses pobres do continente africano, da Am\u00e9rica Latina, da \u00c1sia a investir em combust\u00edvel.&quot; <\/p>\n<p> Lula disse que a <a class href=\"https:\/\/g1.globo.com\/tudo-sobre\/opep\/\">Opep<\/a> pode ajudar pa\u00edses como o Brasil a investir em projetos de etanol, energia e\u00f3lica, solar e hidrog\u00eanio verde. <\/p>\n<p> &quot;N\u00e3o tem nenhuma contradi\u00e7\u00e3o, n\u00e3o tem nada. O Brasil n\u00e3o ser\u00e1 membro efetivo da <a class href=\"https:\/\/g1.globo.com\/tudo-sobre\/opep\/\">Opep<\/a> nunca porque n\u00f3s n\u00e3o queremos. Agora o que n\u00f3s queremos \u00e9 influir.&quot; <\/p>\n<p> <a class href=\"https:\/\/g1.globo.com\/mundo\/noticia\/2021\/11\/17\/como-foi-encontro-com-honrarias-entre-lula-e-macron-em-paris.ghtml\">Lula tamb\u00e9m respondeu \u00e0s cr\u00edticas de Macron<\/a> sobre a falta de cl\u00e1usulas ambientais no acordo <a class href=\"https:\/\/g1.globo.com\/tudo-sobre\/mercosul\/\">Mercosul<\/a>-Uni\u00e3o Europeia. O presidente franc\u00eas havia dito no s\u00e1bado (3), minutos ap\u00f3s se encontrar com Lula, que o acordo era &quot;completamente contradit\u00f3rio&quot; com a pol\u00edtica ambiental de Fran\u00e7a e Brasil, pois ele n\u00e3o garante que haver\u00e1 descarboniza\u00e7\u00e3o das economias envolvidas. <\/p>\n<p> O presidente brasileiro disse que a verdadeira preocupa\u00e7\u00e3o da Fran\u00e7a no acordo <a class href=\"https:\/\/g1.globo.com\/tudo-sobre\/mercosul\/\">Mercosul<\/a>-Uni\u00e3o Europeia n\u00e3o \u00e9 o meio ambiente \u2014 mas sim garantir formas de proteger seus produtores de competi\u00e7\u00e3o que vem do Brasil e da Am\u00e9rica do Sul. <\/p>\n<p> &quot;A posi\u00e7\u00e3o do nosso companheiro presidente da Fran\u00e7a \u00e9 conhecida historicamente. A Fran\u00e7a sempre foi o pa\u00eds que criou obst\u00e1culo no acordo <a class href=\"https:\/\/g1.globo.com\/tudo-sobre\/mercosul\/\">Mercosul<\/a>-Uni\u00e3o Europeia porque a Fran\u00e7a tem milhares de pequenos produtores e eles querem produzir os seus produtos. Agora o que ele n\u00e3o sabe \u00e9 que n\u00f3s tamb\u00e9m temos 4,6 milh\u00f5es de pequenas propriedades de at\u00e9 100 hectares que produzem quase 90% do alimento que n\u00f3s comemos e que s\u00e3o alimentos de qualidade e que n\u00f3s tamb\u00e9m queremos vender.&quot; <\/p>\n<p> Lula disse que tentou &quot;mexer com o cora\u00e7\u00e3o de Macron&quot; para que o presidente franc\u00eas pensasse um pouco mais na Am\u00e9rica do Sul. <\/p>\n<p> &quot;Se n\u00e3o tiver acordo, paci\u00eancia, n\u00e3o foi por falta de vontade. A \u00fanica coisa que tem que ficar claro \u00e9 que n\u00e3o digam mais que \u00e9 por conta do Brasil. Assumam a responsabilidade de que os pa\u00edses ricos n\u00e3o querem fazer um acordo na perspectiva de fazer qualquer concess\u00e3o.&quot; <\/p>\n<p>         2 de 3&#013;Uma mulher ind\u00edgena brasileira da etnia Caraj\u00e1 tira uma foto com uma jovem durante a COP28 \u2014 Foto: Getty Images via BBC    <\/p>\n<p> Uma mulher ind\u00edgena brasileira da etnia Caraj\u00e1 tira uma foto com uma jovem durante a COP28 \u2014 Foto: Getty Images via BBC <\/p>\n<p><h2>COP28<\/h2>\n<\/p>\n<p> A participa\u00e7\u00e3o de Lula na COP28 foi encerrada \u2014 mas o encontro ainda vai continuar at\u00e9 a semana que vem. Negociadores de todo mundo \u2014 inclusive do Brasil \u2014 seguir\u00e3o debatendo temas como a meta global de limitar o aquecimento global a 1,5\u00ba C acima de n\u00edveis pr\u00e9-industriais, financiamento de pa\u00edses ricos aos mais pobres que sofrem com eventos clim\u00e1ticos extremos e a transi\u00e7\u00e3o energ\u00e9tica de combust\u00edveis f\u00f3sseis para fontes renov\u00e1veis. <\/p>\n<p> Lula recebeu destaque na abertura da COP28. Ele foi apenas o quinto l\u00edder a discursar \u2014 depois do secret\u00e1rio-geral da <a class href=\"https:\/\/g1.globo.com\/tudo-sobre\/onu\/\">ONU<\/a>, Antonio Guterres, e do rei Charles 3\u00ba do Reino Unido. <\/p>\n<p> Lula refor\u00e7ou a agenda ambiental brasileira: de compromisso com a meta de limitar o aquecimento global a 1,5\u00ba C acima de n\u00edveis pr\u00e9-industriais, de que pa\u00edses ricos que emitem muitos gases nocivos precisam compensar os pa\u00edses pobres que sofrem com eventos clim\u00e1ticos extremos e de que precisa haver uma transi\u00e7\u00e3o energ\u00e9tica \u2014 com diminui\u00e7\u00e3o do uso de combust\u00edveis f\u00f3sseis e ado\u00e7\u00e3o maior de energia renov\u00e1vel. <\/p>\n<p>&quot;\u00c9 hora de enfrentar o debate sobre o ritmo lento da descarboniza\u00e7\u00e3o do planeta e trabalhar por uma economia menos dependente de combust\u00edveis f\u00f3sseis. Temos de faz\u00ea-lo de forma urgente e justa&quot;, disse Lula no seu discurso na sess\u00e3o de abertura. &quot;Quantos l\u00edderes mundiais est\u00e3o de fato comprometidos em salvar o planeta?&quot;<\/p>\n<p> Impulsionado por n\u00fameros recentes que mostram queda no desmatamento da Amaz\u00f4nia durante seu governo, Lula participou de diversos eventos na c\u00fapula da <a class href=\"https:\/\/g1.globo.com\/tudo-sobre\/onu\/\">ONU<\/a> \u2014 como sobre reflorestamento, di\u00e1logo com a sociedade civil, agenda dos pa\u00edses n\u00e3o-alinhados e sess\u00f5es oficiais da c\u00fapula. <\/p>\n<p> O Brasil trouxe uma grande comitiva de ministros, como os da Fazenda, Meio Ambiente e Minas e Energia, al\u00e9m de presidentes do BNDES, Petrobras e ApexBrasil, a Ag\u00eancia Brasileira de Promo\u00e7\u00e3o de Exporta\u00e7\u00f5es e Investimentos. <\/p>\n<p> A delega\u00e7\u00e3o de negociadores brasileiros segue em Dubai at\u00e9 o fim da c\u00fapula. E agora os esfor\u00e7os do governo brasileiro se voltam para sediar a COP30 de 2025 em Bel\u00e9m, no Par\u00e1. Lula disse \u00e0 imprensa que avisou aos l\u00edderes mundiais para &quot;n\u00e3o esperarem esse luxo aqui de Dubai&quot; em Bel\u00e9m, mas que l\u00e1 as discuss\u00f5es poder\u00e3o ser feitas embaixo de \u00e1rvores ou na beira dos rios. <\/p>\n<p>         3 de 3&#013;Lula ergue as m\u00e3os junto com Dr. Sultan Al Jaber, o presidente da COP28 realizada em Dubai \u2014 Foto: Getty Images via BBC    <\/p>\n<p> Lula ergue as m\u00e3os junto com Dr. Sultan Al Jaber, o presidente da COP28 realizada em Dubai \u2014 Foto: Getty Images via BBC <\/p>\n<p><h2>Cr\u00edticas ao Brasil<\/h2>\n<\/p>\n<p> Ambientalistas com quem a BBC News Brasil conversou em Dubai foram cr\u00edticos \u00e0 participa\u00e7\u00e3o de Lula na c\u00fapula. <\/p>\n<p> Para muitos, a alian\u00e7a do Brasil \u00e0 <a class href=\"https:\/\/g1.globo.com\/tudo-sobre\/opep\/\">Opep<\/a>+ acabou ofuscando a agenda positiva que o governo tentava apresentar ao mundo. <\/p>\n<p> &quot;A elimina\u00e7\u00e3o progressiva dos combust\u00edveis f\u00f3sseis \u00e9 a \u00fanica forma de ainda cumprir os objetivos do Acordo de Paris. Qualquer novo po\u00e7o perfurado, ou mesmo o esgotamento dos atuais projetos de explora\u00e7\u00e3o, j\u00e1 significaria ultrapassar os limites de emiss\u00f5es necess\u00e1rios para atingir esse objetivo&quot;, disse Javier Davalos, advogado do programa de clima da ONG Interamerican Association for Environmental Defense, sediada nos Estados Unidos. <\/p>\n<p> &quot;A proposta do Brasil para a COP28 \u00e9 a Miss\u00e3o 1.5, que defende o alcance desse objetivo comum entre as na\u00e7\u00f5es, e o presidente Lula comprometeu o pa\u00eds a liderar pelo exemplo. No entanto, as palavras parecem insuficientes, uma vez que o Estado anunciou que pretende ser o quarto maior produtor de petr\u00f3leo do mundo e provavelmente ir\u00e1 aderir \u00e0 Carta de Coopera\u00e7\u00e3o <a class href=\"https:\/\/g1.globo.com\/tudo-sobre\/opep\/\">OPEP<\/a>+.&quot; <\/p>\n<p> Peri Dias, porta-voz do movimento global 350.org, tamb\u00e9m sediado nos EUA, que combate o uso de combust\u00edveis f\u00f3sseis no mundo, disse que a alian\u00e7a com a <a class href=\"https:\/\/g1.globo.com\/tudo-sobre\/opep\/\">Opep<\/a> \u00e9 um &quot;problema que o Brasil n\u00e3o precisava comprar, e que vai fazer mal \u00e0 imagem do Brasil&quot;. <\/p>\n<p>&quot;O Brasil deveria estar se afastando dos combust\u00edveis f\u00f3sseis nesse momento, investindo em energias renov\u00e1veis, pelo potencial que o pa\u00eds possui, e n\u00e3o se vinculando a um clube de produtores de petr\u00f3leo.&quot;<\/p>\n<p> Para Dias, Lula fez bons discursos na <a class href=\"https:\/\/g1.globo.com\/tudo-sobre\/onu\/\">ONU<\/a>, mas \u201cesse discurso entra em contradi\u00e7\u00e3o com as a\u00e7\u00f5es do governo\u201d. <\/p>\n<p> \u201cE as a\u00e7\u00f5es falam muito mais do que as palavras.\u201d <\/p>\n<p>                   <img loading=\"lazy\" decoding=\"async\" class=\"aligncenter size-full wp-image-54517\" src=\"https:\/\/blog.corretoraideal.com.br\/wp-content\/uploads\/2023\/12\/o-que-podemos-esperar-da-cop-28.jpeg\" alt=\"O que podemos esperar da COP 28?\" width=\"800\" height=\"400\" \/>      <\/p>\n<p> O que podemos esperar da COP 28? <\/p>\n<ul>\n<li> <a href=\"https:\/\/g1.globo.com\/tudo-sobre\/emmanuel-macron\/\" class=\"entities__list-itemLink\" data-track-click=\"Emmanuel Macron\"> Emmanuel Macron <\/a> <\/li>\n<li> <a href=\"https:\/\/g1.globo.com\/tudo-sobre\/luiz-inacio-lula-da-silva\/\" class=\"entities__list-itemLink\" data-track-click=\"Luiz In\u00e1cio Lula da Silva\"> Luiz In\u00e1cio Lula da Silva <\/a> <\/li>\n<li> <a href=\"https:\/\/g1.globo.com\/tudo-sobre\/mercosul\/\" class=\"entities__list-itemLink\" data-track-click=\"Mercosul\"> Mercosul <\/a> <\/li>\n<li> <a href=\"https:\/\/g1.globo.com\/tudo-sobre\/onu\/\" class=\"entities__list-itemLink\" data-track-click=\"ONU\"> ONU <\/a> <\/li>\n<li> <a href=\"https:\/\/g1.globo.com\/tudo-sobre\/opep\/\" class=\"entities__list-itemLink\" data-track-click=\"Opep\"> Opep <\/a> <\/li>\n<\/ul>\n","protected":false},"excerpt":{"rendered":"<p>Brasil na Opep+ e acordo Mercosul-Uni\u00e3o Europeia sob fogo: como foi a passagem de Lula pela COP28 Dois an\u00fancios surpreendentes ao longo dos dois dias de agenda oficial de Lula acabaram &#034;roubando a cena&#034; do governo brasileiro na COP28. Por BBC 03\/12\/2023 11h45 Atualizado 03\/12\/2023 1 de 3&#013;Lula posa para uma foto ao lado de [&hellip;]<\/p>\n","protected":false},"author":1,"featured_media":0,"comment_status":"closed","ping_status":"closed","sticky":false,"template":"","format":"standard","meta":{"footnotes":""},"categories":[],"tags":[],"class_list":["post-54514","post","type-post","status-publish","format-standard","hentry"],"_links":{"self":[{"href":"https:\/\/blog.corretoraideal.com.br\/index.php\/wp-json\/wp\/v2\/posts\/54514","targetHints":{"allow":["GET"]}}],"collection":[{"href":"https:\/\/blog.corretoraideal.com.br\/index.php\/wp-json\/wp\/v2\/posts"}],"about":[{"href":"https:\/\/blog.corretoraideal.com.br\/index.php\/wp-json\/wp\/v2\/types\/post"}],"author":[{"embeddable":true,"href":"https:\/\/blog.corretoraideal.com.br\/index.php\/wp-json\/wp\/v2\/users\/1"}],"replies":[{"embeddable":true,"href":"https:\/\/blog.corretoraideal.com.br\/index.php\/wp-json\/wp\/v2\/comments?post=54514"}],"version-history":[{"count":1,"href":"https:\/\/blog.corretoraideal.com.br\/index.php\/wp-json\/wp\/v2\/posts\/54514\/revisions"}],"predecessor-version":[{"id":54518,"href":"https:\/\/blog.corretoraideal.com.br\/index.php\/wp-json\/wp\/v2\/posts\/54514\/revisions\/54518"}],"wp:attachment":[{"href":"https:\/\/blog.corretoraideal.com.br\/index.php\/wp-json\/wp\/v2\/media?parent=54514"}],"wp:term":[{"taxonomy":"category","embeddable":true,"href":"https:\/\/blog.corretoraideal.com.br\/index.php\/wp-json\/wp\/v2\/categories?post=54514"},{"taxonomy":"post_tag","embeddable":true,"href":"https:\/\/blog.corretoraideal.com.br\/index.php\/wp-json\/wp\/v2\/tags?post=54514"}],"curies":[{"name":"wp","href":"https:\/\/api.w.org\/{rel}","templated":true}]}}