{"id":54520,"date":"2023-12-03T19:46:27","date_gmt":"2023-12-03T19:46:27","guid":{"rendered":"https:\/\/blog.corretoraideal.com.br\/?p=54520"},"modified":"2023-12-03T19:46:27","modified_gmt":"2023-12-03T19:46:27","slug":"primeira-fase-online-da-pre-matricula-2024-comeca-nesta-segunda-em-macae-norte-fluminense-g1","status":"publish","type":"post","link":"https:\/\/blog.corretoraideal.com.br\/index.php\/2023\/12\/03\/primeira-fase-online-da-pre-matricula-2024-comeca-nesta-segunda-em-macae-norte-fluminense-g1\/","title":{"rendered":"Primeira fase online da pr\u00e9-matr\u00edcula 2024 come\u00e7a nesta segunda, em Maca\u00e9 | Norte Fluminense | G1"},"content":{"rendered":"<br \/>\n<h1>Primeira fase online da pr\u00e9-matr\u00edcula 2024 come\u00e7a nesta segunda, em Maca\u00e9<\/h1>\n<h2>A primeira fase online da pr\u00e9-matr\u00edcula 2024 ser\u00e1 para Educa\u00e7\u00e3o Infantil (pr\u00e9-escolar); Ensino Fundamental; Educa\u00e7\u00e3o de Jovens e Adultos (EJA) e Ensino M\u00e9dio.<\/h2>\n<p> Por g1 &mdash; Maca\u00e9 <\/p>\n<p>  03\/12\/2023 15h26    Atualizado  03\/12\/2023    <\/p>\n<p> Come\u00e7a nesta segunda-feira (4), \u00e0s 9 horas, a primeira fase online da pr\u00e9-matr\u00edcula 2024 para Educa\u00e7\u00e3o Infantil (pr\u00e9-escolar); Ensino Fundamental; Educa\u00e7\u00e3o de Jovens e Adultos (EJA) e Ensino M\u00e9dio (Regi\u00e3o Serrana), em <a class href=\"https:\/\/g1.globo.com\/rj\/regiao-dos-lagos\/cidade\/macae\/\">Maca\u00e9<\/a>. <\/p>\n<p> Essa primeira fase vai at\u00e9 12 de dezembro, com resultado em 18 de janeiro e matr\u00edcula de 18 a 24 de janeiro. <\/p>\n<p> A terceira fase online da pr\u00e9-matr\u00edcula 2024 para Educa\u00e7\u00e3o Infantil (maternal I e II) ocorre de 22 a 26 de janeiro, com resultado em 15 de fevereiro e matr\u00edculas de 19 a 23 de fevereiro. <\/p>\n<p> Finalizada a terceira fase, a pr\u00e9-matr\u00edcula dever\u00e1 ser feita, a partir de 27 de fevereiro, na sede da Secretaria de Educa\u00e7\u00e3o. <\/p>\n<p> A pr\u00e9-matr\u00edcula \u00e9 necess\u00e1ria \u00e0queles que desejam ingressar ou reingressar na Rede Municipal Educa\u00e7\u00e3o, nos n\u00edveis: Infantil (Pr\u00e9-Escola), 1\u00ba e 2\u00ba segmentos do Ensino Fundamental (1\u00ba ao 9\u00ba ano), Educa\u00e7\u00e3o de Jovens e Adultos (Etapa I a IX) e Ensino M\u00e9dio. Ela ser\u00e1 disponibilizada online, atrav\u00e9s do Portal da Prefeitura de <a class href=\"http:\/\/www.macae.rj.gov.br\" target=\"_blank\" rel=\"noopener noreferrer\">Maca\u00e9<\/a>. <\/p>\n<p> O Ensino M\u00e9dio somente ser\u00e1 oferecido nas unidades escolares localizadas na Regi\u00e3o Serrana de Maca\u00e9. <\/p>\n<p> <strong>Renova\u00e7\u00e3o autom\u00e1tica<\/strong> <\/p>\n<p> A perman\u00eancia dos estudantes da Educa\u00e7\u00e3o Infantil, do 1\u00ba e 2\u00ba segmentos do Ensino Fundamental e Ensino M\u00e9dio (Regi\u00e3o Serrana) que apresentaram frequ\u00eancia e desempenho dentro dos \u00edndices estabelecidos pelo Regimento Escolar, nos tr\u00eas primeiros bimestres deste ano letivo ter\u00e3o renova\u00e7\u00e3o de matr\u00edcula autom\u00e1tica. <\/p>\n<p> Ao longo do m\u00eas de fevereiro de 2024, a equipe escolar solicitar\u00e1 a atualiza\u00e7\u00e3o de dados, incluindo c\u00f3pia do Cart\u00e3o de Vacina\u00e7\u00e3o. <\/p>\n<p> <strong>Matr\u00edculas<\/strong> <\/p>\n<p> A efetiva\u00e7\u00e3o da matr\u00edcula de estudantes j\u00e1 integrantes da Rede Municipal dever\u00e1 ser feita presencialmente nas escolas de destino, de 9 a 12 de janeiro, para apresenta\u00e7\u00e3o de documenta\u00e7\u00e3o obrigat\u00f3ria. <\/p>\n<ul>\n<li> <a href=\"https:\/\/g1.globo.com\/rj\/regiao-dos-lagos\/cidade\/macae\/\" class=\"entities__list-itemLink\" data-track-click=\"Maca\u00e9\"> Maca\u00e9 <\/a> <\/li>\n<\/ul>\n","protected":false},"excerpt":{"rendered":"<p>Primeira fase online da pr\u00e9-matr\u00edcula 2024 come\u00e7a nesta segunda, em Maca\u00e9 A primeira fase online da pr\u00e9-matr\u00edcula 2024 ser\u00e1 para Educa\u00e7\u00e3o Infantil (pr\u00e9-escolar); Ensino Fundamental; Educa\u00e7\u00e3o de Jovens e Adultos (EJA) e Ensino M\u00e9dio. Por g1 &mdash; Maca\u00e9 03\/12\/2023 15h26 Atualizado 03\/12\/2023 Come\u00e7a nesta segunda-feira (4), \u00e0s 9 horas, a primeira fase online da pr\u00e9-matr\u00edcula [&hellip;]<\/p>\n","protected":false},"author":1,"featured_media":0,"comment_status":"closed","ping_status":"closed","sticky":false,"template":"","format":"standard","meta":{"footnotes":""},"categories":[],"tags":[],"class_list":["post-54520","post","type-post","status-publish","format-standard","hentry"],"_links":{"self":[{"href":"https:\/\/blog.corretoraideal.com.br\/index.php\/wp-json\/wp\/v2\/posts\/54520","targetHints":{"allow":["GET"]}}],"collection":[{"href":"https:\/\/blog.corretoraideal.com.br\/index.php\/wp-json\/wp\/v2\/posts"}],"about":[{"href":"https:\/\/blog.corretoraideal.com.br\/index.php\/wp-json\/wp\/v2\/types\/post"}],"author":[{"embeddable":true,"href":"https:\/\/blog.corretoraideal.com.br\/index.php\/wp-json\/wp\/v2\/users\/1"}],"replies":[{"embeddable":true,"href":"https:\/\/blog.corretoraideal.com.br\/index.php\/wp-json\/wp\/v2\/comments?post=54520"}],"version-history":[{"count":1,"href":"https:\/\/blog.corretoraideal.com.br\/index.php\/wp-json\/wp\/v2\/posts\/54520\/revisions"}],"predecessor-version":[{"id":54522,"href":"https:\/\/blog.corretoraideal.com.br\/index.php\/wp-json\/wp\/v2\/posts\/54520\/revisions\/54522"}],"wp:attachment":[{"href":"https:\/\/blog.corretoraideal.com.br\/index.php\/wp-json\/wp\/v2\/media?parent=54520"}],"wp:term":[{"taxonomy":"category","embeddable":true,"href":"https:\/\/blog.corretoraideal.com.br\/index.php\/wp-json\/wp\/v2\/categories?post=54520"},{"taxonomy":"post_tag","embeddable":true,"href":"https:\/\/blog.corretoraideal.com.br\/index.php\/wp-json\/wp\/v2\/tags?post=54520"}],"curies":[{"name":"wp","href":"https:\/\/api.w.org\/{rel}","templated":true}]}}