{"id":54523,"date":"2023-12-03T22:29:51","date_gmt":"2023-12-03T22:29:51","guid":{"rendered":"https:\/\/blog.corretoraideal.com.br\/?p=54523"},"modified":"2023-12-03T22:29:51","modified_gmt":"2023-12-03T22:29:51","slug":"ministerio-diz-que-area-de-mina-em-maceio-esta-estabilizada-no-momento-e-afundamento-pode-ser-localizado-alagoas-g1","status":"publish","type":"post","link":"https:\/\/blog.corretoraideal.com.br\/index.php\/2023\/12\/03\/ministerio-diz-que-area-de-mina-em-maceio-esta-estabilizada-no-momento-e-afundamento-pode-ser-localizado-alagoas-g1\/","title":{"rendered":"Minist\u00e9rio diz que \u00e1rea de mina em Macei\u00f3 est\u00e1 estabilizada no momento e afundamento pode ser &#039;localizado&#039; | Alagoas | G1"},"content":{"rendered":"<br \/>\n<h1>Minist\u00e9rio diz que \u00e1rea de mina em Macei\u00f3 est\u00e1 estabilizada no momento e afundamento pode ser &#039;localizado&#039;<\/h1>\n<h2>Mina da Braskem \u00e9 monitorada desde o \u00faltimo dia 28; afundamento chegou a 1,69 metro neste domingo, diz Defesa Civil. Sala de monitoramento volta a se reunir neste domingo.<\/h2>\n<p> Por <a class=\"multi_signatures\" href=\"https:\/\/g1.globo.com\/autores\/lais-carregosa\/\">Lais Carregosa<\/a>, g1 &mdash; Bras\u00edlia <\/p>\n<p>  03\/12\/2023 13h43    Atualizado  03\/12\/2023    <\/p>\n<p>                             <img loading=\"lazy\" decoding=\"async\" class=\"aligncenter size-full wp-image-54525\" src=\"https:\/\/blog.corretoraideal.com.br\/wp-content\/uploads\/2023\/12\/ministerio-diz-que-area-de-mina-em-maceio-esta-estabilizada-no-momento.jpeg\" alt=\"Minist\u00e9rio diz que \u00e1rea de mina em Macei\u00f3 est\u00e1 estabilizada no momento\" width=\"800\" height=\"400\" \/>      <\/p>\n<p> Minist\u00e9rio diz que \u00e1rea de mina em Macei\u00f3 est\u00e1 estabilizada no momento <\/p>\n<p> O Minist\u00e9rio de Minas e Energia afirmou neste domingo (3) que o afundamento do bairro de Mutange em <a class href=\"https:\/\/g1.globo.com\/al\/alagoas\/cidade\/maceio\/\">Macei\u00f3<\/a> est\u00e1 estabilizado e que, se houver desabamento, ser\u00e1 &quot;localizado&quot;. <\/p>\n<p> &quot;Observa-se estabiliza\u00e7\u00e3o da situa\u00e7\u00e3o, com redu\u00e7\u00e3o do ritmo de subsid\u00eancia do terreno e redu\u00e7\u00e3o da probabilidade de deslocamentos de terra de larga escala&quot;, diz a pasta em relat\u00f3rio divulgado neste domingo (3). <\/p>\n<p> A pasta criou uma sala de situa\u00e7\u00e3o para monitorar o risco de desabamento na capital de Alagoas, provocado pela explora\u00e7\u00e3o de sal-gema pela Braskem. O grupo volta a se reunir neste domingo para avaliar o quadro. <\/p>\n<p> At\u00e9 este domingo, segundo a Defesa Civil de Macei\u00f3, <a class href=\"https:\/\/g1.globo.com\/al\/alagoas\/noticia\/2023\/12\/03\/ainda-em-ritmo-lento-solo-em-area-de-mina-em-maceio-afunda-169-m-em-cinco-dias-diz-defesa-civil.ghtml\">o afundamento progressivo, que come\u00e7ou a ser monitorado desde o \u00faltimo dia 28 por causa do risco de colapso, j\u00e1 tinha chegado a 1,69 metro de profundidade<\/a>. <\/p>\n<p> Em reuni\u00e3o no s\u00e1bado (2), t\u00e9cnicos do Servi\u00e7o Geol\u00f3gico do Brasil (SGB) afirmam que o desmoronamento pode ocorrer \u201cde forma localizada e n\u00e3o generalizada\u201d, com baixo risco de contamina\u00e7\u00e3o da lagoa Munda\u00fa. <\/p>\n<p> Segundo o minist\u00e9rio, nas \u00faltimas 24 horas, a velocidade de descolamento do solo se reduziu. Foram 50 cent\u00edmetros na quarta (29) e outros 50 cent\u00edmetros na quinta (30), contra 15 cent\u00edmetros no s\u00e1bado (2). <\/p>\n<p>&quot;Uma avalia\u00e7\u00e3o para a \u00e1rea demonstra que o sistema geol\u00f3gico est\u00e1 entrando em equil\u00edbrio&quot;, diz o relat\u00f3rio da sala de situa\u00e7\u00e3o.<\/p>\n<p> No entanto, a pasta frisa no documento deste domingo que ainda \u00e9 necess\u00e1rio &quot;continuar o ostensivo monitoramento da \u00e1rea como um todo&quot;. <\/p>\n<p>                   <img loading=\"lazy\" decoding=\"async\" class=\"aligncenter size-full wp-image-54526\" src=\"https:\/\/blog.corretoraideal.com.br\/wp-content\/uploads\/2023\/12\/maceio-velocidade-do-deslocamento-de-terra-reduziu-mas-ainda-e.jpeg\" alt=\"Macei\u00f3: Velocidade do deslocamento de terra reduziu, mas ainda \u00e9 \" width=\"800\" height=\"400\" \/>      <\/p>\n<p> Macei\u00f3: Velocidade do deslocamento de terra reduziu, mas ainda \u00e9 &#8216;muito elevada&#8217;, diz coordenador da Defesa Civil <\/p>\n<p> A instabilidade no solo foi agravada por d\u00e9cadas de minera\u00e7\u00e3o feita pela Braskem e provocou a evacua\u00e7\u00e3o de mais de 14 mil im\u00f3veis em cinco bairros, afetando cerca de 60 mil pessoas. <\/p>\n<p> Somente um ano ap\u00f3s o primeiro tremor de terra que abriu rachaduras em ruas e im\u00f3veis, em 2018, a empresa encerrou a extra\u00e7\u00e3o de sal-gema, min\u00e9rio utilizado na fabrica\u00e7\u00e3o de soda c\u00e1ustica e PVC. <\/p>\n<p> A regi\u00e3o tem outras 34 minas de responsabilidade da Braskem. Na \u00e1rea da mina 18, que pode colapsar, o solo cede 0,7 cm\/h. Nas \u00faltimas 24 horas, desde a manh\u00e3 de s\u00e1bado (2) at\u00e9 a manh\u00e3 deste domingo, o deslocamento de terra foi de 10, 8 cm. <\/p>\n<p> Imagens a\u00e9reas feitas pela Defesa Civil de Alagoas para monitorar a mina, localizada no bairro do Mutange, regi\u00e3o do antigo campo do CSA, mostram que a \u00e1rea seca est\u00e1 sendo cada vez mais ocupada pela \u00e1gua da Lagoa Munda\u00fa. <\/p>\n<p> A Defesa Civil da capital alagoana permanece em alerta m\u00e1ximo e diz que o colapso pode acontecer &quot;a qualquer momento&quot;. <\/p>\n<p>                   <img loading=\"lazy\" decoding=\"async\" class=\"aligncenter size-full wp-image-54527\" src=\"https:\/\/blog.corretoraideal.com.br\/wp-content\/uploads\/2023\/12\/entenda-risco-de-colapso-de-mina-da-braskem-em-maceio.jpeg\" alt=\"Entenda risco de colapso de mina da Braskem em Macei\u00f3\" width=\"800\" height=\"400\" \/>      <\/p>\n<p> Entenda risco de colapso de mina da Braskem em Macei\u00f3 <\/p>\n<ul>\n<li> <a href=\"https:\/\/g1.globo.com\/topico\/alagoas\" class=\"entities__list-itemLink\" data-track-click=\"Alagoas\"> Alagoas <\/a> <\/li>\n<li> <a href=\"https:\/\/g1.globo.com\/al\/alagoas\/cidade\/maceio\/\" class=\"entities__list-itemLink\" data-track-click=\"Macei\u00f3\"> Macei\u00f3 <\/a> <\/li>\n<\/ul>\n","protected":false},"excerpt":{"rendered":"<p>Minist\u00e9rio diz que \u00e1rea de mina em Macei\u00f3 est\u00e1 estabilizada no momento e afundamento pode ser &#039;localizado&#039; Mina da Braskem \u00e9 monitorada desde o \u00faltimo dia 28; afundamento chegou a 1,69 metro neste domingo, diz Defesa Civil. Sala de monitoramento volta a se reunir neste domingo. Por Lais Carregosa, g1 &mdash; Bras\u00edlia 03\/12\/2023 13h43 Atualizado [&hellip;]<\/p>\n","protected":false},"author":1,"featured_media":0,"comment_status":"closed","ping_status":"closed","sticky":false,"template":"","format":"standard","meta":{"footnotes":""},"categories":[],"tags":[],"class_list":["post-54523","post","type-post","status-publish","format-standard","hentry"],"_links":{"self":[{"href":"https:\/\/blog.corretoraideal.com.br\/index.php\/wp-json\/wp\/v2\/posts\/54523","targetHints":{"allow":["GET"]}}],"collection":[{"href":"https:\/\/blog.corretoraideal.com.br\/index.php\/wp-json\/wp\/v2\/posts"}],"about":[{"href":"https:\/\/blog.corretoraideal.com.br\/index.php\/wp-json\/wp\/v2\/types\/post"}],"author":[{"embeddable":true,"href":"https:\/\/blog.corretoraideal.com.br\/index.php\/wp-json\/wp\/v2\/users\/1"}],"replies":[{"embeddable":true,"href":"https:\/\/blog.corretoraideal.com.br\/index.php\/wp-json\/wp\/v2\/comments?post=54523"}],"version-history":[{"count":1,"href":"https:\/\/blog.corretoraideal.com.br\/index.php\/wp-json\/wp\/v2\/posts\/54523\/revisions"}],"predecessor-version":[{"id":54528,"href":"https:\/\/blog.corretoraideal.com.br\/index.php\/wp-json\/wp\/v2\/posts\/54523\/revisions\/54528"}],"wp:attachment":[{"href":"https:\/\/blog.corretoraideal.com.br\/index.php\/wp-json\/wp\/v2\/media?parent=54523"}],"wp:term":[{"taxonomy":"category","embeddable":true,"href":"https:\/\/blog.corretoraideal.com.br\/index.php\/wp-json\/wp\/v2\/categories?post=54523"},{"taxonomy":"post_tag","embeddable":true,"href":"https:\/\/blog.corretoraideal.com.br\/index.php\/wp-json\/wp\/v2\/tags?post=54523"}],"curies":[{"name":"wp","href":"https:\/\/api.w.org\/{rel}","templated":true}]}}