{"id":54534,"date":"2023-12-04T01:47:26","date_gmt":"2023-12-04T01:47:26","guid":{"rendered":"https:\/\/blog.corretoraideal.com.br\/?p=54534"},"modified":"2023-12-04T01:47:26","modified_gmt":"2023-12-04T01:47:26","slug":"jovem-e-atingida-por-fogo-ao-mexer-em-churrasqueira-em-igreja-no-rj-e-policial-se-joga-sobre-a-vitima-para-conter-as-chamas-norte-fluminense-g1","status":"publish","type":"post","link":"https:\/\/blog.corretoraideal.com.br\/index.php\/2023\/12\/04\/jovem-e-atingida-por-fogo-ao-mexer-em-churrasqueira-em-igreja-no-rj-e-policial-se-joga-sobre-a-vitima-para-conter-as-chamas-norte-fluminense-g1\/","title":{"rendered":"Jovem \u00e9 atingida por fogo ao mexer em churrasqueira em igreja no RJ e policial se joga sobre a v\u00edtima para conter as chamas | Norte Fluminense | G1"},"content":{"rendered":"<br \/>\n<h1>Jovem \u00e9 atingida por fogo ao mexer em churrasqueira em igreja no RJ e policial se joga sobre a v\u00edtima para conter as chamas<\/h1>\n<h2>Adolescente de 15 anos sofreu queimaduras em cerca de 40% do corpo e foi hospitalizada. Ela manuseava a churrasqueira para produzir brasa para o incens\u00e1rio usado na missa.<\/h2>\n<p> Por g1, L\u00edlia Bustilho &mdash; Itaperuna <\/p>\n<p>  02\/12\/2023 14h21    Atualizado  02\/12\/2023    <\/p>\n<p>                      1 de 1&#013;Jovem foi transferida de helic\u00f3ptero para hospital especializado em queimaduras, em S\u00e3o Gon\u00e7alo \u2014 Foto: Decom Itaperuna    <\/p>\n<p> Jovem foi transferida de helic\u00f3ptero para hospital especializado em queimaduras, em S\u00e3o Gon\u00e7alo \u2014 Foto: Decom Itaperuna <\/p>\n<p> Uma adolescente de 15 anos est\u00e1 internada ap\u00f3s sofrer queimadura de segundo grau em cerca de 40% do corpo em um acidente no p\u00e1tio da igreja Matriz S\u00e3o Jos\u00e9 do Ava\u00ed, no Centro de <a class href=\"https:\/\/g1.globo.com\/rj\/norte-fluminense\/cidade\/itaperuna\/\">Itaperuna<\/a>, no Noroeste do Rio. <\/p>\n<p> A combust\u00e3o teria ocorrido no momento em que a v\u00edtima acendia uma churrasqueira para preparar o incens\u00e1rio (tur\u00edbulo) usado na missa quando ocorreu a combust\u00e3o. O caso foi no \u00faltimo fim de semana. <\/p>\n<p>                   <img loading=\"lazy\" decoding=\"async\" class=\"aligncenter size-full wp-image-54536\" src=\"https:\/\/blog.corretoraideal.com.br\/wp-content\/uploads\/2023\/12\/jovem-teve-queimaduras-em-40-do-corpo-em-itaperuna.jpeg\" alt=\"Jovem teve queimaduras em 40% do corpo, em Itaperuna\" width=\"800\" height=\"400\" \/>      <\/p>\n<p> Jovem teve queimaduras em 40% do corpo, em Itaperuna <\/p>\n<p> &quot;A adolescente acidentalmente ao borrifar o \u00e1lcool em uma churrasqueira para transformar o carv\u00e3o em brasa para ser usado no tur\u00edbulo teria causado a combust\u00e3o. O corpo da v\u00edtima ficou totalmente coberto por chamas e as roupas da jovem tamb\u00e9m foram queimadas&quot;, contou uma testemunha <\/p>\n<p> Foi nesse momento que o policial militar de folga, Ant\u00f4nio Carlos Marques Junior (29\u00b0 BPM), que estava no estacionamento da par\u00f3quia correu at\u00e9 a v\u00edtima e se jogou sobre ela para abafar o fogo e cessar \u00e0s chamas, ainda segundo relato de testemunhas \u00e0 Inter TV. <\/p>\n<p>                   <img loading=\"lazy\" decoding=\"async\" class=\"aligncenter size-full wp-image-54537\" src=\"https:\/\/blog.corretoraideal.com.br\/wp-content\/uploads\/2023\/12\/acidente-em-igreja-de-itaperuna.jpeg\" alt=\"Acidente em igreja de Itaperuna\" width=\"800\" height=\"400\" \/>      <\/p>\n<p> Acidente em igreja de Itaperuna <\/p>\n<p> Uma testemunha explicou a reportagem que a jovem estava com &quot;um recipiente pl\u00e1stico com \u00e1lcool para usar no tur\u00edbulo, equipamento utilizado na missa que dentro tem carv\u00e3o em brasa. Em cima do carv\u00e3o s\u00e3o colocados gr\u00e3os de incenso pra aspergir durante a celebra\u00e7\u00e3o. O incenso em forma de fuma\u00e7a tem um significado religioso espec\u00edfico para os cat\u00f3licos&quot;. <\/p>\n<p> O sargento Antonio Carlos tirou a blusa dele para vestir a jovem e a levou imediatamente para Unidade de Pronto Atendimento, a UPA da cidade. Depois, ela foi transferida para o Hospital S\u00e3o Jos\u00e9 do Ava\u00ed, e, ap\u00f3s ter piora do quadro, foi transferida para o Hospital Alberto Torres, em S\u00e3o Gon\u00e7alo, que \u00e9 especializado em queimaduras. A transfer\u00eancia ocorreu no come\u00e7o da tarde deste s\u00e1bado (2). <\/p>\n<p> A v\u00edtima estava acompanhada da m\u00e3e na ocasi\u00e3o do acidente e o caso foi registrado na 143\u00aa DP do munic\u00edpio. <\/p>\n<p> Ainda segundo testemunhas, a adolescente teria tido o corpo parcialmente queimado ficando com ferimentos nas orelhas, boca, pernas, t\u00f3rax, pesco\u00e7o e laterais do corpo. <\/p>\n<p> Para o coronel PM Rodrigo Ibiapina, comandante do 6\u00b0 CPA, Comando de Policiamento de \u00c1rea, que abrange o Batalh\u00e3o de Itaperuna, o policial foi al\u00e9m do lema do preparo. <\/p>\n<p> &quot;Foi um verdadeiro ato heroico o do 1\u00b0 sargento Ant\u00f4nio Carlos, porque o policial militar n\u00e3o \u00e9 preparado pra combater chamas. N\u00e3o tem conhecimentos pra isso, mas \u00e9 uma a\u00e7\u00e3o proativa de alguns diante da necessidade de arriscar a pr\u00f3pria vida pra salvar a de outra pessoa. S\u00e3o a\u00e7\u00f5es isoladas que demonstram o instinto de empatia e do PM n\u00e3o pensar duas vezes e querer salvar vidas. Um ato heroico&quot;, destaca coronel Ibiapina. <\/p>\n<p><h2>Nota Diocese de Campos<\/h2>\n<\/p>\n<p> A Diocese de Campos confirmou que o caso e disse que a adolescente auxilia na liturgia como cerimoni\u00e1ria. Disse que ela sofreu um acidente involunt\u00e1rio durante o manejo do tur\u00edbulo, durante a Santa Missa na Igreja Matriz S\u00e3o Jos\u00e9 do Avahy, no munic\u00edpio de Itaperuna, no Vicariato Noroeste. <\/p>\n<p> &quot;Tur\u00edbulo \u00e9 o objeto lit\u00fargico onde se queima incenso em Missas Solenes ou Exposi\u00e7\u00e3o do Sant\u00edssimo Sacramento&quot;, explicou a igreja. <\/p>\n<p> &quot;O p\u00e1roco e vig\u00e1rio episcopal Pe. Luiz Carlos Reis do Amorim acompanha a jovem com carinho, esperando com f\u00e9 a plena recupera\u00e7\u00e3o&quot;, disse a diocese em nota. <\/p>\n<ul>\n<li> <a href=\"https:\/\/g1.globo.com\/rj\/norte-fluminense\/cidade\/itaperuna\/\" class=\"entities__list-itemLink\" data-track-click=\"Itaperuna\"> Itaperuna <\/a> <\/li>\n<\/ul>\n","protected":false},"excerpt":{"rendered":"<p>Jovem \u00e9 atingida por fogo ao mexer em churrasqueira em igreja no RJ e policial se joga sobre a v\u00edtima para conter as chamas Adolescente de 15 anos sofreu queimaduras em cerca de 40% do corpo e foi hospitalizada. Ela manuseava a churrasqueira para produzir brasa para o incens\u00e1rio usado na missa. Por g1, L\u00edlia [&hellip;]<\/p>\n","protected":false},"author":1,"featured_media":0,"comment_status":"closed","ping_status":"closed","sticky":false,"template":"","format":"standard","meta":{"footnotes":""},"categories":[],"tags":[],"class_list":["post-54534","post","type-post","status-publish","format-standard","hentry"],"_links":{"self":[{"href":"https:\/\/blog.corretoraideal.com.br\/index.php\/wp-json\/wp\/v2\/posts\/54534","targetHints":{"allow":["GET"]}}],"collection":[{"href":"https:\/\/blog.corretoraideal.com.br\/index.php\/wp-json\/wp\/v2\/posts"}],"about":[{"href":"https:\/\/blog.corretoraideal.com.br\/index.php\/wp-json\/wp\/v2\/types\/post"}],"author":[{"embeddable":true,"href":"https:\/\/blog.corretoraideal.com.br\/index.php\/wp-json\/wp\/v2\/users\/1"}],"replies":[{"embeddable":true,"href":"https:\/\/blog.corretoraideal.com.br\/index.php\/wp-json\/wp\/v2\/comments?post=54534"}],"version-history":[{"count":1,"href":"https:\/\/blog.corretoraideal.com.br\/index.php\/wp-json\/wp\/v2\/posts\/54534\/revisions"}],"predecessor-version":[{"id":54538,"href":"https:\/\/blog.corretoraideal.com.br\/index.php\/wp-json\/wp\/v2\/posts\/54534\/revisions\/54538"}],"wp:attachment":[{"href":"https:\/\/blog.corretoraideal.com.br\/index.php\/wp-json\/wp\/v2\/media?parent=54534"}],"wp:term":[{"taxonomy":"category","embeddable":true,"href":"https:\/\/blog.corretoraideal.com.br\/index.php\/wp-json\/wp\/v2\/categories?post=54534"},{"taxonomy":"post_tag","embeddable":true,"href":"https:\/\/blog.corretoraideal.com.br\/index.php\/wp-json\/wp\/v2\/tags?post=54534"}],"curies":[{"name":"wp","href":"https:\/\/api.w.org\/{rel}","templated":true}]}}