{"id":54540,"date":"2023-12-04T02:51:55","date_gmt":"2023-12-04T02:51:55","guid":{"rendered":"https:\/\/blog.corretoraideal.com.br\/?p=54540"},"modified":"2023-12-04T02:51:55","modified_gmt":"2023-12-04T02:51:55","slug":"ingressos-para-cataratas-do-iguacu-e-itaipu-ficam-mais-caros-a-partir-de-sexta-1o-confira-novos-valores-oeste-e-sudoeste-g1","status":"publish","type":"post","link":"https:\/\/blog.corretoraideal.com.br\/index.php\/2023\/12\/04\/ingressos-para-cataratas-do-iguacu-e-itaipu-ficam-mais-caros-a-partir-de-sexta-1o-confira-novos-valores-oeste-e-sudoeste-g1\/","title":{"rendered":"Ingressos para Cataratas do Igua\u00e7u e Itaipu ficam mais caros a partir de sexta (1\u00ba); confira novos valores | Oeste e Sudoeste | G1"},"content":{"rendered":"<br \/>\n<h1>Ingressos para Cataratas do Igua\u00e7u e Itaipu ficam mais caros a partir de sexta (1\u00ba); confira novos valores <\/h1>\n<h2>Parque Nacional do Igua\u00e7u, que abriga as Cataratas do Igua\u00e7u, informou que recadastramento de operadoras de turismo local tamb\u00e9m iniciam em 1\u00ba de dezembro. Veja passo a passo. <\/h2>\n<p> Por g1 PR e RPC Foz do Igua\u00e7u <\/p>\n<p>  30\/11\/2023 12h39    Atualizado  30\/11\/2023    <\/p>\n<p>                                <img loading=\"lazy\" decoding=\"async\" class=\"aligncenter size-full wp-image-54542\" src=\"https:\/\/blog.corretoraideal.com.br\/wp-content\/uploads\/2023\/12\/precos-dos-passeios-das-cataratas-do-iguacu-e-da-itaipu-vao-ser-reajustados.jpeg\" alt=\"Pre\u00e7os dos passeios das Cataratas do Igua\u00e7u e da Itaipu v\u00e3o ser reajustados\" width=\"800\" height=\"400\" \/>      <\/p>\n<p> Pre\u00e7os dos passeios das Cataratas do Igua\u00e7u e da Itaipu v\u00e3o ser reajustados <\/p>\n<p> Os ingressos para as Cataratas do Igua\u00e7u e Itaipu Binacional v\u00e3o ficar mais caros \u00e0 partir desta sexta-feira (1\u00ba). <strong>Confira mais abaixo a tabela dos novos valores. <\/strong> <\/p>\n<ul>\n<li><a class href=\"https:\/\/whatsapp.com\/channel\/0029VaA89nY0lwgwQkuw9C1t\" target=\"_blank\" rel=\"noopener noreferrer\"><strong>\u2705 Siga o canal do g1 PR no WhatsApp<\/strong><\/a><\/li>\n<li><a class href=\"https:\/\/web.telegram.org\/k\/#@jornalismoRPC\" target=\"_blank\" rel=\"noopener noreferrer\"><strong>\u2705 Siga o canal do g1 PR no Telegram<\/strong><\/a><\/li>\n<\/ul>\n<p> Conforme o Parque Nacional do Igua\u00e7u, que abriga as Cataratas do Igua\u00e7u, os valores ser\u00e3o reajustados, conforme o contrato de concess\u00e3o da unidade de conserva\u00e7\u00e3o que prev\u00ea reajuste anual sempre a partir do dia 1\u00ba de dezembro de cada ano. <\/p>\n<p> <strong>No local, os novos valores se passeios ficam assim: <\/strong> <\/p>\n<p>  Valores dos ingressos nas Cataratas do Igua\u00e7u   <\/p>\n<p> Al\u00e9m do tarif\u00e1rio, o que tamb\u00e9m<strong> mudou \u00e9 o n\u00famero do telefone fixo do Turismo<\/strong>. As liga\u00e7\u00f5es agora devem ser feitas para <strong>(45) 3198-1800.<\/strong> <\/p>\n<p> A Itaipu Binacional tamb\u00e9m ter\u00e1 novos valores no ingresso \u00e0 partir da sexta (1\u00ba). Conforme a assessoria, os novos pre\u00e7os variam de R$ 26,50 at\u00e9 R$ 58, para o p\u00fablico em geral, e de R$ 22,50 at\u00e9 R$ 51 para ag\u00eancias. <strong>Veja a seguir: <\/strong> <\/p>\n<p>         1 de 2&#013;Passeios na Itaipu Binacional tem novos valores a partir desta sexta (1\u00ba) \u2014 Foto: Itaipu Binacional    <\/p>\n<p> Passeios na Itaipu Binacional tem novos valores a partir desta sexta (1\u00ba) \u2014 Foto: Itaipu Binacional <\/p>\n<p> <strong>Leia tamb\u00e9m: <\/strong> <\/p>\n<ul>\n<li><strong>Crime: <\/strong><a class href=\"https:\/\/g1.globo.com\/pr\/norte-noroeste\/noticia\/2023\/11\/29\/delegado-e-preso-com-r-700-mil-em-contrabando-em-viatura-da-policia-civil.ghtml\"><strong>Delegado \u00e9 preso com R$ 700 mil em contrabando em viatura descaracterizada da Pol\u00edcia Civil do Paran\u00e1<\/strong><\/a><\/li>\n<li><strong>Perfil: <\/strong><a class href=\"https:\/\/g1.globo.com\/pr\/norte-noroeste\/noticia\/2023\/11\/30\/quem-e-o-delegado-do-parana-preso-com-r-700-mil-em-contrabando-em-viatura-descaracterizada-da-policia-civil.ghtml\"><strong>Quem \u00e9 o delegado do Paran\u00e1 preso com R$ 700 mil em contrabando em viatura descaracterizada da Pol\u00edcia Civil<\/strong><\/a><\/li>\n<li><strong>Lista: <\/strong><a class href=\"https:\/\/g1.globo.com\/pr\/parana\/noticia\/2023\/11\/29\/veja-quais-paranaenses-estao-em-lista-de-pedidos-de-indiciamento-a-cpi-dos-atos-antidemocraticos.ghtml\"><strong>Veja paranaenses na lista de pedidos de indiciamento \u00e0 CPI dos Atos Antidemocr\u00e1ticos<\/strong><\/a><\/li>\n<\/ul>\n<p>         2 de 2&#013;Cataratas do Igua\u00e7u, mun\u00edcipio de Foz do Igua\u00e7u (PR) \u2014 Foto: Banco de imagens ANA    <\/p>\n<p> Cataratas do Igua\u00e7u, mun\u00edcipio de Foz do Igua\u00e7u (PR) \u2014 Foto: Banco de imagens ANA <\/p>\n<p><h2><strong>Recadastramento empresas de turismo <\/strong><\/h2>\n<\/p>\n<p> A concession\u00e1ria Urbia Cataratas S.A., respons\u00e1vel pela gest\u00e3o tur\u00edstica do Parque Nacional do Igua\u00e7u, juntamente com o Instituto Chico Mendes de Conserva\u00e7\u00e3o (ICMBio), iniciar\u00e1 nesta sexta-feira (1\u00ba) de dezembro, o recadastramento de todos os operadores de turismo local que acessam a unidade de conserva\u00e7\u00e3o federal. <\/p>\n<p> <strong>Primeira fase<\/strong> <\/p>\n<p> O recadastramento ser\u00e1 feito totalmente pela internet atrav\u00e9s <a class href=\"https:\/\/operadores.catarataspni.com.br\" target=\"_blank\" rel=\"noopener noreferrer\"><strong>do formul\u00e1rio que voc\u00ea tem acesso clicando aqui. <\/strong><\/a> <\/p>\n<p> Todo o suporte e atendimento ser\u00e3o realizados pelo WhatsApp exclusivo para cadastro de operadores: <strong>(45) 3521-4404<\/strong> ou pelo e-mail: <strong>cadastro.operadores@catarataspni.com.br<\/strong>. <\/p>\n<p> <strong>Segunda fase<\/strong> <\/p>\n<p> Ap\u00f3s a checagem de todas as informa\u00e7\u00f5es, os operadores que preencherem todos requisitos para o recadastro ir\u00e3o recebe informa\u00e7\u00f5es pelo e-mail cadastrado ou WhatsApp, onde dever\u00e3o acessar uma plataforma de treinamento online, com documentos e v\u00eddeos. <strong>O conte\u00fado do treinamento englobar\u00e1:<\/strong> <\/p>\n<ul>\n<li>Conduta profissional<\/li>\n<li>Normas<\/li>\n<li>Instru\u00e7\u00f5es<\/li>\n<li>Regulamenta\u00e7\u00f5es<\/li>\n<li>Sustentabilidade<\/li>\n<li>Informa\u00e7\u00f5es da unidade de conserva\u00e7\u00e3o <\/li>\n<li>Boas pr\u00e1ticas. <\/li>\n<\/ul>\n<p> A capacita\u00e7\u00e3o estar\u00e1 dispon\u00edvel entre 1.\u00ba e 31 de mar\u00e7o de 2024 e o cumprimento de todas das tarefas \u00e9 obrigat\u00f3rio para o cadastramento definitivo. <\/p>\n<p> A exig\u00eancia faz parte das obriga\u00e7\u00f5es da concession\u00e1ria Urbia Cataratas com os profissionais locais do turismo, conforme o contrato de concess\u00e3o 001\/2022, definidas pelo ICMBIO, \u00f3rg\u00e3o federal respons\u00e1vel pela administra\u00e7\u00e3o do parque. <\/p>\n<p><h2>V\u00cdDEOS: Mais assistidos g1 PR<\/h2>\n<\/p>\n<p>   <a href=\"https:\/\/g1.globo.com\/pr\/parana\/playlist\/videos-mais-assistidos-do-g1-pr-nos-ultimos-7-dias.ghtml\">    50 v\u00eddeos      <\/a>       <\/p>\n<p><h2>V\u00cdDEOS: Mais assistidos g1 PR <\/h2>\n<\/p>\n<p>   <a href=\"https:\/\/g1.globo.com\/pr\/parana\/playlist\/videos-mais-assistidos-do-g1-pr-nos-ultimos-7-dias.ghtml\">    50 v\u00eddeos      <\/a>       <\/p>\n<p> Leia mais not\u00edcias da regi\u00e3o em <a class href=\"https:\/\/g1.globo.com\/pr\/oeste-sudoeste\/\"><strong>g1 Oeste e Sudoeste. <\/strong><\/a> <\/p>\n<ul>\n<li> <a href=\"https:\/\/g1.globo.com\/pr\/oeste-sudoeste\/cidade\/foz-do-iguacu\/\" class=\"entities__list-itemLink\" data-track-click=\"Foz do Igua\u00e7u\"> Foz do Igua\u00e7u <\/a> <\/li>\n<\/ul>\n","protected":false},"excerpt":{"rendered":"<p>Ingressos para Cataratas do Igua\u00e7u e Itaipu ficam mais caros a partir de sexta (1\u00ba); confira novos valores Parque Nacional do Igua\u00e7u, que abriga as Cataratas do Igua\u00e7u, informou que recadastramento de operadoras de turismo local tamb\u00e9m iniciam em 1\u00ba de dezembro. Veja passo a passo. Por g1 PR e RPC Foz do Igua\u00e7u 30\/11\/2023 [&hellip;]<\/p>\n","protected":false},"author":1,"featured_media":0,"comment_status":"closed","ping_status":"closed","sticky":false,"template":"","format":"standard","meta":{"footnotes":""},"categories":[],"tags":[],"class_list":["post-54540","post","type-post","status-publish","format-standard","hentry"],"_links":{"self":[{"href":"https:\/\/blog.corretoraideal.com.br\/index.php\/wp-json\/wp\/v2\/posts\/54540","targetHints":{"allow":["GET"]}}],"collection":[{"href":"https:\/\/blog.corretoraideal.com.br\/index.php\/wp-json\/wp\/v2\/posts"}],"about":[{"href":"https:\/\/blog.corretoraideal.com.br\/index.php\/wp-json\/wp\/v2\/types\/post"}],"author":[{"embeddable":true,"href":"https:\/\/blog.corretoraideal.com.br\/index.php\/wp-json\/wp\/v2\/users\/1"}],"replies":[{"embeddable":true,"href":"https:\/\/blog.corretoraideal.com.br\/index.php\/wp-json\/wp\/v2\/comments?post=54540"}],"version-history":[{"count":1,"href":"https:\/\/blog.corretoraideal.com.br\/index.php\/wp-json\/wp\/v2\/posts\/54540\/revisions"}],"predecessor-version":[{"id":54543,"href":"https:\/\/blog.corretoraideal.com.br\/index.php\/wp-json\/wp\/v2\/posts\/54540\/revisions\/54543"}],"wp:attachment":[{"href":"https:\/\/blog.corretoraideal.com.br\/index.php\/wp-json\/wp\/v2\/media?parent=54540"}],"wp:term":[{"taxonomy":"category","embeddable":true,"href":"https:\/\/blog.corretoraideal.com.br\/index.php\/wp-json\/wp\/v2\/categories?post=54540"},{"taxonomy":"post_tag","embeddable":true,"href":"https:\/\/blog.corretoraideal.com.br\/index.php\/wp-json\/wp\/v2\/tags?post=54540"}],"curies":[{"name":"wp","href":"https:\/\/api.w.org\/{rel}","templated":true}]}}