{"id":54556,"date":"2023-12-04T08:35:53","date_gmt":"2023-12-04T08:35:53","guid":{"rendered":"https:\/\/blog.corretoraideal.com.br\/?p=54556"},"modified":"2023-12-04T08:35:53","modified_gmt":"2023-12-04T08:35:53","slug":"subsidios-federais-para-combustiveis-fosseis-somam-r-81-bilhoes-em-2022-diz-estudo-economia-g1","status":"publish","type":"post","link":"https:\/\/blog.corretoraideal.com.br\/index.php\/2023\/12\/04\/subsidios-federais-para-combustiveis-fosseis-somam-r-81-bilhoes-em-2022-diz-estudo-economia-g1\/","title":{"rendered":"Subs\u00eddios federais para combust\u00edveis f\u00f3sseis somam R$ 81 bilh\u00f5es em 2022, diz estudo | Economia | G1"},"content":{"rendered":"<br \/>\n<h1>Subs\u00eddios federais para combust\u00edveis f\u00f3sseis somam R$ 81 bilh\u00f5es em 2022, diz estudo<\/h1>\n<h2>C\u00e1lculos foram feitos pelo Instituto de Estudos Socioecon\u00f4micos (Inesc). O principal subs\u00eddio refere-se \u00e0s desonera\u00e7\u00f5es de combust\u00edveis autorizadas no ano passado em meio ao per\u00edodo eleitoral. <\/h2>\n<p> Por Alexandro Martello, <a class=\"multi_signatures\" href=\"https:\/\/g1.globo.com\/autores\/lais-carregosa\/\">Lais Carregosa<\/a>, g1 &mdash; Bras\u00edlia <\/p>\n<p>  04\/12\/2023 00h01    Atualizado  04\/12\/2023    <\/p>\n<p>                   1 de 1&#013;O metano produzido durante a extra\u00e7\u00e3o de petr\u00f3leo normalmente \u00e9 queimado, contaminando o meio ambiente \u2014 Foto: Getty Images    <\/p>\n<p> O metano produzido durante a extra\u00e7\u00e3o de petr\u00f3leo normalmente \u00e9 queimado, contaminando o meio ambiente \u2014 Foto: Getty Images <\/p>\n<p> O governo federal concedeu R$ 80,95 bilh\u00f5es em subs\u00eddios para auxiliar os produtores de petr\u00f3leo, carv\u00e3o mineral e g\u00e1s natural no pa\u00eds em 2022, no \u00faltimo ano da gest\u00e3o do presidente Jair Bolsonaro. <\/p>\n<p> Isso representou uma alta de 19,6% frente aos R$ 67,7 bilh\u00f5es do ano anterior, segundo n\u00fameros divulgados pelo Instituto de Estudos Socioecon\u00f4micos (Inesc) por meio de estudo. <\/p>\n<p> Esses s\u00e3o recursos que sa\u00edram diretamente do or\u00e7amento da Uni\u00e3o para incentivar o setor e tamb\u00e9m quantias que o governo deixou de arrecadar em impostos, devido a regimes de tributa\u00e7\u00e3o especiais e programas de isen\u00e7\u00e3o. O objetivo foi garantir aos consumidores um pre\u00e7o menor na aquisi\u00e7\u00e3o dos produtos. <\/p>\n<p> O principal subs\u00eddio, segundo o Inesc, refere-se \u00e0s desonera\u00e7\u00f5es de combust\u00edveis autorizadas no ano passado pelo governo Jair Bolsonaro como resposta ao aumento dos pre\u00e7os internacionais, essencialmente resultante da guerra entre a R\u00fassia e a Ucr\u00e2nia e, &quot;notadamente, em fun\u00e7\u00e3o da disputa eleitoral&quot;. <\/p>\n<p> <strong>As desonera\u00e7\u00f5es de combust\u00edveis f\u00f3sseis, nos c\u00e1lculos do Inesc, somaram R$ 40,7 bilh\u00f5es em 2022, contra R$ 12,6 bilh\u00f5es no ano anterior. <\/strong> <\/p>\n<ul>\n<li>Em 2023, as desonera\u00e7\u00f5es <strong>foram gradativamente revertidas pelo governo Lula no caso da gasolina e etanol<\/strong>, com uma<a class href=\"https:\/\/g1.globo.com\/economia\/noticia\/2023\/02\/28\/governo-detalha-como-sera-feito-retorno-da-cobranca-de-impostos-federais-sobre-gasolina-e-etanol.ghtml\"> alta em fevereiro <\/a>e <a class href=\"https:\/\/g1.globo.com\/economia\/noticia\/2023\/06\/29\/medida-provisoria-perde-validade-e-tributos-sobre-gasolina-e-etanol-sobem-nesta-quinta.ghtml\">outra em junho<\/a>. <\/li>\n<li>A <strong>tributa\u00e7\u00e3o sobre o diesel, que seguiu zerada at\u00e9 junho<\/strong>, foi momentaneamente retomada por alguns meses para financiar o benef\u00edcio para carros. <a class href=\"https:\/\/g1.globo.com\/economia\/noticia\/2023\/10\/04\/medida-provisoria-perde-validade-e-impostos-federais-sobre-o-diesel-voltam-a-zero-ate-o-final-do-ano.ghtml\"><strong>Mas, depois, retornou a zero.<\/strong><\/a><\/li>\n<\/ul>\n<p> Em <a class href=\"https:\/\/g1.globo.com\/economia\/noticia\/2023\/08\/31\/orcamento-governo-propoe-deficit-zero-em-suas-contas-em-2024.ghtml\">busca do d\u00e9ficit zero nas contas p\u00fablicas em 2024<\/a>, <a class href=\"https:\/\/g1.globo.com\/economia\/noticia\/2023\/09\/03\/governo-precisara-de-r-168-bilhoes-a-mais-em-2024-para-fechar-as-contas-especialistas-veem-otimismo-e-meta-distante.ghtml\">meta para o qual precisa elevar a arrecada\u00e7\u00e3o substancialmente<\/a>, o <a class href=\"https:\/\/g1.globo.com\/economia\/noticia\/2023\/11\/12\/alvos-de-criticas-de-haddad-beneficios-fiscais-devem-superar-os-r-500-bilhoes-em-2024-maior-nivel-em-9-anos.ghtml\">ministro da Fazenda, Fernando Haddad, tem mirado o fim de incentivos fiscais.<\/a> <\/p>\n<p><h2>Incentivos a f\u00f3sseis X renov\u00e1veis<\/h2>\n<\/p>\n<p> De acordo com o levantamento, os benef\u00edcios fiscais aos combust\u00edveis f\u00f3sseis representam cinco vezes os incentivos concedidos em 2022 (R$ 15,6 bilh\u00f5es) para fontes renov\u00e1veis de energia. <\/p>\n<p> O Inesc lembrou que o ano de 2023 foi o mais quente da hist\u00f3ria, refor\u00e7ando a urg\u00eancia da transi\u00e7\u00e3o energ\u00e9tica dos f\u00f3sseis para outras fontes de energia. <\/p>\n<p>\u201cN\u00e3o \u00e9 justo direcionar os escassos recursos p\u00fablicos do Brasil para as empresas que exploram uma fonte de energia que \u00e9 respons\u00e1vel pela maior parte das emiss\u00f5es de gases de efeito estufa que agravam a crise clim\u00e1tica global\u201d, disse C\u00e1ssio Cardoso Carvalho, assessor pol\u00edtico do Inesc. <\/p>\n<p> O Instituto avaliou que as mudan\u00e7as clim\u00e1ticas, potencializadas pelos combust\u00edveis f\u00f3sseis, &quot;tendem a exacerbar a pobreza e as desigualdades com impactos provocados por desastres naturais, em especial inunda\u00e7\u00f5es e secas, eleva\u00e7\u00e3o dos pre\u00e7os de alimentos, perdas em sa\u00fade, redu\u00e7\u00e3o da produtividade do trabalho&quot;. <\/p>\n<p>&quot;Mesmo sendo o Brasil um ator central na geopol\u00edtica do petr\u00f3leo, o problema da expans\u00e3o da oferta brasileira \u00e9 ainda fracamente percebido pela opini\u00e3o p\u00fablica como parte da crise clim\u00e1tica global, tendo sido objeto de intensa nega\u00e7\u00e3o por parte do governo&quot;, avaliou o Inesc.<\/p>\n<ul>\n<li>O ministro da Fazenda, Fernando Haddad, <a class href=\"https:\/\/g1.globo.com\/politica\/noticia\/2023\/08\/11\/haddad-lanca-plano-de-transformacao-ecologica-e-promete-nova-postura-do-governo-em-relacao-ao-meio-ambiente.ghtml\">lan\u00e7ou em agosto o Plano de Transforma\u00e7\u00e3o Ecol\u00f3gica<\/a> para que, segundo ele, o &quot;desenvolvimento econ\u00f4mico e social caminhe de m\u00e3os dadas com a preserva\u00e7\u00e3o ambiental&quot;.<\/li>\n<li>Recentemente, o Brasil assumiu a lideran\u00e7a do G20, e informou que vai focar no <a class href=\"https:\/\/g1.globo.com\/politica\/noticia\/2023\/11\/23\/na-presidencia-do-g20-brasil-criara-forcas-tarefa-para-debater-clima-e-combate-a-fome.ghtml\">combate \u00e0 fome e \u00e0s mudan\u00e7as clim\u00e1ticas.<\/a> <\/li>\n<li>Na semana passada, o presidente Luiz In\u00e1cio Lula da Silva afirmou que o Brasil \u00e9 um &quot;porto seguro&quot; para &quot;quem quiser utilizar a energia verde para produzir aquilo que \u00e9 necess\u00e1rio a humanidade&quot;. <\/li>\n<li>Nesta quinta-feira (30), o governo brasileiro brasileiro informou que analisa um <a class href=\"https:\/\/g1.globo.com\/economia\/noticia\/2023\/11\/30\/brasil-analisa-convite-para-se-tornar-membro-da-opep-que-reune-principais-exportadores-de-petroleo.ghtml\">convite feito pela Organiza\u00e7\u00e3o dos Pa\u00edses Exportadores de Petr\u00f3leo e Aliados (Opep+) para se tornar um dos &quot;aliados&quot; do grupo.<\/a><\/li>\n<li>Na sexta-feira (1\u00ba), o presidente Lula afirmou, na abertura da COP 28, em Dubai (Emirados \u00c1rabes), que<a class href=\"https:\/\/g1.globo.com\/politica\/noticia\/2023\/12\/01\/lula-discursa-na-cop-28-em-dubai.ghtml\"> gastos com armas deveriam ser usados contra fome e mudan\u00e7a clim\u00e1tica<\/a>. Ele tamb\u00e9m falou sobre a necessidade de ter uma economia menos dependente de combust\u00edveis f\u00f3sseis, como diesel e g\u00e1s de cozinha &#8211; que ter\u00e3o aumento de impostos no in\u00edcio de 2024.<\/li>\n<\/ul>\n<p><h2>Subs\u00eddios \u00e0 ind\u00fastria do petr\u00f3leo e g\u00e1s<\/h2>\n<\/p>\n<p> De acordo com o estudo do Inesc, os subs\u00eddios se dividem naqueles concedidos \u00e0 produ\u00e7\u00e3o, no valor de R$ 34,3 bilh\u00f5es em 2022, e ao consumo &#8211; que totalizou R$ 46,7 bilh\u00f5es no ano passado. <\/p>\n<p> <strong>Incentivos \u00e0 produ\u00e7\u00e3o<\/strong> <\/p>\n<ul>\n<li>Conta de Consumo de Combust\u00edveis (CCC) (f\u00f3sseis): R$ 12,6 bilh\u00f5es em 2022<\/li>\n<li>Regime Aduaneiro Especial de Petr\u00f3leo e G\u00e1s Natural (Repetro): R$ 12,2 bilh\u00f5es no ano passado<\/li>\n<li>Dedu\u00e7\u00e3o dos valores aplicados na explora\u00e7\u00e3o e produ\u00e7\u00e3o de petr\u00f3leo e g\u00e1s natural para c\u00e1lculo do IRPJ e da CSLL: R$ 8 bilh\u00f5es em 2022<\/li>\n<li>Regime Especial de Incentivos para o Desenvolvimento de Infraestrutura (Reidi) (f\u00f3ssil): R$ 730 milh\u00f5es<\/li>\n<li>Termoeletricidade: R$ 640 milh\u00f5es<\/li>\n<\/ul>\n<p> <strong>Incentivos ao Consumo<\/strong> <\/p>\n<ul>\n<li>Isen\u00e7\u00f5es para consumo de \u00f3leo diesel, gasolina e GLP: R$ 40,7 bilh\u00f5es em 2022<\/li>\n<li>Aux\u00edlio-g\u00e1s dos brasileiros: R$ 2,8 bilh\u00f5es no \u00faltimo ano<\/li>\n<li>Pagamento de aux\u00edlio aos transportadores aut\u00f4nomos de cargas: R$ 2,33 bilh\u00f5es<\/li>\n<li>Conta de Desenvolvimento Energ\u00e9tico (carv\u00e3o mineral): R$ 900 milh\u00f5es<\/li>\n<\/ul>\n<p><h2>Subs\u00eddios a energias renov\u00e1veis<\/h2>\n<\/p>\n<ul>\n<li>Programa de Incentivo \u00e0s Fontes Alternativas de Energia El\u00e9trica (Proinfa): R$ 5,45 bilh\u00f5es em 2022<\/li>\n<li>Regime Especial de Incentivos para o Desenvolvimento de Infraestrutura (Reidi Renov\u00e1vel): R$ 3,21 bilh\u00f5es no ano passado<\/li>\n<li>Gera\u00e7\u00e3o distribu\u00edda: R$ 2,82 bilh\u00f5es em 2022<\/li>\n<li>Aerogeradores: R$ 190 milh\u00f5es<\/li>\n<li>Biodiesel: R$ 20 milh\u00f5es<\/li>\n<li>Conta de Consumo de Combust\u00edveis (CCC renov\u00e1vel): R$ 340 milh\u00f5es<\/li>\n<li>Fontes Incentivadas &#8211; Redu\u00e7\u00e3o de pagamento de TUST e TUSD: R$ 650 milh\u00f5es<\/li>\n<li>Programa de Apoio ao Desenvolvimento Tecnol\u00f3gico da Ind\u00fastria de Semicondutores: R$ 310 milh\u00f5es<\/li>\n<li>Programa Mais Luz para a Amaz\u00f4nia: R$ 410 milh\u00f5es<\/li>\n<li>Isen\u00e7\u00f5es para consumo de etanol hidratado: 2,19 bilh\u00f5es<\/li>\n<\/ul>\n<ul> <\/ul>\n","protected":false},"excerpt":{"rendered":"<p>Subs\u00eddios federais para combust\u00edveis f\u00f3sseis somam R$ 81 bilh\u00f5es em 2022, diz estudo C\u00e1lculos foram feitos pelo Instituto de Estudos Socioecon\u00f4micos (Inesc). O principal subs\u00eddio refere-se \u00e0s desonera\u00e7\u00f5es de combust\u00edveis autorizadas no ano passado em meio ao per\u00edodo eleitoral. Por Alexandro Martello, Lais Carregosa, g1 &mdash; Bras\u00edlia 04\/12\/2023 00h01 Atualizado 04\/12\/2023 1 de 1&#013;O metano [&hellip;]<\/p>\n","protected":false},"author":1,"featured_media":0,"comment_status":"closed","ping_status":"closed","sticky":false,"template":"","format":"standard","meta":{"footnotes":""},"categories":[],"tags":[],"class_list":["post-54556","post","type-post","status-publish","format-standard","hentry"],"_links":{"self":[{"href":"https:\/\/blog.corretoraideal.com.br\/index.php\/wp-json\/wp\/v2\/posts\/54556","targetHints":{"allow":["GET"]}}],"collection":[{"href":"https:\/\/blog.corretoraideal.com.br\/index.php\/wp-json\/wp\/v2\/posts"}],"about":[{"href":"https:\/\/blog.corretoraideal.com.br\/index.php\/wp-json\/wp\/v2\/types\/post"}],"author":[{"embeddable":true,"href":"https:\/\/blog.corretoraideal.com.br\/index.php\/wp-json\/wp\/v2\/users\/1"}],"replies":[{"embeddable":true,"href":"https:\/\/blog.corretoraideal.com.br\/index.php\/wp-json\/wp\/v2\/comments?post=54556"}],"version-history":[{"count":1,"href":"https:\/\/blog.corretoraideal.com.br\/index.php\/wp-json\/wp\/v2\/posts\/54556\/revisions"}],"predecessor-version":[{"id":54558,"href":"https:\/\/blog.corretoraideal.com.br\/index.php\/wp-json\/wp\/v2\/posts\/54556\/revisions\/54558"}],"wp:attachment":[{"href":"https:\/\/blog.corretoraideal.com.br\/index.php\/wp-json\/wp\/v2\/media?parent=54556"}],"wp:term":[{"taxonomy":"category","embeddable":true,"href":"https:\/\/blog.corretoraideal.com.br\/index.php\/wp-json\/wp\/v2\/categories?post=54556"},{"taxonomy":"post_tag","embeddable":true,"href":"https:\/\/blog.corretoraideal.com.br\/index.php\/wp-json\/wp\/v2\/tags?post=54556"}],"curies":[{"name":"wp","href":"https:\/\/api.w.org\/{rel}","templated":true}]}}