{"id":54621,"date":"2023-12-05T07:29:45","date_gmt":"2023-12-05T07:29:45","guid":{"rendered":"https:\/\/blog.corretoraideal.com.br\/?p=54621"},"modified":"2023-12-05T07:29:45","modified_gmt":"2023-12-05T07:29:45","slug":"escolas-de-samba-de-sao-joao-da-barra-recebem-reajuste-e-parcela-antecipada-para-o-carnaval-2024-norte-fluminense-g1","status":"publish","type":"post","link":"https:\/\/blog.corretoraideal.com.br\/index.php\/2023\/12\/05\/escolas-de-samba-de-sao-joao-da-barra-recebem-reajuste-e-parcela-antecipada-para-o-carnaval-2024-norte-fluminense-g1\/","title":{"rendered":"Escolas de samba de S\u00e3o Jo\u00e3o da Barra recebem reajuste e parcela antecipada para o Carnaval 2024 | Norte Fluminense | G1"},"content":{"rendered":"<br \/>\n<h1>Escolas de samba de S\u00e3o Jo\u00e3o da Barra recebem reajuste e parcela antecipada para o Carnaval 2024<\/h1>\n<h2>Segundo a Prefeitura, Congos e Chin\u00eas tiveram 65% de aumento e Vila Imperial e Indianos 133%.<\/h2>\n<p> Por g1 &mdash; Norte Fluminense <\/p>\n<p>  04\/12\/2023 15h41    Atualizado  04\/12\/2023    <\/p>\n<p>                      1 de 3&#013;A escola de samba Chin\u00eas encerrou os desfiles com o enredo &#034;Mar de f\u00e9&#034; em 2020. \u2014 Foto: Divulga\u00e7\u00e3o\/Prefeitura de S\u00e3o Jo\u00e3o da Barra    <\/p>\n<p> A escola de samba Chin\u00eas encerrou os desfiles com o enredo &#034;Mar de f\u00e9&#034; em 2020. \u2014 Foto: Divulga\u00e7\u00e3o\/Prefeitura de S\u00e3o Jo\u00e3o da Barra <\/p>\n<p> As principais escolas de samba de <a class href=\"https:\/\/g1.globo.com\/rj\/norte-fluminense\/cidade\/sao-joao-da-barra\/\">S\u00e3o Jo\u00e3o da Barra<\/a>, no Norte Fluminense, receberam a primeira parcela do apoio financeiro para seus desfiles, al\u00e9m do reajuste que n\u00e3o era concedido h\u00e1 mais de 10 anos. <\/p>\n<p> De acordo com a Prefeitura, as escolas de samba Congos e Chin\u00eas tiveram um aumento de 65%, enquanto a rec\u00e9m-criada Vila Imperial viu seu valor subir 133%, mesmo percentual do tradicional bloco de marcha-rancho Indianos. <\/p>\n<p> Segundo o secret\u00e1rio de Cultura, Gil Miranda, desde a cria\u00e7\u00e3o da secretaria, houve um olhar priorit\u00e1rio \u00e0s necessidades das agremia\u00e7\u00f5es, a fim de fortalecer as tradi\u00e7\u00f5es carnavalescas e suas a\u00e7\u00f5es culturais. <\/p>\n<p> &quot;Os desfiles das escolas de samba s\u00e3o o grande chamariz que potencializam o nosso turismo cultural. Ali tem arte, emo\u00e7\u00e3o, brilho e congratula o talento do povo sanjoanense&quot;, ressalta. <\/p>\n<p>         2 de 3&#013;Escola de samba Congos em 2020 com o enredo &#039;\u00d4 Abre Alas que o Congos Vai Passar&#039;. \u2014 Foto: Divulga\u00e7\u00e3o\/Prefeitura de S\u00e3o Jo\u00e3o da Barra    <\/p>\n<p> Escola de samba Congos em 2020 com o enredo &#039;\u00d4 Abre Alas que o Congos Vai Passar&#039;. \u2014 Foto: Divulga\u00e7\u00e3o\/Prefeitura de S\u00e3o Jo\u00e3o da Barra <\/p>\n<p> A escola de samba Chin\u00eas vai levar para a avenida o enredo e samba &quot;A fabulosa f\u00e1brica de brincadeiras&quot;, enquanto a rival Congos desfila com &quot;Malkia&quot;, que retrata as guerreiras do reino do Congo. J\u00e1 a Vila Imperial, levar\u00e1 para a avenida &quot;Fazendo arte no carnaval&quot;. <\/p>\n<p><h2>Workshop de samba <\/h2>\n<\/p>\n<p>         3 de 3&#013;Sambistas e alunos de oficina de samba de S\u00e3o Jo\u00e3o da Barra durante workshop com Carlinhos Salgueiro na quadra da Acad\u00eamicos do Salgueiro, no Rio \u2014 Foto: Prefeitura de S\u00e3o Jo\u00e3o da Barra\/Divulga\u00e7\u00e3o    <\/p>\n<p> Sambistas e alunos de oficina de samba de S\u00e3o Jo\u00e3o da Barra durante workshop com Carlinhos Salgueiro na quadra da Acad\u00eamicos do Salgueiro, no Rio \u2014 Foto: Prefeitura de S\u00e3o Jo\u00e3o da Barra\/Divulga\u00e7\u00e3o <\/p>\n<p> Neste domingo (3), sambistas e alunos da Oficina de Samba do Pal\u00e1cio Cultural Carlos Martins foram at\u00e9 o Rio de Janeiro participar de um workshop de samba com Carlinhos Salgueiro. O encontro ocorreu na quadra da escola Acad\u00eamicos do Salgueiro. <\/p>\n<p> No ano anterior, a Secretaria de Cultura tamb\u00e9m realizou uma oficina de samba, incluindo a atividade na programa\u00e7\u00e3o cultural permanente da cidade. <\/p>\n<ul>\n<li> <a href=\"https:\/\/g1.globo.com\/rj\/norte-fluminense\/cidade\/sao-joao-da-barra\/\" class=\"entities__list-itemLink\" data-track-click=\"S\u00e3o Jo\u00e3o da Barra\"> S\u00e3o Jo\u00e3o da Barra <\/a> <\/li>\n<\/ul>\n","protected":false},"excerpt":{"rendered":"<p>Escolas de samba de S\u00e3o Jo\u00e3o da Barra recebem reajuste e parcela antecipada para o Carnaval 2024 Segundo a Prefeitura, Congos e Chin\u00eas tiveram 65% de aumento e Vila Imperial e Indianos 133%. Por g1 &mdash; Norte Fluminense 04\/12\/2023 15h41 Atualizado 04\/12\/2023 1 de 3&#013;A escola de samba Chin\u00eas encerrou os desfiles com o enredo [&hellip;]<\/p>\n","protected":false},"author":1,"featured_media":0,"comment_status":"closed","ping_status":"closed","sticky":false,"template":"","format":"standard","meta":{"footnotes":""},"categories":[],"tags":[],"class_list":["post-54621","post","type-post","status-publish","format-standard","hentry"],"_links":{"self":[{"href":"https:\/\/blog.corretoraideal.com.br\/index.php\/wp-json\/wp\/v2\/posts\/54621","targetHints":{"allow":["GET"]}}],"collection":[{"href":"https:\/\/blog.corretoraideal.com.br\/index.php\/wp-json\/wp\/v2\/posts"}],"about":[{"href":"https:\/\/blog.corretoraideal.com.br\/index.php\/wp-json\/wp\/v2\/types\/post"}],"author":[{"embeddable":true,"href":"https:\/\/blog.corretoraideal.com.br\/index.php\/wp-json\/wp\/v2\/users\/1"}],"replies":[{"embeddable":true,"href":"https:\/\/blog.corretoraideal.com.br\/index.php\/wp-json\/wp\/v2\/comments?post=54621"}],"version-history":[{"count":1,"href":"https:\/\/blog.corretoraideal.com.br\/index.php\/wp-json\/wp\/v2\/posts\/54621\/revisions"}],"predecessor-version":[{"id":54623,"href":"https:\/\/blog.corretoraideal.com.br\/index.php\/wp-json\/wp\/v2\/posts\/54621\/revisions\/54623"}],"wp:attachment":[{"href":"https:\/\/blog.corretoraideal.com.br\/index.php\/wp-json\/wp\/v2\/media?parent=54621"}],"wp:term":[{"taxonomy":"category","embeddable":true,"href":"https:\/\/blog.corretoraideal.com.br\/index.php\/wp-json\/wp\/v2\/categories?post=54621"},{"taxonomy":"post_tag","embeddable":true,"href":"https:\/\/blog.corretoraideal.com.br\/index.php\/wp-json\/wp\/v2\/tags?post=54621"}],"curies":[{"name":"wp","href":"https:\/\/api.w.org\/{rel}","templated":true}]}}