{"id":54633,"date":"2023-12-05T13:47:04","date_gmt":"2023-12-05T13:47:04","guid":{"rendered":"https:\/\/blog.corretoraideal.com.br\/?p=54633"},"modified":"2023-12-05T13:47:04","modified_gmt":"2023-12-05T13:47:04","slug":"carlinhos-brown-e-o-primeiro-embaixador-do-turismo-nomeado-no-terceiro-governo-lula-politica-g1","status":"publish","type":"post","link":"https:\/\/blog.corretoraideal.com.br\/index.php\/2023\/12\/05\/carlinhos-brown-e-o-primeiro-embaixador-do-turismo-nomeado-no-terceiro-governo-lula-politica-g1\/","title":{"rendered":"Carlinhos Brown \u00e9 o primeiro embaixador do Turismo nomeado no terceiro governo Lula | Pol\u00edtica | G1"},"content":{"rendered":"<br \/>\n<h1>Carlinhos Brown \u00e9 o primeiro embaixador do Turismo nomeado no terceiro governo Lula<\/h1>\n<h2>Na \u00faltima sexta-feira (18), Embratur revogou as nomea\u00e7\u00f5es feitas na gest\u00e3o do ex-presidente Jair Bolsonaro. Brown receber\u00e1 o t\u00edtulo na pr\u00f3xima sexta-feira (24).<\/h2>\n<p> Por <a class=\"multi_signatures\" href=\"https:\/\/g1.globo.com\/autores\/vinicius-cassela\/\">Vin\u00edcius Cassela<\/a>, g1 &mdash; Bras\u00edlia <\/p>\n<p>  20\/11\/2023 12h08    Atualizado  20\/11\/2023    <\/p>\n<ul>\n<li>\n<p> A Embratur anunciou nesta segunda-feira Carlinhos Brown como novo embaixador do Turismo brasileiro <\/p>\n<\/li>\n<li>\n<p> Foi a primeira nomea\u00e7\u00e3o de embaixador do Turismo feita no terceiro governo Lula <\/p>\n<\/li>\n<li>\n<p> Na semana passada, o governo revogou 15 nomea\u00e7\u00f5es feitas na gest\u00e3o do ex-presidente Jair Bolsonaro <\/p>\n<\/li>\n<li>\n<p> Ronaldinho Ga\u00facho e Daniel Alves est\u00e3o entre as personalidades que perderam o t\u00edtulo <\/p>\n<\/li>\n<\/ul>\n<p> A Embratur anunciou nesta segunda-feira Carlinhos Brown como novo embaixador do Turismo brasileiro <\/p>\n<p> Foi a primeira nomea\u00e7\u00e3o de embaixador do Turismo feita no terceiro governo Lula <\/p>\n<p> Na semana passada, o governo revogou 15 nomea\u00e7\u00f5es feitas na gest\u00e3o do ex-presidente Jair Bolsonaro <\/p>\n<p> Ronaldinho Ga\u00facho e Daniel Alves est\u00e3o entre as personalidades que perderam o t\u00edtulo <\/p>\n<p>         1 de 1&#013;O m\u00fasico Carlinhos Brown, primeiro embaixador do Turismo nomeado no terceiro governo Lula \u2014 Foto: Divulga\u00e7\u00e3o\/Embratur    <\/p>\n<p> O m\u00fasico Carlinhos Brown, primeiro embaixador do Turismo nomeado no terceiro governo Lula \u2014 Foto: Divulga\u00e7\u00e3o\/Embratur <\/p>\n<p> A Ag\u00eancia Brasileira de Promo\u00e7\u00e3o Internacional do Turismo (Embratur) nomeou nesta segunda-feira (20) o m\u00fasico <a class href=\"https:\/\/g1.globo.com\/tudo-sobre\/carlinhos-brown\/\">Carlinhos Brown<\/a> como novo embaixador do Turismo brasileiro. Foi a primeira indica\u00e7\u00e3o no terceiro mandato do governo <a class href=\"https:\/\/g1.globo.com\/politica\/politico\/lula\/\">Lula<\/a> (<a class href=\"https:\/\/g1.globo.com\/politica\/partido\/pt\/\">PT<\/a>). <\/p>\n<p> O an\u00fancio foi feito tr\u00eas dias depois de a ag\u00eancia <a class href=\"https:\/\/g1.globo.com\/politica\/noticia\/2023\/11\/18\/nao-foi-nada-contra-um-ou-outro-diz-presidente-da-embratur-apos-revogar-titulos-de-ronaldinho-gaucho-e-daniel-alves-como-embaixadores-do-turismo.ghtml\">revogar as nomea\u00e7\u00f5es de 15 embaixadores, todos homens, que foram escolhidos durante o governo Bolsonaro<\/a>. Entre as personalidades que perderam o t\u00edtulo, est\u00e3o os ex-jogadores de futebol Ronaldinho Ga\u00facho e Daniel Alves. <\/p>\n<p> A cerim\u00f4nia de entrega do diploma a Carlinhos Brown acontecer\u00e1 na pr\u00f3xima sexta-feira (24), em Salvador (BA). <\/p>\n<p> O an\u00fancio foi feito pela Embratur nas redes sociais, que destacou a import\u00e2ncia de Brown para a divulga\u00e7\u00e3o da cultura afrobrasileira. <\/p>\n<p>&quot;Nosso Cacique do Candeal projeta o Brasil para o mundo com sua arte inventiva e marcada pela exalta\u00e7\u00e3o da cultura afrobrasileira. Brown representa o que o Brasil tem de melhor, nosso povo, nossa diversidade e nossa felicidade&quot;, afirmou a Ag\u00eancia.<\/p>\n<p>                   <img loading=\"lazy\" decoding=\"async\" class=\"aligncenter size-full wp-image-54635\" src=\"https:\/\/blog.corretoraideal.com.br\/wp-content\/uploads\/2023\/12\/imagem05-12-2023-13-12-04.jpeg\" alt=\"imagem05-12-2023-13-12-04\" width=\"800\" height=\"400\" \/>      <\/p>\n<p> &#8216;Quem me colocou na Embratur foi o presidente Lula, e s\u00f3 quem pode me tirar \u00e9 o presidente Lula&#8217;, diz Freixo <\/p>\n<p><h2>O programa<\/h2>\n<\/p>\n<p> De acordo com a Embratur, o programa &quot;Embaixador Honor\u00edfico do Turismo Brasileiro&quot; foi criado em 1987 para ajudar na promo\u00e7\u00e3o internacional do turismo do pa\u00eds, por meio da divulga\u00e7\u00e3o de &quot;produtos, servi\u00e7os e destinos tur\u00edsticos brasileiros&quot;. <\/p>\n<p> O primeiro embaixador foi o ex-jogador de futebol Pel\u00e9. <\/p>\n<p> Uma nova resolu\u00e7\u00e3o sobre o programa foi editado pela Embratur para inserir o respeito &quot;\u00e0 democracia&quot;, como item obrigat\u00f3rio para se tornar embaixador. <\/p>\n<p> &quot;Embratur conceder\u00e1 o t\u00edtulo \u00e0s pessoas que, pela sua atua\u00e7\u00e3o pessoal ou profissional, colaborem para a promo\u00e7\u00e3o dos destinos tur\u00edsticos no exterior, destacando a diversidade cultural e natural do pa\u00eds, a sustentabilidade ambiental, o respeito \u00e0 fauna, \u00e0 flora, \u00e0s florestas, \u00e0 vida e \u00e0 democracia, o enfrentamento \u00e0s discrimina\u00e7\u00f5es, e que colaborem para a constru\u00e7\u00e3o da imagem positiva do Brasil&quot;, afirma o texto. <\/p>\n<p> Ainda exige que a pessoa tenha &quot;reputa\u00e7\u00e3o ilibada e idoneidade moral&quot; para poder assumir o t\u00edtulo. Na gest\u00e3o passada, pessoas que s\u00e3o acusadas de crimes integravam a lista de embaixadores. <\/p>\n<ul>\n<li> <a href=\"https:\/\/g1.globo.com\/tudo-sobre\/carlinhos-brown\/\" class=\"entities__list-itemLink\" data-track-click=\"Carlinhos Brown\"> Carlinhos Brown <\/a> <\/li>\n<li> <a href=\"https:\/\/g1.globo.com\/politica\/politico\/lula\/\" class=\"entities__list-itemLink\" data-track-click=\"Lula\"> Lula <\/a> <\/li>\n<li> <a href=\"https:\/\/g1.globo.com\/politica\/partido\/pt\/\" class=\"entities__list-itemLink\" data-track-click=\"PT\"> PT <\/a> <\/li>\n<li> <a href=\"https:\/\/g1.globo.com\/tudo-sobre\/pele\/\" class=\"entities__list-itemLink\" data-track-click=\"Pel\u00e9 - Edson Arantes do Nascimento\"> Pel\u00e9 &#8211; Edson Arantes do Nascimento <\/a> <\/li>\n<li> <a href=\"https:\/\/g1.globo.com\/tudo-sobre\/ronaldinho-gaucho\/\" class=\"entities__list-itemLink\" data-track-click=\"Ronaldinho Ga\u00facho - Ronaldo de Assis Moreira\"> Ronaldinho Ga\u00facho &#8211; Ronaldo de Assis Moreira <\/a> <\/li>\n<\/ul>\n","protected":false},"excerpt":{"rendered":"<p>Carlinhos Brown \u00e9 o primeiro embaixador do Turismo nomeado no terceiro governo Lula Na \u00faltima sexta-feira (18), Embratur revogou as nomea\u00e7\u00f5es feitas na gest\u00e3o do ex-presidente Jair Bolsonaro. Brown receber\u00e1 o t\u00edtulo na pr\u00f3xima sexta-feira (24). Por Vin\u00edcius Cassela, g1 &mdash; Bras\u00edlia 20\/11\/2023 12h08 Atualizado 20\/11\/2023 A Embratur anunciou nesta segunda-feira Carlinhos Brown como novo [&hellip;]<\/p>\n","protected":false},"author":1,"featured_media":0,"comment_status":"closed","ping_status":"closed","sticky":false,"template":"","format":"standard","meta":{"footnotes":""},"categories":[],"tags":[],"class_list":["post-54633","post","type-post","status-publish","format-standard","hentry"],"_links":{"self":[{"href":"https:\/\/blog.corretoraideal.com.br\/index.php\/wp-json\/wp\/v2\/posts\/54633","targetHints":{"allow":["GET"]}}],"collection":[{"href":"https:\/\/blog.corretoraideal.com.br\/index.php\/wp-json\/wp\/v2\/posts"}],"about":[{"href":"https:\/\/blog.corretoraideal.com.br\/index.php\/wp-json\/wp\/v2\/types\/post"}],"author":[{"embeddable":true,"href":"https:\/\/blog.corretoraideal.com.br\/index.php\/wp-json\/wp\/v2\/users\/1"}],"replies":[{"embeddable":true,"href":"https:\/\/blog.corretoraideal.com.br\/index.php\/wp-json\/wp\/v2\/comments?post=54633"}],"version-history":[{"count":1,"href":"https:\/\/blog.corretoraideal.com.br\/index.php\/wp-json\/wp\/v2\/posts\/54633\/revisions"}],"predecessor-version":[{"id":54636,"href":"https:\/\/blog.corretoraideal.com.br\/index.php\/wp-json\/wp\/v2\/posts\/54633\/revisions\/54636"}],"wp:attachment":[{"href":"https:\/\/blog.corretoraideal.com.br\/index.php\/wp-json\/wp\/v2\/media?parent=54633"}],"wp:term":[{"taxonomy":"category","embeddable":true,"href":"https:\/\/blog.corretoraideal.com.br\/index.php\/wp-json\/wp\/v2\/categories?post=54633"},{"taxonomy":"post_tag","embeddable":true,"href":"https:\/\/blog.corretoraideal.com.br\/index.php\/wp-json\/wp\/v2\/tags?post=54633"}],"curies":[{"name":"wp","href":"https:\/\/api.w.org\/{rel}","templated":true}]}}