{"id":54637,"date":"2023-12-05T14:42:25","date_gmt":"2023-12-05T14:42:25","guid":{"rendered":"https:\/\/blog.corretoraideal.com.br\/?p=54637"},"modified":"2023-12-05T14:42:25","modified_gmt":"2023-12-05T14:42:25","slug":"haddad-diz-que-pib-positivo-surpreendeu-reafirma-previsao-para-2023-e-diz-que-bc-precisa-fazer-o-trabalho-dele-economia-g1","status":"publish","type":"post","link":"https:\/\/blog.corretoraideal.com.br\/index.php\/2023\/12\/05\/haddad-diz-que-pib-positivo-surpreendeu-reafirma-previsao-para-2023-e-diz-que-bc-precisa-fazer-o-trabalho-dele-economia-g1\/","title":{"rendered":"Haddad diz que PIB positivo surpreendeu, reafirma previs\u00e3o para 2023 e diz que BC &#039;precisa fazer o trabalho dele&#039; | Economia | G1"},"content":{"rendered":"<br \/>\n<h1>Haddad diz que PIB positivo surpreendeu, reafirma previs\u00e3o para 2023 e diz que BC &#039;precisa fazer o trabalho dele&#039;<\/h1>\n<h2>Ministro tamb\u00e9m projetou alta de 2,5% para 2024 \u2013 patamar mais alto que a previs\u00e3o oficial do Minist\u00e9rio da Fazenda. BC come\u00e7ou a cortar juros em agosto e a taxa, atualmente, est\u00e1 em 12,25% ao ano.<\/h2>\n<p> Por Alexandro Martello, Guillherme Mazui, g1 &mdash; Bras\u00edlia <\/p>\n<p>  05\/12\/2023 11h10    Atualizado  05\/12\/2023    <\/p>\n<p> O ministro da Fazenda, Fernando Haddad, afirmou nesta ter\u00e7a-feira (4) que o resultado do Produto Interno Bruto (PIB) do terceiro trimestre surpreendeu ao mostrar crescimento. <\/p>\n<p> Ele tamb\u00e9m <strong>pediu ao Banco Central que siga &quot;fazendo seu trabalho&quot;<\/strong>, em uma alus\u00e3o ao processo de corte da taxa b\u00e1sica de juros da economia. <\/p>\n<p> Haddad est\u00e1 na Alemanha, junto com o presidente Luiz In\u00e1cio Lula da Silva &#8211; <a class href=\"https:\/\/g1.globo.com\/politica\/noticia\/2023\/09\/01\/lula-diz-que-juro-ainda-esta-alto-e-volta-a-criticar-campos-neto-se-ele-conversa-com-alguem-nao-e-comigo.ghtml\">cr\u00edtico de juros altos. <\/a> <\/p>\n<p> O Banco Central come\u00e7ou a reduzir a taxa b\u00e1sica da economia em agosto deste ano. <a class href=\"https:\/\/g1.globo.com\/economia\/noticia\/2023\/11\/01\/banco-central-deve-promover-3o-corte-seguido-dos-juros-nesta-quarta-para-1225percent-ao-ano.ghtml\">Desde ent\u00e3o, forem tr\u00eas cortes consecutivos, para 12,25% ao ano &#8211; o menor patamar desde maio de 2022<\/a>. O mercado estima <a class href=\"https:\/\/g1.globo.com\/economia\/noticia\/2023\/12\/04\/mercado-financeiro-eleva-estimativa-de-inflacao-para-2023-e-2024.ghtml\">nova redu\u00e7\u00e3o neste m\u00eas, para 11,75% ao ano.<\/a> <\/p>\n<p> O ministro reafirmou a estimativa, divulgada em novembro pela Secretaria de Pol\u00edtica Econ\u00f4mica do Minist\u00e9rio da Fazenda, <a class href=\"https:\/\/g1.globo.com\/economia\/noticia\/2023\/11\/21\/governo-reduz-estimativa-de-alta-do-pib-em-2023-e-passa-a-prever-inflacao-dentro-da-meta.ghtml\">de que a economia vai crescer 3% neste ano<\/a>. E tamb\u00e9m projetou uma expans\u00e3o de 2,5% para a economia em 2024 &#8211; maior do que a proje\u00e7\u00e3o oficial da pasta, de 2,2%. <\/p>\n<p>&quot;N\u00f3s tivemos um PIB positivo, mas fraco, mas com os cortes nas taxas de juros, n\u00f3s esperamos que neste ano n\u00f3s fechemos o PIB em mais de 3% de crescimento e esperamos um crescimento na faixa de 2,5% no ano que vem. Mas o Banco Central precisa fazer o trabalho dele&quot;, afirmou o ministro Fernando Haddad.<\/p>\n<p> Mais cedo nesta ter\u00e7a-feira, o<a class href=\"https:\/\/g1.globo.com\/economia\/noticia\/2023\/12\/05\/pib-do-brasil-cresce-01percent-no-3-trimestre-de-2023-diz-ibge.ghtml\"> Instituto Brasileiro de Geografia e Estat\u00edstica (IBGE) informou que o PIB do Brasil cresceu 0,1% no 3\u00ba trimestre de 2023<\/a>. O resultado surpreendeu o mercado, que projetava uma retra\u00e7\u00e3o de 0,2%. <\/p>\n<p><h2>Compara\u00e7\u00e3o internacional<\/h2>\n<\/p>\n<p> Segundo a SPE, do Minist\u00e9rio da Fazenda, dentre os pa\u00edses do G-20 que j\u00e1 divulgaram o resultado do PIB do terceiro trimestre, o Brasil teve o quinto melhor desempenho. <\/p>\n<p>         1 de 1&#013;Apresenta\u00e7\u00e3o da SPE\/Minist\u00e9rio da Fazenda \u2014 Foto: SPE\/Minist\u00e9rio da Fazenda    <\/p>\n<p> Apresenta\u00e7\u00e3o da SPE\/Minist\u00e9rio da Fazenda \u2014 Foto: SPE\/Minist\u00e9rio da Fazenda <\/p>\n<p> Para o \u00f3rg\u00e3o, o PIB deve mostrar novo crescimento no quatro trimestre deste ano. <\/p>\n<p> &quot;A ind\u00fastria tende a se beneficiar com a redu\u00e7\u00e3o nos custos do cr\u00e9dito, com os programas de est\u00edmulo ao investimento e de constru\u00e7\u00e3o de moradias populares (como PAC e MCMV), e com os est\u00edmulos \u00e0 atividade na China&quot;, informou. <\/p>\n<p> Para o crescimento do setor de servi\u00e7os, ainda segundo o Minist\u00e9rio da Fazenda, devem contribuir a recente expans\u00e3o da renda, impulsionada pela gera\u00e7\u00e3o l\u00edquida de postos de trabalhos e pelo aumento do rendimento real. <\/p>\n<p> &quot;O setor tamb\u00e9m dever\u00e1 se beneficiar com a redu\u00e7\u00e3o da inadimpl\u00eancia e comprometimento de renda das fam\u00edlias que, junto com a melhoria recente das condi\u00e7\u00f5es financeiras, tende a impulsionar as concess\u00f5es de cr\u00e9dito e o ritmo de expans\u00e3o do consumo nesse \u00faltimo trimestre&quot;, acrescentou. <\/p>\n<ul> <\/ul>\n","protected":false},"excerpt":{"rendered":"<p>Haddad diz que PIB positivo surpreendeu, reafirma previs\u00e3o para 2023 e diz que BC &#039;precisa fazer o trabalho dele&#039; Ministro tamb\u00e9m projetou alta de 2,5% para 2024 \u2013 patamar mais alto que a previs\u00e3o oficial do Minist\u00e9rio da Fazenda. BC come\u00e7ou a cortar juros em agosto e a taxa, atualmente, est\u00e1 em 12,25% ao ano. [&hellip;]<\/p>\n","protected":false},"author":1,"featured_media":0,"comment_status":"closed","ping_status":"closed","sticky":false,"template":"","format":"standard","meta":{"footnotes":""},"categories":[],"tags":[],"class_list":["post-54637","post","type-post","status-publish","format-standard","hentry"],"_links":{"self":[{"href":"https:\/\/blog.corretoraideal.com.br\/index.php\/wp-json\/wp\/v2\/posts\/54637","targetHints":{"allow":["GET"]}}],"collection":[{"href":"https:\/\/blog.corretoraideal.com.br\/index.php\/wp-json\/wp\/v2\/posts"}],"about":[{"href":"https:\/\/blog.corretoraideal.com.br\/index.php\/wp-json\/wp\/v2\/types\/post"}],"author":[{"embeddable":true,"href":"https:\/\/blog.corretoraideal.com.br\/index.php\/wp-json\/wp\/v2\/users\/1"}],"replies":[{"embeddable":true,"href":"https:\/\/blog.corretoraideal.com.br\/index.php\/wp-json\/wp\/v2\/comments?post=54637"}],"version-history":[{"count":1,"href":"https:\/\/blog.corretoraideal.com.br\/index.php\/wp-json\/wp\/v2\/posts\/54637\/revisions"}],"predecessor-version":[{"id":54639,"href":"https:\/\/blog.corretoraideal.com.br\/index.php\/wp-json\/wp\/v2\/posts\/54637\/revisions\/54639"}],"wp:attachment":[{"href":"https:\/\/blog.corretoraideal.com.br\/index.php\/wp-json\/wp\/v2\/media?parent=54637"}],"wp:term":[{"taxonomy":"category","embeddable":true,"href":"https:\/\/blog.corretoraideal.com.br\/index.php\/wp-json\/wp\/v2\/categories?post=54637"},{"taxonomy":"post_tag","embeddable":true,"href":"https:\/\/blog.corretoraideal.com.br\/index.php\/wp-json\/wp\/v2\/tags?post=54637"}],"curies":[{"name":"wp","href":"https:\/\/api.w.org\/{rel}","templated":true}]}}