{"id":54683,"date":"2023-12-07T02:29:36","date_gmt":"2023-12-07T02:29:36","guid":{"rendered":"https:\/\/blog.corretoraideal.com.br\/?p=54683"},"modified":"2023-12-07T02:29:36","modified_gmt":"2023-12-07T02:29:36","slug":"ao-planejar-a-safra-inclua-volkswagen-confianca-e-robustez-para-o-trabalho-no-campo-volkswagen-g1","status":"publish","type":"post","link":"https:\/\/blog.corretoraideal.com.br\/index.php\/2023\/12\/07\/ao-planejar-a-safra-inclua-volkswagen-confianca-e-robustez-para-o-trabalho-no-campo-volkswagen-g1\/","title":{"rendered":"Ao planejar a safra, inclua Volkswagen: confian\u00e7a e robustez para o trabalho no campo | Volkswagen | G1"},"content":{"rendered":"<br \/>\n<h1>Ao planejar a safra, inclua Volkswagen: confian\u00e7a e robustez para o trabalho no campo<\/h1>\n<h2>Com conforto e seguran\u00e7a, Amarok, Nova Saveiro e Polo Track est\u00e3o preparados para atender \u00e0s necessidades do produtor rural.<\/h2>\n<p>       <a href=\"https:\/\/www.vw.com.br\/pt.html\" target=\"_blank\" rel=\"noopener noreferrer\">    <\/a>   <\/p>\n<p> Por Volkswagen <\/p>\n<p>  06\/12\/2023 20h44    Atualizado  06\/12\/2023    <\/p>\n<p>                         1 de 1&#013;Amarok, Nova Saveiro e Polo Track est\u00e3o prontos para jornadas intensas \u2014 Foto: Volkswagen    <\/p>\n<p> Amarok, Nova Saveiro e Polo Track est\u00e3o prontos para jornadas intensas \u2014 Foto: Volkswagen <\/p>\n<p> Quem trabalha no campo tem necessidades espec\u00edficas ao escolher um carro, seja pelo tipo de estrada que enfrenta, carga que carrega e\/ou pelos quil\u00f4metros que roda todos os dias. Vem safra, vai safra, a rotina segue exigindo modelos robustos e confi\u00e1veis, uma marca registrada da Volkswagen. <\/p>\n<p> Se o momento \u00e9 de planejamento, \u00e9 hora de incluir um carro que tamb\u00e9m seja um parceiro para as jornadas por terra ou asfalto. Para quem \u00e9 do agro, a Amarok, a Nova Saveiro e o Polo Track s\u00e3o os modelos da marca preparados para desafios do dia a dia e, ao mesmo tempo, com o conforto e a seguran\u00e7a que as horas de lazer tamb\u00e9m exigem. <\/p>\n<p> Os diferentes carros atendem do pequeno ao grande produtor, seja para percorrer trechos do campo para a cidade ou dentro de propriedades, transportar o que for necess\u00e1rio, e at\u00e9 puxar tratores. <\/p>\n<p> Para quem est\u00e1 come\u00e7ando no agro ou busca o primeiro carro, deseja trocar de modelo ou aumentar a frota, a marca tem o melhor custo-benef\u00edcio do mercado e condi\u00e7\u00f5es de pagamento e ofertas especiais para produtor rural e empresa (compra CNPJ). <\/p>\n<p> <strong>Prontas para atender a qualquer necessidade<\/strong> <\/p>\n<p> Na hora de escolher, cabe avaliar as necessidades do dia a dia para tomar a melhor decis\u00e3o. Quem precisa de uma picape com capacidade de carga, for\u00e7a e pot\u00eancia, por exemplo, tem tudo na Amarok. Mais potente da categoria (motor v6 3.0 de 258 cv), tamb\u00e9m \u00e9 a picape com maior capacidade de carga da categoria, seja em peso ou espa\u00e7o: 1.156kg e 1.280l, respectivamente. <\/p>\n<p> J\u00e1 a Nova Saveiro \u00e9 uma picape segura e confi\u00e1vel, sempre pronta para aquele vai e vem, no campo ou na cidade. Agora com novo design e itens exclusivos de s\u00e9rie, como freio \u00e0 disco nas quatro rodas, sensor traseiro de estacionamento, assistente de partida em subida e mais. A Nova Saveiro tem quatro vers\u00f5es, todas com mec\u00e2nica conhecida e confi\u00e1vel, motor mais potente do segmento e suporte de p\u00f3s-venda em todo o territ\u00f3rio nacional. <\/p>\n<p> Para quem busca um carro robusto e econ\u00f4mico, o Polo Track aguenta todo tipo de terreno. Oferece desempenho com economia de combust\u00edvel. Melhor pot\u00eancia da categoria (motor 1.0 de 84cv), tem dire\u00e7\u00e3o el\u00e9trica, assistente de partida em subida, maior espa\u00e7o interno da categoria e prote\u00e7\u00e3o extra das caixas de rodas. <\/p>\n<p> Ao planejar a safra, conte com as vantagens exclusivas da Volkswagen. \u00c9 s\u00f3 procurar a concession\u00e1ria mais pr\u00f3xima ou acessar o <a class href=\"https:\/\/ofertas.vw.com.br\/\" target=\"_blank\" rel=\"noopener noreferrer\">site da Volks<\/a> para conferir as ofertas. Volkswagen \u00e9 Agro. Confian\u00e7a e robustez que valem mais. <\/p>\n<p> <strong>Conhe\u00e7a melhor cada um dos modelos<\/strong> <\/p>\n<p> <strong>Amarok<\/strong> <\/p>\n<p> Com motor turbodiesel v6 3.0 de 258 cavalos, a <a class href=\"https:\/\/ofertas.vw.com.br\/modelos\/?modelo=amarok&amp;utm_source=sem&amp;utm_medium=GADW&amp;utm_campaign=IFF&amp;utm_content=inelel_AMK_AMK_PIK_PSEAC_GADW_OPN_OPN_90D_none-CPC-A18mais_ALP_inel02463al&amp;adchan=sem&amp;country=BRA&amp;publisher=GADW&amp;campaign=IFF&amp;format=NU_PT_CO22_modelo-brand-amarok&amp;admt=ALP_inel02463al&amp;language=PT&amp;gclid=Cj0KCQjwi7GnBhDXARIsAFLvH4mJeZyq8DU40_rNcu_mVT3LyIl9h1dDo36U0sWVhOotqUxzXVaQaqEaAnIdEALw_wcB&amp;gclsrc=aw.ds\" target=\"_blank\" rel=\"noopener noreferrer\">Volkswagen Amarok<\/a> \u00e9 a mais potente da categoria. Com torque de 59,1 kgfm, chega de 0 a 100 km\/h em 7,4 segundos. Tem 4&#215;4 permanente com exclusiva tecnologia 4Motion e transmiss\u00e3o autom\u00e1tica de 8 velocidades. For\u00e7a, pot\u00eancia, capacidade de carga com conforto e robustez. <\/p>\n<p> <strong>Nova Saveiro<\/strong> <\/p>\n<p> Dispon\u00edvel em quatro vers\u00f5es, a <a class href=\"https:\/\/www.vw.com.br\/pt\/carros\/Saveiro.html?utm_source=oa&amp;utm_medium=GLB&amp;utm_campaign=AFF&amp;utm_content=awelel_SAV_SAV_PIK_BILBO_GLB_AFN_AFN_90D_none-CPM-A25mais_ALP_awel02120al&amp;adchan=oa&amp;country=BRA&amp;publisher=GLB&amp;campaign=AFF&amp;format=NU_PT_learnmore_saveiro-materia-correto&amp;admt=ALP_awel02120al&amp;language=PT&amp;dclid=CI2T5oKh34EDFVAYuQYdvPwK_A\" target=\"_blank\" rel=\"noopener noreferrer\">Nova Saveiro<\/a> \u00e9 a \u00fanica picape pequena com freios a disco nas quatro rodas e sensor de r\u00e9 em todas as vers\u00f5es. Melhor custo-benef\u00edcio da categoria, tanto na vers\u00e3o Cabine Simples, quanto na Cabine Dupla, une robustez e confian\u00e7a. Conta com o motor mais potente (116cv) e a maior for\u00e7a\/torque (16,1kgfm) entre os modelos de entrada. <\/p>\n<p> <strong>Polo Track<\/strong> <\/p>\n<p> O <a class href=\"https:\/\/www.vwnews.com.br\/news\/1675\" target=\"_blank\" rel=\"noopener noreferrer\">Polo Track<\/a> traz economia e robustez pro trabalho. Equipado com o motor 1.0 MPI flex, com pot\u00eancia m\u00e1xima de 84 cavalos e 10,3 kgfm de torque m\u00e1ximo, \u00e9 o modelo com maior espa\u00e7o interno da categoria. Com a robustez e a durabilidade como caracter\u00edsticas, \u00e9 capaz de rodar nas mais variadas estradas do pa\u00eds. <\/p>\n<p>   <a href=\"https:\/\/www.vw.com.br\/pt.html\" target=\"_blank\" rel=\"noopener noreferrer\"> <img loading=\"lazy\" decoding=\"async\" class=\"aligncenter size-full wp-image-54685\" src=\"https:\/\/blog.corretoraideal.com.br\/wp-content\/uploads\/2023\/12\/volkswagen.png\" alt=\"Volkswagen\" width=\"800\" height=\"400\" \/> <\/a>  conte\u00fado de responsabilidade do anunciante    <\/p>\n<ul> <\/ul>\n","protected":false},"excerpt":{"rendered":"<p>Ao planejar a safra, inclua Volkswagen: confian\u00e7a e robustez para o trabalho no campo Com conforto e seguran\u00e7a, Amarok, Nova Saveiro e Polo Track est\u00e3o preparados para atender \u00e0s necessidades do produtor rural. Por Volkswagen 06\/12\/2023 20h44 Atualizado 06\/12\/2023 1 de 1&#013;Amarok, Nova Saveiro e Polo Track est\u00e3o prontos para jornadas intensas \u2014 Foto: Volkswagen [&hellip;]<\/p>\n","protected":false},"author":1,"featured_media":0,"comment_status":"closed","ping_status":"closed","sticky":false,"template":"","format":"standard","meta":{"footnotes":""},"categories":[],"tags":[],"class_list":["post-54683","post","type-post","status-publish","format-standard","hentry"],"_links":{"self":[{"href":"https:\/\/blog.corretoraideal.com.br\/index.php\/wp-json\/wp\/v2\/posts\/54683","targetHints":{"allow":["GET"]}}],"collection":[{"href":"https:\/\/blog.corretoraideal.com.br\/index.php\/wp-json\/wp\/v2\/posts"}],"about":[{"href":"https:\/\/blog.corretoraideal.com.br\/index.php\/wp-json\/wp\/v2\/types\/post"}],"author":[{"embeddable":true,"href":"https:\/\/blog.corretoraideal.com.br\/index.php\/wp-json\/wp\/v2\/users\/1"}],"replies":[{"embeddable":true,"href":"https:\/\/blog.corretoraideal.com.br\/index.php\/wp-json\/wp\/v2\/comments?post=54683"}],"version-history":[{"count":1,"href":"https:\/\/blog.corretoraideal.com.br\/index.php\/wp-json\/wp\/v2\/posts\/54683\/revisions"}],"predecessor-version":[{"id":54686,"href":"https:\/\/blog.corretoraideal.com.br\/index.php\/wp-json\/wp\/v2\/posts\/54683\/revisions\/54686"}],"wp:attachment":[{"href":"https:\/\/blog.corretoraideal.com.br\/index.php\/wp-json\/wp\/v2\/media?parent=54683"}],"wp:term":[{"taxonomy":"category","embeddable":true,"href":"https:\/\/blog.corretoraideal.com.br\/index.php\/wp-json\/wp\/v2\/categories?post=54683"},{"taxonomy":"post_tag","embeddable":true,"href":"https:\/\/blog.corretoraideal.com.br\/index.php\/wp-json\/wp\/v2\/tags?post=54683"}],"curies":[{"name":"wp","href":"https:\/\/api.w.org\/{rel}","templated":true}]}}