{"id":54700,"date":"2023-12-07T08:29:46","date_gmt":"2023-12-07T08:29:46","guid":{"rendered":"https:\/\/blog.corretoraideal.com.br\/?p=54700"},"modified":"2023-12-07T08:29:46","modified_gmt":"2023-12-07T08:29:46","slug":"sam-altman-do-chatgpt-e-eleito-ceo-do-ano-pela-revisa-time-tecnologia-g1","status":"publish","type":"post","link":"https:\/\/blog.corretoraideal.com.br\/index.php\/2023\/12\/07\/sam-altman-do-chatgpt-e-eleito-ceo-do-ano-pela-revisa-time-tecnologia-g1\/","title":{"rendered":"Sam Altman, do ChatGPT, \u00e9 eleito CEO do ano pela Revisa Time | Tecnologia | G1"},"content":{"rendered":"<br \/>\n<h1>Sam Altman, do ChatGPT, \u00e9 eleito CEO do ano pela Revisa Time<\/h1>\n<h2>Resultado de 2023 saiu nesta quarta-feira (6). Revista publica anualmente nomes que tiveram destaque em suas fun\u00e7\u00f5es.<\/h2>\n<p> Por g1 <\/p>\n<p>  06\/12\/2023 10h08    Atualizado  06\/12\/2023    <\/p>\n<p>                      1 de 1&#013;Sam Altman, um dos criadores do ChatGPT \u2014 Foto: Reuters    <\/p>\n<p> Sam Altman, um dos criadores do ChatGPT \u2014 Foto: Reuters <\/p>\n<p> Sam Altman, de 38 anos, \u00e9 eleito CEO do ano pela Revista Time. O resultado foi publicado nesta quarta-feira (6). Ele comanda a OpenAI, criadora do ChatGPT. <\/p>\n<p> Recentemente, houve uma s\u00e9rie de demiss\u00f5es na OpenAI, incluindo a sa\u00edda de Altman. Ele retornou para o cargo ap\u00f3s alguns <a class href=\"https:\/\/g1.globo.com\/tecnologia\/noticia\/2023\/11\/21\/treta-do-chatgpt-entenda-a-troca-relampago-que-sam-altman-fez-da-openai-pela-microsoft.ghtml\">dias de reviravolta e insatisfa\u00e7\u00e3o de funcion\u00e1rios e conselheiros da empresa<\/a> (<strong>entenda o caso abaixo<\/strong>). <\/p>\n<p> Altman estudou ci\u00eancia da computa\u00e7\u00e3o na Universidade Stanford, nos EUA, mas n\u00e3o concluiu o curso. <\/p>\n<p> Em 2005, junto com amigos, Altman dedicou-se a desenvolver a sua primeira ideia, o Loopt, um aplicativo para compartilhar a localiza\u00e7\u00e3o com outras pessoas que n\u00e3o n\u00e3o teve muito impacto <\/p>\n<p> Entre 2014 e 2019, ele presidiu a Y Combinator, uma aceleradora de startups que investiu nos primeiros anos de plataformas como Airbnb e Dropbox. <\/p>\n<p> <strong>Leia tamb\u00e9m<\/strong> <\/p>\n<ul>\n<li><a class href=\"https:\/\/g1.globo.com\/tecnologia\/noticia\/2023\/12\/05\/jogo-do-tigre-aviator-e-mais-promessas-de-dinheiro-facil-colecionam-reclamacoes.ghtml\">&#x27;Conhe\u00e7a as falsas promessas do jogo do &quot;tigrinho&quot;<\/a><\/li>\n<li><a class href=\"https:\/\/g1.globo.com\/inovacao\/noticia\/2023\/12\/02\/cybertruck-como-e-o-carro-quase-inquebravel-de-elon-musk-que-comecou-a-ser-vendido-nos-eua.ghtml\">Como \u00e9 o carro quase &#x27;inquebr\u00e1vel&#x27; de Elon Musk que come\u00e7ou a ser vendido nos EUA<\/a><\/li>\n<\/ul>\n<p><h2>Entenda a troca rel\u00e2mpago que Sam Altman fez da OpenAI pela Microsoft<\/h2>\n<\/p>\n<p> A demiss\u00e3o de Sam Altman do cargo de CEO da OpenAI, criadora do <a class href=\"https:\/\/g1.globo.com\/tecnologia\/noticia\/2022\/12\/08\/chatgpt-conheca-o-robo-conversador-que-viralizou-por-ter-resposta-para-quase-tudo.ghtml\">rob\u00f4 conversador ChatGPT<\/a>, foi uma surpresa. Em nobembro, a companhia disse que <a class href=\"https:\/\/g1.globo.com\/tecnologia\/noticia\/2023\/11\/17\/sam-altman-deixa-chefia-da-openai-criadora-do-chatgpt.ghtml\">o cofundador da empresa foi demitido<\/a> porque n\u00e3o tinha mais a confian\u00e7a de seu conselho. <\/p>\n<p> O estopim para a sa\u00edda de Altman n\u00e3o \u00e9 conhecido, mas n\u00e3o tem rela\u00e7\u00e3o com discord\u00e2ncias sobre seguran\u00e7a em intelig\u00eancia artificial (IA), disse o CEO interino da OpenAI, Emmett Shear. Na esteira da demiss\u00e3o, a empresa tamb\u00e9m perdeu Greg Brockman, outro cofundador, que pediu para sair. <\/p>\n<p> O que ficou claro foi a enorme mobiliza\u00e7\u00e3o em torno dos desligamentos. <strong>Funcion\u00e1rios amea\u00e7aram uma sa\u00edda coletiva<\/strong> se a situa\u00e7\u00e3o n\u00e3o fosse revertida, e <a class href=\"https:\/\/g1.globo.com\/tecnologia\/noticia\/2023\/11\/20\/sam-altman-nao-retorna-ao-comando-da-openai-criadora-do-chatgpt-diz-jornal.ghtml\">a Microsoft, uma das principais investidoras da OpenAI, anunciou a contrata\u00e7\u00e3o dos dois executivos.<\/a> <\/p>\n<ul>\n<li>\u274c Na tarde de sexta, <strong>Sam Altman \u00e9 informado de sua demiss\u00e3o<\/strong> em chamada de v\u00eddeo com Ilya Sutskever, conselheiro e cofundador da OpenAI, e os outros membros do conselho, segundo Greg Brockman, presidente do conselho e tamb\u00e9m cofundador da empresa, que disse n\u00e3o ter participado da conversa;<\/li>\n<li>\u274c Minutos depois,<strong> Brockman \u00e9 convidado para outra chamada, em que \u00e9 avisado da sua sa\u00edda do conselho e da demiss\u00e3o de Altman<\/strong>. Segundo Brockman, o conselho disse que o seu cargo executivo seria mantido por ser uma &quot;fun\u00e7\u00e3o vital para a empresa&quot;;<\/li>\n<li>? Neste momento, a <strong>OpenAI anuncia ao p\u00fablico a demiss\u00e3o de Altman<\/strong>. O comunicado diz que o conselho n\u00e3o confiava no executivo para liderar a empresa e que ele &quot;n\u00e3o era consistentemente sincero nas suas comunica\u00e7\u00f5es&quot;, sem citar exemplos desse comportamento;<\/li>\n<li>\u21aa\ufe0f A empresa anuncia a sua <strong>diretora de tecnologia, Mira Murati, como CEO interina<\/strong>;<\/li>\n<li>? Em solidariedade \u00e0 sa\u00edda de Altman, Greg Brockman, pede demiss\u00e3o do cargo que ainda ocupava;<\/li>\n<li>? &quot;A OpenAI n\u00e3o \u00e9 nada sem a sua gente&quot;: executivos da companhia, incluindo Murati, postam a mensagem em apoio a Altman, que havia publicado a frase no domingo (19);<\/li>\n<li>? Na segunda-feira (20), o CEO da Microsoft, Satya Nadella,<strong> anuncia que a empresa contratou Sam Altman e Greg Brockman<\/strong> para liderarem uma nova equipe de pesquisa em intelig\u00eancia artificial, mas afirma que a parceria com a OpenAI ser\u00e1 mantida;<\/li>\n<li>\u21aa\ufe0f O cofundador da plataforma de v\u00eddeos Twitch Emmett Shear \u00e9 <strong>anunciado como novo CEO interino da OpenAI<\/strong>, assumindo a posi\u00e7\u00e3o em que Murati estava h\u00e1 menos de tr\u00eas dias;<\/li>\n<li>? Em carta, funcion\u00e1rios da OpenAI <strong>apontam &quot;m\u00e1-f\u00e9&quot; do conselho <\/strong>da OpenAI na demiss\u00e3o de Altman e <strong>amea\u00e7am uma sa\u00edda coletiva se Altman e Brockman n\u00e3o voltarem<\/strong> ao conselho e os demais membros do grupo n\u00e3o renunciarem \u2013 um dos signat\u00e1rios \u00e9 Ilya Sutskever, que teria informado Altman sobre sua demiss\u00e3o do cargo de CEO;<\/li>\n<li>? Ilya Sutskever diz que lamenta sua participa\u00e7\u00e3o nas a\u00e7\u00f5es do conselho: &quot;Nunca tive a inten\u00e7\u00e3o de prejudicar a OpenAI. Amo tudo que constru\u00edmos juntos e farei o poss\u00edvel para reunificar a empresa&quot;.<\/li>\n<li>Ap\u00f3s acordo, Sam Altman \u00e9 <strong>readmitido ao cargo de CEO da empresa<\/strong>.<\/li>\n<\/ul>\n<p><h2><strong>Assista o v\u00eddeo abaixo e conhe\u00e7a o ChatGPT, tecnologia que Sam Altman ajudou a criar<\/strong><\/h2>\n<\/p>\n<p>                   <img loading=\"lazy\" decoding=\"async\" class=\"aligncenter size-full wp-image-54702\" src=\"https:\/\/blog.corretoraideal.com.br\/wp-content\/uploads\/2023\/12\/conheca-o-chatgpt-a-tecnologia-que-viralizou-por-ter-resposta-para-quase-tudo.jpeg\" alt=\"Conhe\u00e7a o ChatGPT, a tecnologia que viralizou por ter resposta para (quase) tudo\" width=\"800\" height=\"400\" \/>      <\/p>\n<p> Conhe\u00e7a o ChatGPT, a tecnologia que viralizou por ter resposta para (quase) tudo <\/p>\n<p><h2><strong>Veja novidades de Mark Zuckerberg<\/strong><\/h2>\n<\/p>\n<p>                   <img loading=\"lazy\" decoding=\"async\" class=\"aligncenter size-full wp-image-54703\" src=\"https:\/\/blog.corretoraideal.com.br\/wp-content\/uploads\/2023\/12\/veja-as-novidades-reveladas-por-mark-zuckerberg.jpeg\" alt=\"Veja as novidades reveladas por Mark Zuckerberg\" width=\"800\" height=\"400\" \/>      <\/p>\n<p> Veja as novidades reveladas por Mark Zuckerberg <\/p>\n<ul> <\/ul>\n","protected":false},"excerpt":{"rendered":"<p>Sam Altman, do ChatGPT, \u00e9 eleito CEO do ano pela Revisa Time Resultado de 2023 saiu nesta quarta-feira (6). Revista publica anualmente nomes que tiveram destaque em suas fun\u00e7\u00f5es. Por g1 06\/12\/2023 10h08 Atualizado 06\/12\/2023 1 de 1&#013;Sam Altman, um dos criadores do ChatGPT \u2014 Foto: Reuters Sam Altman, um dos criadores do ChatGPT \u2014 [&hellip;]<\/p>\n","protected":false},"author":1,"featured_media":0,"comment_status":"closed","ping_status":"closed","sticky":false,"template":"","format":"standard","meta":{"footnotes":""},"categories":[],"tags":[],"class_list":["post-54700","post","type-post","status-publish","format-standard","hentry"],"_links":{"self":[{"href":"https:\/\/blog.corretoraideal.com.br\/index.php\/wp-json\/wp\/v2\/posts\/54700","targetHints":{"allow":["GET"]}}],"collection":[{"href":"https:\/\/blog.corretoraideal.com.br\/index.php\/wp-json\/wp\/v2\/posts"}],"about":[{"href":"https:\/\/blog.corretoraideal.com.br\/index.php\/wp-json\/wp\/v2\/types\/post"}],"author":[{"embeddable":true,"href":"https:\/\/blog.corretoraideal.com.br\/index.php\/wp-json\/wp\/v2\/users\/1"}],"replies":[{"embeddable":true,"href":"https:\/\/blog.corretoraideal.com.br\/index.php\/wp-json\/wp\/v2\/comments?post=54700"}],"version-history":[{"count":1,"href":"https:\/\/blog.corretoraideal.com.br\/index.php\/wp-json\/wp\/v2\/posts\/54700\/revisions"}],"predecessor-version":[{"id":54704,"href":"https:\/\/blog.corretoraideal.com.br\/index.php\/wp-json\/wp\/v2\/posts\/54700\/revisions\/54704"}],"wp:attachment":[{"href":"https:\/\/blog.corretoraideal.com.br\/index.php\/wp-json\/wp\/v2\/media?parent=54700"}],"wp:term":[{"taxonomy":"category","embeddable":true,"href":"https:\/\/blog.corretoraideal.com.br\/index.php\/wp-json\/wp\/v2\/categories?post=54700"},{"taxonomy":"post_tag","embeddable":true,"href":"https:\/\/blog.corretoraideal.com.br\/index.php\/wp-json\/wp\/v2\/tags?post=54700"}],"curies":[{"name":"wp","href":"https:\/\/api.w.org\/{rel}","templated":true}]}}