{"id":54708,"date":"2023-12-07T12:29:39","date_gmt":"2023-12-07T12:29:39","guid":{"rendered":"https:\/\/blog.corretoraideal.com.br\/?p=54708"},"modified":"2023-12-07T12:29:39","modified_gmt":"2023-12-07T12:29:39","slug":"dolar-abre-com-volatilidade-ainda-com-dados-de-emprego-nos-eua-no-radar-economia-g1","status":"publish","type":"post","link":"https:\/\/blog.corretoraideal.com.br\/index.php\/2023\/12\/07\/dolar-abre-com-volatilidade-ainda-com-dados-de-emprego-nos-eua-no-radar-economia-g1\/","title":{"rendered":"D\u00f3lar abre com volatilidade, ainda com dados de emprego nos EUA no radar | Economia | G1"},"content":{"rendered":"<br \/>\n<h1>D\u00f3lar abre com volatilidade, ainda com dados de emprego nos EUA no radar<\/h1>\n<h2>No dia anterior, a moeda norte-americana teve uma queda de 0,48%, cotada a R$ 4,9019. J\u00e1 o principal \u00edndice acion\u00e1rio da bolsa de valores brasileira encerrou com perdas de 1,01%, aos 125.623 pontos.<\/h2>\n<p> Por g1 <\/p>\n<p>  07\/12\/2023 09h04    Atualizado  07\/12\/2023    <\/p>\n<p>                      1 de 1&#013;D\u00f3lar opera em baixa \u2014 Foto: Freepik    <\/p>\n<p> D\u00f3lar opera em baixa \u2014 Foto: Freepik <\/p>\n<p> O d\u00f3lar abriu com volatilidade nesta quinta-feira (7), oscilando entre leves altas e baixas. Investidores ainda repercutem novos dados de emprego nos <a class href=\"https:\/\/g1.globo.com\/tudo-sobre\/estados-unidos\/\">Estados Unidos<\/a>, que vieram abaixo das expectativas e indicam que a economia do pa\u00eds pode estar come\u00e7ando a desacelerar. <\/p>\n<p> O mercado tamb\u00e9m est\u00e1 de olho em dados das economias chinesa e da zona do euro, que tamb\u00e9m mostram sinais de desacelera\u00e7\u00e3o. No Brasil, o dia \u00e9 de agenda vazia. <\/p>\n<p> <strong>Veja abaixo o dia nos mercados.<\/strong> <\/p>\n<p>                   <img loading=\"lazy\" decoding=\"async\" class=\"aligncenter size-full wp-image-54710\" src=\"https:\/\/blog.corretoraideal.com.br\/wp-content\/uploads\/2023\/12\/entenda-o-que-faz-o-dolar-subir-ou-descer-1.jpeg\" alt=\"Entenda o que faz o d\u00f3lar subir ou descer\" width=\"800\" height=\"400\" \/>      <\/p>\n<p> Entenda o que faz o d\u00f3lar subir ou descer <\/p>\n<p><h2>D\u00f3lar<\/h2>\n<\/p>\n<p> \u00c0s 09h03, o d\u00f3lar ca\u00eda 0,08%, cotado a R$ 4,8982. <a class href=\"https:\/\/valor.globo.com\/valor-data\/\">Veja mais cota\u00e7\u00f5es.<\/a> <\/p>\n<p> No dia anterior, a moeda norte-americana fechou em baixa de 0,48%, vendida a R$ 4,9019. Com o resultado, passou a acumular: <\/p>\n<ul>\n<li><strong>alta de 0,43% na semana;<\/strong><\/li>\n<li><strong>queda de 0,27% no m\u00eas;<\/strong><\/li>\n<li><strong>recuo de 7,13% no ano.<\/strong><\/li>\n<\/ul>\n<p><h2><a class href=\"https:\/\/g1.globo.com\/tudo-sobre\/ibovespa\/\">Ibovespa<\/a><\/h2>\n<\/p>\n<p> O Ibovespa s\u00f3 come\u00e7a a operar \u00e0s 10h. <\/p>\n<p> Na v\u00e9spera, o \u00edndice fechou em baixa de 1,01%, aos 125.623 pontos. Com o resultado, passou a acumular: <\/p>\n<ul>\n<li><strong>queda de 1,99% na semana;<\/strong><\/li>\n<li><strong>retra\u00e7\u00e3o de 1,33% no m\u00eas;<\/strong><\/li>\n<li><strong>ganhos de 14,49% no ano.<\/strong><\/li>\n<\/ul>\n<ul>\n<li><strong>DINHEIRO OU CART\u00c3O? <\/strong><a class href=\"https:\/\/g1.globo.com\/economia\/noticia\/2022\/03\/26\/dinheiro-ou-cartao-qual-a-melhor-forma-de-levar-dolares-em-viagens.ghtml\">Qual a melhor forma de levar d\u00f3lares em viagens?<\/a><\/li>\n<li><strong>D\u00d3LAR: <\/strong><a class href=\"https:\/\/g1.globo.com\/economia\/noticia\/2022\/04\/05\/dolar-qual-o-melhor-momento-para-comprar.ghtml\">Qual o melhor momento para comprar a moeda? <\/a><\/li>\n<\/ul>\n<p><h2>O que est\u00e1 mexendo com os mercados?<\/h2>\n<\/p>\n<p> Os investidores seguem repercutindo dados de emprego nos Estados Unidos, enquanto ainda aguardam a divulga\u00e7\u00e3o do relat\u00f3rio payroll amanh\u00e3. <\/p>\n<p> Ontem, saiu o relat\u00f3rio ADP de gera\u00e7\u00e3o de empregos, que mostrou que a maior economia do mundo criou 103 mil novas vagas no setor provado, contra uma expectativa de 130 mil. <\/p>\n<p> Na ter\u00e7a, outra divulga\u00e7\u00e3o tamb\u00e9m veio abaixo das proje\u00e7\u00f5esde mercado: o relat\u00f3rio Jolts, tamb\u00e9m de de gera\u00e7\u00e3o de vagas no pa\u00eds, revelou que, em outubro, haviam 8,7 milh\u00f5es de vagas em aberto no pa\u00eds, bastante abaixo das expectativas de mercado, de 9,3 milh\u00f5es. <\/p>\n<p> Esses n\u00fameros aumentam a percep\u00e7\u00e3o de que o Federal Reserve (<a class href=\"https:\/\/g1.globo.com\/tudo-sobre\/fed\/\">Fed<\/a>, o banco central norte-americano) deve iniciar um ciclo de corte nas taxas de juros b\u00e1sicos do pa\u00eds em breve. Atualmente a taxa b\u00e1sica dos Estados Unidos est\u00e1 entre 5,25% e 5,50% ao ano. <\/p>\n<p> Isso acontece porque, em um per\u00edodo de infla\u00e7\u00e3o alta, quanto mais aquecido anda o mercado de trabalho (o que coloca mais dinheiro na m\u00e3o dos trabalhadores), mais pressionados tendem a ficar os pre\u00e7os \u2014 o que vinha levando o Fed a promover o ciclo de alta nos juros. <\/p>\n<p> Em contrapartida, com n\u00fameros menores de emprego indicando uma desacelera\u00e7\u00e3o da atividade da maior economia do mundo, a vis\u00e3o de analistas e investidores \u00e9 que o Fed possa iniciar cortes nos juros j\u00e1 no primeiro semestre de 2024. Taxas mais baixas por l\u00e1 beneficiam os ativos de risco e impulsionam o desempenho da moeda brasileira sobre o d\u00f3lar. <\/p>\n<ul>\n<li> <a href=\"https:\/\/g1.globo.com\/politica\/politico\/alexandre-padilha\/\" class=\"entities__list-itemLink\" data-track-click=\"Alexandre Padilha\"> Alexandre Padilha <\/a> <\/li>\n<li> <a href=\"https:\/\/g1.globo.com\/tudo-sobre\/bmf-bovespa\/\" class=\"entities__list-itemLink\" data-track-click=\"B3\"> B3 <\/a> <\/li>\n<li> <a href=\"https:\/\/g1.globo.com\/tudo-sobre\/estados-unidos\/\" class=\"entities__list-itemLink\" data-track-click=\"Estados Unidos\"> Estados Unidos <\/a> <\/li>\n<li> <a href=\"https:\/\/g1.globo.com\/tudo-sobre\/fed\/\" class=\"entities__list-itemLink\" data-track-click=\"FED\"> FED <\/a> <\/li>\n<li> <a href=\"https:\/\/g1.globo.com\/tudo-sobre\/fgv\/\" class=\"entities__list-itemLink\" data-track-click=\"FGV\"> FGV <\/a> <\/li>\n<li> <a href=\"https:\/\/g1.globo.com\/politica\/politico\/fernando-haddad\/\" class=\"entities__list-itemLink\" data-track-click=\"Fernando Haddad\"> Fernando Haddad <\/a> <\/li>\n<li> <a href=\"https:\/\/g1.globo.com\/tudo-sobre\/ibge\/\" class=\"entities__list-itemLink\" data-track-click=\"IBGE\"> IBGE <\/a> <\/li>\n<li> <a href=\"https:\/\/g1.globo.com\/tudo-sobre\/ibovespa\/\" class=\"entities__list-itemLink\" data-track-click=\"Ibovespa\"> Ibovespa <\/a> <\/li>\n<\/ul>\n","protected":false},"excerpt":{"rendered":"<p>D\u00f3lar abre com volatilidade, ainda com dados de emprego nos EUA no radar No dia anterior, a moeda norte-americana teve uma queda de 0,48%, cotada a R$ 4,9019. J\u00e1 o principal \u00edndice acion\u00e1rio da bolsa de valores brasileira encerrou com perdas de 1,01%, aos 125.623 pontos. Por g1 07\/12\/2023 09h04 Atualizado 07\/12\/2023 1 de 1&#013;D\u00f3lar [&hellip;]<\/p>\n","protected":false},"author":1,"featured_media":0,"comment_status":"closed","ping_status":"closed","sticky":false,"template":"","format":"standard","meta":{"footnotes":""},"categories":[],"tags":[],"class_list":["post-54708","post","type-post","status-publish","format-standard","hentry"],"_links":{"self":[{"href":"https:\/\/blog.corretoraideal.com.br\/index.php\/wp-json\/wp\/v2\/posts\/54708","targetHints":{"allow":["GET"]}}],"collection":[{"href":"https:\/\/blog.corretoraideal.com.br\/index.php\/wp-json\/wp\/v2\/posts"}],"about":[{"href":"https:\/\/blog.corretoraideal.com.br\/index.php\/wp-json\/wp\/v2\/types\/post"}],"author":[{"embeddable":true,"href":"https:\/\/blog.corretoraideal.com.br\/index.php\/wp-json\/wp\/v2\/users\/1"}],"replies":[{"embeddable":true,"href":"https:\/\/blog.corretoraideal.com.br\/index.php\/wp-json\/wp\/v2\/comments?post=54708"}],"version-history":[{"count":1,"href":"https:\/\/blog.corretoraideal.com.br\/index.php\/wp-json\/wp\/v2\/posts\/54708\/revisions"}],"predecessor-version":[{"id":54711,"href":"https:\/\/blog.corretoraideal.com.br\/index.php\/wp-json\/wp\/v2\/posts\/54708\/revisions\/54711"}],"wp:attachment":[{"href":"https:\/\/blog.corretoraideal.com.br\/index.php\/wp-json\/wp\/v2\/media?parent=54708"}],"wp:term":[{"taxonomy":"category","embeddable":true,"href":"https:\/\/blog.corretoraideal.com.br\/index.php\/wp-json\/wp\/v2\/categories?post=54708"},{"taxonomy":"post_tag","embeddable":true,"href":"https:\/\/blog.corretoraideal.com.br\/index.php\/wp-json\/wp\/v2\/tags?post=54708"}],"curies":[{"name":"wp","href":"https:\/\/api.w.org\/{rel}","templated":true}]}}