{"id":54724,"date":"2023-12-07T20:29:34","date_gmt":"2023-12-07T20:29:34","guid":{"rendered":"https:\/\/blog.corretoraideal.com.br\/?p=54724"},"modified":"2023-12-07T20:29:34","modified_gmt":"2023-12-07T20:29:34","slug":"prefeitura-de-varre-sai-prorroga-o-prazo-de-vigencia-do-programa-de-recuperacao-fiscal-norte-fluminense-g1","status":"publish","type":"post","link":"https:\/\/blog.corretoraideal.com.br\/index.php\/2023\/12\/07\/prefeitura-de-varre-sai-prorroga-o-prazo-de-vigencia-do-programa-de-recuperacao-fiscal-norte-fluminense-g1\/","title":{"rendered":"Prefeitura de Varre-Sai prorroga o prazo de vig\u00eancia do Programa de Recupera\u00e7\u00e3o Fiscal | Norte Fluminense | G1"},"content":{"rendered":"<br \/>\n<h1>Prefeitura de Varre-Sai prorroga o prazo de vig\u00eancia do Programa de Recupera\u00e7\u00e3o Fiscal <\/h1>\n<h2>Contribuintes t\u00eam at\u00e9 31 de dezembro para procurar o setor de arrecada\u00e7\u00e3o da Prefeitura fazer a ades\u00e3o ao programa, que traz possibilidades de parcelamento e quita\u00e7\u00e3o de d\u00e9bitos fiscais e condi\u00e7\u00f5es especiais.<\/h2>\n<p> Por g1 &mdash; Norte Fluminense <\/p>\n<p>  07\/12\/2023 17h13    Atualizado  07\/12\/2023    <\/p>\n<p> A Prefeitura de <a class href=\"https:\/\/g1.globo.com\/rj\/norte-fluminense\/cidade\/varre-sai\/\">Varre-Sai<\/a>, no Noroeste Fluminense, prorrogou o prazo para contribuintes aderirem ao Programa de Recupera\u00e7\u00e3o Fiscal (Refis) 2023. <\/p>\n<p> Interessados em fazer parcelamento e quita\u00e7\u00e3o de d\u00e9bitos fiscais em condi\u00e7\u00f5es especiais t\u00eam at\u00e9 o dia 31 de dezembro para procurar o setor de arrecada\u00e7\u00e3o da Prefeitura. <\/p>\n<p> &quot;Os benef\u00edcios s\u00e3o concedidos a pagamentos como Impostos sobre Servi\u00e7os de Qualquer Natureza (ISSQN), Imposto de Transmiss\u00e3o de Bens Im\u00f3veis (ITBI), Imposto Predial e Territorial Urbano (IPTU), Taxa de Coleta de Lixo (TCL) e Taxa de Licen\u00e7a, Localiza\u00e7\u00e3o e Funcionamento (TLLF), relativos ao exerc\u00edcio de 2023 e anteriores&quot;, explica a Prefeitura. <\/p>\n<p><h2>Condi\u00e7\u00f5es de pagamento<\/h2>\n<\/p>\n<ul>\n<li>Os incentivos para quem optar pelo pagamento em parcela \u00fanica abrangem dedu\u00e7\u00f5es de at\u00e9 90% dos encargos morat\u00f3rios e multas.<\/li>\n<li>J\u00e1 quem optar pelo parcelamento, a d\u00edvida poder\u00e1 ser quitada em at\u00e9 36 vezes, sem redu\u00e7\u00e3o dos encargos.<\/li>\n<\/ul>\n<ul>\n<li> <a href=\"https:\/\/g1.globo.com\/rj\/norte-fluminense\/cidade\/varre-sai\/\" class=\"entities__list-itemLink\" data-track-click=\"Varre-Sai\"> Varre-Sai <\/a> <\/li>\n<\/ul>\n","protected":false},"excerpt":{"rendered":"<p>Prefeitura de Varre-Sai prorroga o prazo de vig\u00eancia do Programa de Recupera\u00e7\u00e3o Fiscal Contribuintes t\u00eam at\u00e9 31 de dezembro para procurar o setor de arrecada\u00e7\u00e3o da Prefeitura fazer a ades\u00e3o ao programa, que traz possibilidades de parcelamento e quita\u00e7\u00e3o de d\u00e9bitos fiscais e condi\u00e7\u00f5es especiais. Por g1 &mdash; Norte Fluminense 07\/12\/2023 17h13 Atualizado 07\/12\/2023 A [&hellip;]<\/p>\n","protected":false},"author":1,"featured_media":0,"comment_status":"closed","ping_status":"closed","sticky":false,"template":"","format":"standard","meta":{"footnotes":""},"categories":[],"tags":[],"class_list":["post-54724","post","type-post","status-publish","format-standard","hentry"],"_links":{"self":[{"href":"https:\/\/blog.corretoraideal.com.br\/index.php\/wp-json\/wp\/v2\/posts\/54724","targetHints":{"allow":["GET"]}}],"collection":[{"href":"https:\/\/blog.corretoraideal.com.br\/index.php\/wp-json\/wp\/v2\/posts"}],"about":[{"href":"https:\/\/blog.corretoraideal.com.br\/index.php\/wp-json\/wp\/v2\/types\/post"}],"author":[{"embeddable":true,"href":"https:\/\/blog.corretoraideal.com.br\/index.php\/wp-json\/wp\/v2\/users\/1"}],"replies":[{"embeddable":true,"href":"https:\/\/blog.corretoraideal.com.br\/index.php\/wp-json\/wp\/v2\/comments?post=54724"}],"version-history":[{"count":1,"href":"https:\/\/blog.corretoraideal.com.br\/index.php\/wp-json\/wp\/v2\/posts\/54724\/revisions"}],"predecessor-version":[{"id":54726,"href":"https:\/\/blog.corretoraideal.com.br\/index.php\/wp-json\/wp\/v2\/posts\/54724\/revisions\/54726"}],"wp:attachment":[{"href":"https:\/\/blog.corretoraideal.com.br\/index.php\/wp-json\/wp\/v2\/media?parent=54724"}],"wp:term":[{"taxonomy":"category","embeddable":true,"href":"https:\/\/blog.corretoraideal.com.br\/index.php\/wp-json\/wp\/v2\/categories?post=54724"},{"taxonomy":"post_tag","embeddable":true,"href":"https:\/\/blog.corretoraideal.com.br\/index.php\/wp-json\/wp\/v2\/tags?post=54724"}],"curies":[{"name":"wp","href":"https:\/\/api.w.org\/{rel}","templated":true}]}}