{"id":54739,"date":"2023-12-08T01:29:33","date_gmt":"2023-12-08T01:29:33","guid":{"rendered":"https:\/\/blog.corretoraideal.com.br\/?p=54739"},"modified":"2023-12-08T01:29:33","modified_gmt":"2023-12-08T01:29:33","slug":"em-macae-atendimento-psicossocial-infantojuvenil-e-oferecido-em-novo-espaco-norte-fluminense-g1","status":"publish","type":"post","link":"https:\/\/blog.corretoraideal.com.br\/index.php\/2023\/12\/08\/em-macae-atendimento-psicossocial-infantojuvenil-e-oferecido-em-novo-espaco-norte-fluminense-g1\/","title":{"rendered":"Em Maca\u00e9, atendimento psicossocial infantojuvenil \u00e9 oferecido em novo espa\u00e7o | Norte Fluminense | G1"},"content":{"rendered":"<br \/>\n<h1>Em Maca\u00e9, atendimento psicossocial infantojuvenil \u00e9 oferecido em novo espa\u00e7o<\/h1>\n<h2>Nova sede do Capsi fica na Rua da Igualdade, 71, atr\u00e1s da Prefeitura. Espa\u00e7o oferece mais acessibilidade e oficinas a crian\u00e7as e adolescentes com transtorno mental grave e persistente. <\/h2>\n<p> Por g1 &mdash; Maca\u00e9 <\/p>\n<p>  07\/12\/2023 16h32    Atualizado  07\/12\/2023    <\/p>\n<p>                      1 de 1&#013;Nova sede do Capsi fica na Rua da Igualdade, atr\u00e1s da Prefeitura de Maca\u00e9 \u2014 Foto: Rui Porto Filho\/Prefeitura de Maca\u00e9    <\/p>\n<p> Nova sede do Capsi fica na Rua da Igualdade, atr\u00e1s da Prefeitura de Maca\u00e9 \u2014 Foto: Rui Porto Filho\/Prefeitura de Maca\u00e9 <\/p>\n<p> O Centro de Atendimento Psicossocial Infantojuvenil (Capsi), em <a class href=\"https:\/\/g1.globo.com\/rj\/regiao-dos-lagos\/cidade\/macae\/\">Maca\u00e9<\/a>, no Norte Fluminense, est\u00e1 funcionando em um novo endere\u00e7o: na Rua da Igualdade, 71 (atr\u00e1s da Prefeitura). <\/p>\n<p> O espa\u00e7o foi inaugurado nesta quinta-feira (7), e, segundo a Prefeitura, oferece mais acessibilidade e oficinas a crian\u00e7as e adolescentes com transtorno mental grave e persistente. <\/p>\n<p> &quot;O espa\u00e7o \u00e9 mais amplo e oferece mais acessibilidade. Muitas crian\u00e7as assistidas na unidade s\u00e3o autistas e o local fica mais pr\u00f3ximo ao ponto de \u00f4nibus&quot;, explica a gerente de Sa\u00fade Mental, Lorrane Moreira. <\/p>\n<p> Uma equipe multidisciplinar atende 450 pacientes de acordo com cada Projeto Terap\u00eautico Singulado (PTS), ou seja, caso a caso. <\/p>\n<p><h2>Como funciona o atendimento<\/h2>\n<\/p>\n<p> A entrada no Capsi \u00e9 dada tanto por demanda espont\u00e2nea, quando o servi\u00e7o \u00e9 procurado voluntariamente; quanto por demanda referenciada, por encaminhamento do Judici\u00e1rio, ou de outras institui\u00e7\u00f5es ou unidades, segundo a Prefeitura. <\/p>\n<p> O atendimento \u00e9 oferecido a pacientes na faixa et\u00e1ria de 2 a 17 anos, 11 meses e 29 dias. Os maiores de 18 anos, caso n\u00e3o tenham recebido alta, s\u00e3o encaminhados a outras unidades municipais de assist\u00eancia psicossocial, como o Caps e o CapsAD (depend\u00eancia qu\u00edmica). <\/p>\n<p> Na unidade s\u00e3o assistidas crian\u00e7as e adolescentes tamb\u00e9m esquizofr\u00eanicos; que tentaram suic\u00eddio, usu\u00e1rios de subst\u00e2ncias, \u00e1lcool ou drogas; em situa\u00e7\u00e3o de conflito com a lei, em situa\u00e7\u00e3o de viol\u00eancia, com depress\u00e3o, entre outros casos. <\/p>\n<p> Atendem na unidade psiquiatra, psic\u00f3logo, enfermeiro, assistente social, fonoaudi\u00f3logo, fisioterapeuta, terapeuta ocupacional, musicoterapeuta e t\u00e9cnico de enfermagem. <\/p>\n<p> &quot;O acompanhamento \u00e9 feito de acordo com o PTS do paciente, podendo ser di\u00e1rio, semanal ou quinzenal. Em casos graves de depress\u00e3o, o atendimento pode ser realizado por meio de visita domiciliar&quot;, informa a Prefeitura. <\/p>\n<p> O Capsi funciona das 8h \u00e0s 17h. Os contatos com a unidade s\u00e3o o telefone (22) 2796-1352 ou o e-mail capsimacae@yahoo.com.br. <\/p>\n<p><h2>Endere\u00e7os das demais unidades de aten\u00e7\u00e3o psicossocial:<\/h2>\n<\/p>\n<p> <strong>Centro de Aten\u00e7\u00e3o Psicossocial \u00c1lcool e Outras Drogas &#8211; Capsad Porto<\/strong> <\/p>\n<ul>\n<li>Endere\u00e7o: Avenida Agenor Caldas, 261<\/li>\n<li>Telefone: 2796-1295<\/li>\n<li>E-mail: capsadporto@macae.rj.gov.br<\/li>\n<li>Hor\u00e1rio de atendimento: das 8h \u00e0s 19h<\/li>\n<\/ul>\n<p> <strong>Centro de Atendimento Psicossocial &#8211; Caps Betinho<\/strong> <\/p>\n<ul>\n<li>Endere\u00e7o: Rua Compositor Benedito Lacerda, 212<\/li>\n<li>Telefone: (22) 2796-1374<\/li>\n<li>E-mail: capsbetinho.macae@hotmail.com ou alegmx@gmail.com<\/li>\n<li>Hor\u00e1rio de atendimento: das 7h \u00e0s 18h (segunda, quarta, quinta e sexta-feira) e das 7h \u00e0s 21h (ter\u00e7a-feira)<\/li>\n<\/ul>\n<ul>\n<li> <a href=\"https:\/\/g1.globo.com\/rj\/regiao-dos-lagos\/cidade\/macae\/\" class=\"entities__list-itemLink\" data-track-click=\"Maca\u00e9\"> Maca\u00e9 <\/a> <\/li>\n<\/ul>\n","protected":false},"excerpt":{"rendered":"<p>Em Maca\u00e9, atendimento psicossocial infantojuvenil \u00e9 oferecido em novo espa\u00e7o Nova sede do Capsi fica na Rua da Igualdade, 71, atr\u00e1s da Prefeitura. Espa\u00e7o oferece mais acessibilidade e oficinas a crian\u00e7as e adolescentes com transtorno mental grave e persistente. Por g1 &mdash; Maca\u00e9 07\/12\/2023 16h32 Atualizado 07\/12\/2023 1 de 1&#013;Nova sede do Capsi fica na [&hellip;]<\/p>\n","protected":false},"author":1,"featured_media":0,"comment_status":"closed","ping_status":"closed","sticky":false,"template":"","format":"standard","meta":{"footnotes":""},"categories":[],"tags":[],"class_list":["post-54739","post","type-post","status-publish","format-standard","hentry"],"_links":{"self":[{"href":"https:\/\/blog.corretoraideal.com.br\/index.php\/wp-json\/wp\/v2\/posts\/54739","targetHints":{"allow":["GET"]}}],"collection":[{"href":"https:\/\/blog.corretoraideal.com.br\/index.php\/wp-json\/wp\/v2\/posts"}],"about":[{"href":"https:\/\/blog.corretoraideal.com.br\/index.php\/wp-json\/wp\/v2\/types\/post"}],"author":[{"embeddable":true,"href":"https:\/\/blog.corretoraideal.com.br\/index.php\/wp-json\/wp\/v2\/users\/1"}],"replies":[{"embeddable":true,"href":"https:\/\/blog.corretoraideal.com.br\/index.php\/wp-json\/wp\/v2\/comments?post=54739"}],"version-history":[{"count":1,"href":"https:\/\/blog.corretoraideal.com.br\/index.php\/wp-json\/wp\/v2\/posts\/54739\/revisions"}],"predecessor-version":[{"id":54741,"href":"https:\/\/blog.corretoraideal.com.br\/index.php\/wp-json\/wp\/v2\/posts\/54739\/revisions\/54741"}],"wp:attachment":[{"href":"https:\/\/blog.corretoraideal.com.br\/index.php\/wp-json\/wp\/v2\/media?parent=54739"}],"wp:term":[{"taxonomy":"category","embeddable":true,"href":"https:\/\/blog.corretoraideal.com.br\/index.php\/wp-json\/wp\/v2\/categories?post=54739"},{"taxonomy":"post_tag","embeddable":true,"href":"https:\/\/blog.corretoraideal.com.br\/index.php\/wp-json\/wp\/v2\/tags?post=54739"}],"curies":[{"name":"wp","href":"https:\/\/api.w.org\/{rel}","templated":true}]}}