{"id":54829,"date":"2023-12-10T11:29:41","date_gmt":"2023-12-10T11:29:41","guid":{"rendered":"https:\/\/blog.corretoraideal.com.br\/?p=54829"},"modified":"2023-12-10T11:29:41","modified_gmt":"2023-12-10T11:29:41","slug":"ministerio-da-saude-lanca-bot-no-whatsapp-para-tirar-duvidas-sobre-vacinas-e-desmentir-fake-news-politica-g1","status":"publish","type":"post","link":"https:\/\/blog.corretoraideal.com.br\/index.php\/2023\/12\/10\/ministerio-da-saude-lanca-bot-no-whatsapp-para-tirar-duvidas-sobre-vacinas-e-desmentir-fake-news-politica-g1\/","title":{"rendered":"Minist\u00e9rio da Sa\u00fade lan\u00e7a &#039;bot&#039; no WhatsApp para tirar d\u00favidas sobre vacinas e desmentir fake news | Pol\u00edtica | G1"},"content":{"rendered":"<br \/>\n<h1>Minist\u00e9rio da Sa\u00fade lan\u00e7a &#039;bot&#039; no WhatsApp para tirar d\u00favidas sobre vacinas e desmentir fake news<\/h1>\n<h2>Servi\u00e7o vai conversar com usu\u00e1rio sobre a import\u00e2ncia de atualizar a carteira de vacina\u00e7\u00e3o e mandar lembrete sobre as campanhas. Intera\u00e7\u00e3o \u00e9 gratuita \u2013 basta salvar o n\u00famero e mandar mensagem.<\/h2>\n<p> Por <a class=\"multi_signatures\" href=\"https:\/\/g1.globo.com\/autores\/mateus-rodrigues\/\">Mateus Rodrigues<\/a>, g1 &mdash; Bras\u00edlia <\/p>\n<p>  04\/12\/2023 04h02    Atualizado  04\/12\/2023    <\/p>\n<p>                   1 de 1&#013;Perfil criado pelo Minist\u00e9rio da Sa\u00fade vai tirar d\u00favidas e enviar alertas sobre vacina\u00e7\u00e3o \u2014 Foto: WhatsApp\/Reprodu\u00e7\u00e3o    <\/p>\n<p> Perfil criado pelo Minist\u00e9rio da Sa\u00fade vai tirar d\u00favidas e enviar alertas sobre vacina\u00e7\u00e3o \u2014 Foto: WhatsApp\/Reprodu\u00e7\u00e3o <\/p>\n<p> O Minist\u00e9rio da Sa\u00fade lan\u00e7a nesta segunda-feira (4) um assistente virtual no <a class href=\"https:\/\/g1.globo.com\/tudo-sobre\/whatsapp\/\">WhatsApp<\/a> para tirar d\u00favidas sobre as vacinas aplicadas no pa\u00eds \u2013 e desmentir not\u00edcias falsas sobre as doses e a pol\u00edtica nacional de imuniza\u00e7\u00e3o. <\/p>\n<p> Segundo a pasta, o &quot;chatbot&quot; (rob\u00f4 que simula uma intera\u00e7\u00e3o com outra pessoa) tamb\u00e9m vai prestar informa\u00e7\u00f5es sobre o hor\u00e1rio de funcionamento dos postos de sa\u00fade e a marca\u00e7\u00e3o de consultas pelo aplicativo ConecteSUS. <\/p>\n<p> A intera\u00e7\u00e3o \u00e9 gratuita. Para ter acesso ao conte\u00fado, \u00e9 necess\u00e1rio adicionar o n\u00famero (61) 9-9381-8399 aos contatos do celular. E, em seguida, mandar uma mensagem no WhatsApp para esse contato. <\/p>\n<p> Quando isso acontecer, o usu\u00e1rio poder\u00e1 escolher entre quatro op\u00e7\u00f5es: <\/p>\n<li><strong>Vacina\u00e7\u00e3o:<\/strong> informa\u00e7\u00f5es sobre campanhas, p\u00fablicos-alvo e calend\u00e1rio das doses;<\/li>\n<li><strong>Informa\u00e7\u00f5es sobre as vacinas:<\/strong> principais caracter\u00edsticas, benef\u00edcios e import\u00e2ncia;<\/li>\n<li><strong>Combate \u00e0 desinforma\u00e7\u00e3o:<\/strong> para desmentir fake news sobre vacinas;<\/li>\n<li><strong>Recebimento de notifica\u00e7\u00f5es:<\/strong> para receber lembretes sobre quando e quais vacinas tomar.<\/li>\n<p> Na op\u00e7\u00e3o 3, de combate \u00e0 desinforma\u00e7\u00e3o, o usu\u00e1rio pode ainda participar de um quiz (perguntas e respostas) para testar seu conhecimento sobre as doses. <\/p>\n<p> A partir de 2024, por exemplo, a <a class href=\"https:\/\/g1.globo.com\/saude\/coronavirus\/vacinas\/noticia\/2023\/10\/31\/covid-vacinacao-passa-a-ser-anual-para-criancas-e-grupos-prioritarios-a-partir-de-2024.ghtml\">vacina\u00e7\u00e3o contra a Covid passar\u00e1 a ser anual para crian\u00e7as de 6 meses a 5 anos de idade e grupos priorit\u00e1rios<\/a> (idosos e pessoas com comprometimento imunol\u00f3gico, por exemplo). O bot vai enviar lembretes sobre esse calend\u00e1rio. <\/p>\n<p>                   <img loading=\"lazy\" decoding=\"async\" class=\"aligncenter size-full wp-image-54831\" src=\"https:\/\/blog.corretoraideal.com.br\/wp-content\/uploads\/2023\/12\/programa-nacional-de-imunizacoes-completa-50-anos-com-historico-de-erradicacao-de-doencas-e-desafios-pela-frente.jpeg\" alt=\"Programa Nacional de Imuniza\u00e7\u00f5es completa 50 anos com hist\u00f3rico de erradica\u00e7\u00e3o de doen\u00e7as e desafios pela frente\" width=\"800\" height=\"400\" \/>      <\/p>\n<p> Programa Nacional de Imuniza\u00e7\u00f5es completa 50 anos com hist\u00f3rico de erradica\u00e7\u00e3o de doen\u00e7as e desafios pela frente <\/p>\n<p><h2>Vacina\u00e7\u00e3o em queda<\/h2>\n<\/p>\n<p> Em abril, o Fundo das Na\u00e7\u00f5es Unidas para a Inf\u00e2ncia (Unicef) divulgou dados preocupantes sobre a vacina\u00e7\u00e3o infantil no Brasil. <\/p>\n<p> Segundo o relat\u00f3rio, 1,6 milh\u00e3o de crian\u00e7as no pa\u00eds n\u00e3o tomaram a primeira dose da vacina que protege contra difteria, t\u00e9tano e coqueluche. <\/p>\n<p> O documento aponta, como um dos principais fatores para esse n\u00famero, a dissemina\u00e7\u00e3o de not\u00edcias falsas sobre as vacinas durante a pandemia da Covid. <\/p>\n<p> Todos os imunizantes em uso no Brasil t\u00eam aval da Ag\u00eancia Nacional de Vigil\u00e2ncia Sanit\u00e1ria (Anvisa) \u2013 um certificado que s\u00f3 \u00e9 concedido ap\u00f3s a avalia\u00e7\u00e3o dos riscos e dos benef\u00edcios das vacinas para crian\u00e7as e adultos. <\/p>\n<p>                       <img loading=\"lazy\" decoding=\"async\" class=\"aligncenter size-full wp-image-54832\" src=\"https:\/\/blog.corretoraideal.com.br\/wp-content\/uploads\/2023\/12\/programa-nacional-de-imunizacoes-procura-retomar-o-sucesso-brasileiro-das-campanhas-de-vacinacao.jpeg\" alt=\"Programa Nacional de Imuniza\u00e7\u00f5es procura retomar o sucesso brasileiro das campanhas de vacina\u00e7\u00e3o\" width=\"800\" height=\"400\" \/>      <\/p>\n<p> Programa Nacional de Imuniza\u00e7\u00f5es procura retomar o sucesso brasileiro das campanhas de vacina\u00e7\u00e3o <\/p>\n<ul>\n<li> <a href=\"https:\/\/g1.globo.com\/tudo-sobre\/whatsapp\/\" class=\"entities__list-itemLink\" data-track-click=\"WhatsApp\"> WhatsApp <\/a> <\/li>\n<\/ul>\n","protected":false},"excerpt":{"rendered":"<p>Minist\u00e9rio da Sa\u00fade lan\u00e7a &#039;bot&#039; no WhatsApp para tirar d\u00favidas sobre vacinas e desmentir fake news Servi\u00e7o vai conversar com usu\u00e1rio sobre a import\u00e2ncia de atualizar a carteira de vacina\u00e7\u00e3o e mandar lembrete sobre as campanhas. Intera\u00e7\u00e3o \u00e9 gratuita \u2013 basta salvar o n\u00famero e mandar mensagem. Por Mateus Rodrigues, g1 &mdash; Bras\u00edlia 04\/12\/2023 04h02 [&hellip;]<\/p>\n","protected":false},"author":1,"featured_media":0,"comment_status":"closed","ping_status":"closed","sticky":false,"template":"","format":"standard","meta":{"footnotes":""},"categories":[],"tags":[],"class_list":["post-54829","post","type-post","status-publish","format-standard","hentry"],"_links":{"self":[{"href":"https:\/\/blog.corretoraideal.com.br\/index.php\/wp-json\/wp\/v2\/posts\/54829","targetHints":{"allow":["GET"]}}],"collection":[{"href":"https:\/\/blog.corretoraideal.com.br\/index.php\/wp-json\/wp\/v2\/posts"}],"about":[{"href":"https:\/\/blog.corretoraideal.com.br\/index.php\/wp-json\/wp\/v2\/types\/post"}],"author":[{"embeddable":true,"href":"https:\/\/blog.corretoraideal.com.br\/index.php\/wp-json\/wp\/v2\/users\/1"}],"replies":[{"embeddable":true,"href":"https:\/\/blog.corretoraideal.com.br\/index.php\/wp-json\/wp\/v2\/comments?post=54829"}],"version-history":[{"count":1,"href":"https:\/\/blog.corretoraideal.com.br\/index.php\/wp-json\/wp\/v2\/posts\/54829\/revisions"}],"predecessor-version":[{"id":54833,"href":"https:\/\/blog.corretoraideal.com.br\/index.php\/wp-json\/wp\/v2\/posts\/54829\/revisions\/54833"}],"wp:attachment":[{"href":"https:\/\/blog.corretoraideal.com.br\/index.php\/wp-json\/wp\/v2\/media?parent=54829"}],"wp:term":[{"taxonomy":"category","embeddable":true,"href":"https:\/\/blog.corretoraideal.com.br\/index.php\/wp-json\/wp\/v2\/categories?post=54829"},{"taxonomy":"post_tag","embeddable":true,"href":"https:\/\/blog.corretoraideal.com.br\/index.php\/wp-json\/wp\/v2\/tags?post=54829"}],"curies":[{"name":"wp","href":"https:\/\/api.w.org\/{rel}","templated":true}]}}