{"id":54893,"date":"2023-12-11T14:29:38","date_gmt":"2023-12-11T14:29:38","guid":{"rendered":"https:\/\/blog.corretoraideal.com.br\/?p=54893"},"modified":"2023-12-11T14:29:38","modified_gmt":"2023-12-11T14:29:38","slug":"feira-de-adocao-animal-e-realizada-neste-sabado-em-itaperuna-norte-fluminense-g1","status":"publish","type":"post","link":"https:\/\/blog.corretoraideal.com.br\/index.php\/2023\/12\/11\/feira-de-adocao-animal-e-realizada-neste-sabado-em-itaperuna-norte-fluminense-g1\/","title":{"rendered":"Feira de ado\u00e7\u00e3o animal \u00e9 realizada neste s\u00e1bado em Itaperuna | Norte Fluminense | G1"},"content":{"rendered":"<br \/>\n<h1>Feira de ado\u00e7\u00e3o animal \u00e9 realizada neste s\u00e1bado em Itaperuna<\/h1>\n<h2>C\u00e3es e gatos dispon\u00edveis para a ado\u00e7\u00e3o s\u00e3o vacinados. O atendimento na Feira de Itaperuna das 8h \u00e0s 11h. <\/h2>\n<p> Por g1 &mdash; Itaperuna <\/p>\n<p>  24\/11\/2023 17h56    Atualizado  24\/11\/2023    <\/p>\n<p> Uma feira de ado\u00e7\u00e3o de animais ser\u00e1 realizada neste s\u00e1bado (25), das 8h \u00e0s 11h, na Feira Livre de <a class href=\"https:\/\/g1.globo.com\/rj\/norte-fluminense\/cidade\/itaperuna\/\">Itaperuna<\/a>, na Avenida Presidente Dutra, Cidade Nova. <\/p>\n<p> Os interessados em adotar um animal devem levar CPF, RG e um comprovante de resid\u00eancia . <\/p>\n<p> &quot;Venha conhecer nossos amigos de quatro patas que est\u00e3o ansiosos por um novo lar e uma fam\u00edlia amorosa. Ao adotar, voc\u00ea n\u00e3o apenas ganha um amigo leal, mas tamb\u00e9m contribui para a constru\u00e7\u00e3o de um futuro melhor para esses animais. Todos eles est\u00e3o devidamente cuidados, vacinados e prontos para come\u00e7ar essa nova jornada ao seu lado&quot;, convidou a Prefeitura em postagem nas redes sociais. <\/p>\n<p> De acordo com a Prefeitura, todos os animais est\u00e3o cuidados e devidamente vacinados. O munic\u00edpio explica que apenas em caso de chuva o evento ser\u00e1 adiado. <\/p>\n<p> Mais informa\u00e7\u00f5es podem ser obtidas pelo telefone (22) 99938-7991 (Leandro Salles). <\/p>\n<ul>\n<li> <a href=\"https:\/\/g1.globo.com\/rj\/norte-fluminense\/cidade\/itaperuna\/\" class=\"entities__list-itemLink\" data-track-click=\"Itaperuna\"> Itaperuna <\/a> <\/li>\n<\/ul>\n","protected":false},"excerpt":{"rendered":"<p>Feira de ado\u00e7\u00e3o animal \u00e9 realizada neste s\u00e1bado em Itaperuna C\u00e3es e gatos dispon\u00edveis para a ado\u00e7\u00e3o s\u00e3o vacinados. O atendimento na Feira de Itaperuna das 8h \u00e0s 11h. Por g1 &mdash; Itaperuna 24\/11\/2023 17h56 Atualizado 24\/11\/2023 Uma feira de ado\u00e7\u00e3o de animais ser\u00e1 realizada neste s\u00e1bado (25), das 8h \u00e0s 11h, na Feira Livre [&hellip;]<\/p>\n","protected":false},"author":1,"featured_media":0,"comment_status":"closed","ping_status":"closed","sticky":false,"template":"","format":"standard","meta":{"footnotes":""},"categories":[],"tags":[],"class_list":["post-54893","post","type-post","status-publish","format-standard","hentry"],"_links":{"self":[{"href":"https:\/\/blog.corretoraideal.com.br\/index.php\/wp-json\/wp\/v2\/posts\/54893","targetHints":{"allow":["GET"]}}],"collection":[{"href":"https:\/\/blog.corretoraideal.com.br\/index.php\/wp-json\/wp\/v2\/posts"}],"about":[{"href":"https:\/\/blog.corretoraideal.com.br\/index.php\/wp-json\/wp\/v2\/types\/post"}],"author":[{"embeddable":true,"href":"https:\/\/blog.corretoraideal.com.br\/index.php\/wp-json\/wp\/v2\/users\/1"}],"replies":[{"embeddable":true,"href":"https:\/\/blog.corretoraideal.com.br\/index.php\/wp-json\/wp\/v2\/comments?post=54893"}],"version-history":[{"count":1,"href":"https:\/\/blog.corretoraideal.com.br\/index.php\/wp-json\/wp\/v2\/posts\/54893\/revisions"}],"predecessor-version":[{"id":54895,"href":"https:\/\/blog.corretoraideal.com.br\/index.php\/wp-json\/wp\/v2\/posts\/54893\/revisions\/54895"}],"wp:attachment":[{"href":"https:\/\/blog.corretoraideal.com.br\/index.php\/wp-json\/wp\/v2\/media?parent=54893"}],"wp:term":[{"taxonomy":"category","embeddable":true,"href":"https:\/\/blog.corretoraideal.com.br\/index.php\/wp-json\/wp\/v2\/categories?post=54893"},{"taxonomy":"post_tag","embeddable":true,"href":"https:\/\/blog.corretoraideal.com.br\/index.php\/wp-json\/wp\/v2\/tags?post=54893"}],"curies":[{"name":"wp","href":"https:\/\/api.w.org\/{rel}","templated":true}]}}