{"id":54900,"date":"2023-12-11T17:29:36","date_gmt":"2023-12-11T17:29:36","guid":{"rendered":"https:\/\/blog.corretoraideal.com.br\/?p=54900"},"modified":"2023-12-11T17:29:36","modified_gmt":"2023-12-11T17:29:36","slug":"de-onde-surgiu-o-nome-da-amazon-tecnologia-g1","status":"publish","type":"post","link":"https:\/\/blog.corretoraideal.com.br\/index.php\/2023\/12\/11\/de-onde-surgiu-o-nome-da-amazon-tecnologia-g1\/","title":{"rendered":"De onde surgiu o nome da Amazon? | Tecnologia | G1"},"content":{"rendered":"<br \/>\n<h1>De onde surgiu o nome da Amazon?<\/h1>\n<h2>Governador do Amazonas, Wilson Lima, cobrou contrapartida pelo uso da marca. Empresa foi fundada pelo empres\u00e1rio Jeff Bezos, que escolheu nome ap\u00f3s pesquisa no dicion\u00e1rio.<\/h2>\n<p> Por g1 <\/p>\n<p>  30\/11\/2023 18h30    Atualizado  30\/11\/2023    <\/p>\n<p>                      1 de 2&#013;Homem passa em frente a logo da Amazon em Mumbai, na \u00cdndia. \u2014 Foto: REUTERS\/Francis Mascarenhas    <\/p>\n<p> Homem passa em frente a logo da Amazon em Mumbai, na \u00cdndia. \u2014 Foto: REUTERS\/Francis Mascarenhas <\/p>\n<p> A disputa em torno do nome da varejista <a class href=\"https:\/\/g1.globo.com\/tudo-sobre\/amazon\/\">Amazon<\/a> voltou \u00e0 tona nesta quinta-feira (30), depois que o governador do Amazonas, Wilson Lima, <a class href=\"https:\/\/g1.globo.com\/am\/amazonas\/noticia\/2023\/11\/30\/governador-do-amazonas-diz-que-vai-cobrar-amazon-por-uso-da-marca.ghtml\">cobrou uma contrapartida pelo uso da marca<\/a> <a class href=\"https:\/\/g1.globo.com\/tecnologia\/noticia\/2023\/11\/30\/de-onde-surgiu-o-nome-da-amazon.ghtml#video\"><strong>(veja o v\u00eddeo)<\/strong><\/a>. <strong>Mas por que a empresa \u00e9 chamada assim? <\/strong> <\/p>\n<p> Fundada em 1994 somente como uma loja de livros na internet, a Amazon se tornou uma gigante da tecnologia sob o comando de seu fundador <a class href=\"https:\/\/g1.globo.com\/tudo-sobre\/jeff-bezos\/\">Jeff Bezos<\/a>. Foi ele quem decidiu batizar a empresa em refer\u00eancia \u00e0 regi\u00e3o, mais especificamente ao rio Amazonas. <\/p>\n<p> O nome foi escolhido ap\u00f3s Bezos buscar palavras com a letra &quot;A&quot; no dicion\u00e1rio e ver que &quot;Amazon&quot; era descrito como o &quot;maior rio da Terra&quot;, escreveu Brad Stone, autor do livro &quot;A Loja de Tudo: Jeff Bezos e a era da Amazon&quot;. <\/p>\n<p>&quot;Este n\u00e3o \u00e9 apenas o maior rio do mundo, \u00e9 muitas vezes maior que o maior rio seguinte. Ele destr\u00f3i todos os outros rios&quot;, disse Bezos, segundo o autor do livro.<\/p>\n<p> &quot;Isso se conectou instantaneamente com sua vis\u00e3o de curto prazo da empresa como a &#x27;maior livraria da Terra&#x27;&quot;, diz Stone, no livro. <\/p>\n<p><h2>Por que Bezos buscou palavras com &quot;A&quot;? <\/h2>\n<\/p>\n<p> O empres\u00e1rio queria uma marca que come\u00e7asse com &quot;A&quot; porque, na \u00e9poca da cria\u00e7\u00e3o da Amazon, os sites eram listados em ordem alfab\u00e9tica. Assim, o objetivo era que a empresa aparecesse entre os primeiros resultados. <\/p>\n<p> A hist\u00f3ria \u00e9 parecida com a da escolha do nome da Apple. Segundo Walter Isaacson, bi\u00f3grafo de Steve Jobs, o cofundador da empresa da ma\u00e7\u00e3 escolheu o nome quando estava em um per\u00edodo de dieta com frutas, mas porque sabia que o termo ficaria \u00e0 frente de Atari na lista telef\u00f4nica. <\/p>\n<p><h2>Amazon substituiu Cadabra<\/h2>\n<\/p>\n<p> A escolha por Amazon fez a empresa abandonar o nome que usava inicialmente: Cadabra, refer\u00eancia \u00e0 palavra &quot;abracadabra&quot;. Segundo o Business Insider, um antigo advogado alegava que a refer\u00eancia era muito obscura e, muitas vezes, a palavra era confundida com &quot;cad\u00e1ver&quot;. <\/p>\n<p> Antes de escolher Amazon.com, Bezos cogitou usar outros nomes, como Awake.com e Browse.com. Os dom\u00ednios foram comprados pelo empres\u00e1rio e at\u00e9 hoje redirecionam usu\u00e1rios \u00e0 p\u00e1gina da loja. <\/p>\n<p><h2>Qual a disputa em torno do nome da Amazon?<\/h2>\n<\/p>\n<p> Os oito pa\u00edses da Am\u00e9rica Latina que t\u00eam territ\u00f3rios na Amaz\u00f4nia questionaram durante sete anos a aquisi\u00e7\u00e3o do dom\u00ednio &quot;.amazon&quot; pela empresa de Jeff Bezos. A alega\u00e7\u00e3o era de que o endere\u00e7o deveria ser usado para designa\u00e7\u00f5es na internet sobre a regi\u00e3o amaz\u00f4nica. <\/p>\n<p> Esta disputa foi vencida pela Amazon em 2019, depois que os pa\u00edses n\u00e3o conseguiram chegar a um acordo com a Amazon, e a Corpora\u00e7\u00e3o Global da Internet para Atribui\u00e7\u00e3o de Nomes e N\u00fameros (ICANN) decidiu prosseguir com o pedido da empresa. <\/p>\n<p> Hoje, o site da ICANN informa que dom\u00ednio &quot;.amazon&quot; \u00e9 operado desde 19 de dezembro de 2019 pela Amazon Registry Services, subsidi\u00e1ria da companhia de Bezos. <\/p>\n<p>         2 de 2&#013;Amazon aparece como operadora de dom\u00ednio &#034;.amazon&#034; no site do ICANN \u2014 Foto: Reprodu\u00e7\u00e3o    <\/p>\n<p> Amazon aparece como operadora de dom\u00ednio &#034;.amazon&#034; no site do ICANN \u2014 Foto: Reprodu\u00e7\u00e3o <\/p>\n<p><h2>Governador cobra contrapartida por uso do nome Amazon<\/h2>\n<\/p>\n<p>                   <img loading=\"lazy\" decoding=\"async\" class=\"aligncenter size-full wp-image-54902\" src=\"https:\/\/blog.corretoraideal.com.br\/wp-content\/uploads\/2023\/12\/amazonas-apresenta-agenda-para-a-cop28.jpeg\" alt=\"Amazonas apresenta agenda para a COP28\" width=\"800\" height=\"400\" \/>      <\/p>\n<p> Amazonas apresenta agenda para a COP28 <\/p>\n<ul>\n<li> <a href=\"https:\/\/g1.globo.com\/tudo-sobre\/amazon\/\" class=\"entities__list-itemLink\" data-track-click=\"Amazon\"> Amazon <\/a> <\/li>\n<li> <a href=\"https:\/\/g1.globo.com\/tudo-sobre\/jeff-bezos\/\" class=\"entities__list-itemLink\" data-track-click=\"Jeff Bezos\"> Jeff Bezos <\/a> <\/li>\n<\/ul>\n","protected":false},"excerpt":{"rendered":"<p>De onde surgiu o nome da Amazon? Governador do Amazonas, Wilson Lima, cobrou contrapartida pelo uso da marca. Empresa foi fundada pelo empres\u00e1rio Jeff Bezos, que escolheu nome ap\u00f3s pesquisa no dicion\u00e1rio. Por g1 30\/11\/2023 18h30 Atualizado 30\/11\/2023 1 de 2&#013;Homem passa em frente a logo da Amazon em Mumbai, na \u00cdndia. \u2014 Foto: REUTERS\/Francis [&hellip;]<\/p>\n","protected":false},"author":1,"featured_media":0,"comment_status":"closed","ping_status":"closed","sticky":false,"template":"","format":"standard","meta":{"footnotes":""},"categories":[],"tags":[],"class_list":["post-54900","post","type-post","status-publish","format-standard","hentry"],"_links":{"self":[{"href":"https:\/\/blog.corretoraideal.com.br\/index.php\/wp-json\/wp\/v2\/posts\/54900","targetHints":{"allow":["GET"]}}],"collection":[{"href":"https:\/\/blog.corretoraideal.com.br\/index.php\/wp-json\/wp\/v2\/posts"}],"about":[{"href":"https:\/\/blog.corretoraideal.com.br\/index.php\/wp-json\/wp\/v2\/types\/post"}],"author":[{"embeddable":true,"href":"https:\/\/blog.corretoraideal.com.br\/index.php\/wp-json\/wp\/v2\/users\/1"}],"replies":[{"embeddable":true,"href":"https:\/\/blog.corretoraideal.com.br\/index.php\/wp-json\/wp\/v2\/comments?post=54900"}],"version-history":[{"count":1,"href":"https:\/\/blog.corretoraideal.com.br\/index.php\/wp-json\/wp\/v2\/posts\/54900\/revisions"}],"predecessor-version":[{"id":54903,"href":"https:\/\/blog.corretoraideal.com.br\/index.php\/wp-json\/wp\/v2\/posts\/54900\/revisions\/54903"}],"wp:attachment":[{"href":"https:\/\/blog.corretoraideal.com.br\/index.php\/wp-json\/wp\/v2\/media?parent=54900"}],"wp:term":[{"taxonomy":"category","embeddable":true,"href":"https:\/\/blog.corretoraideal.com.br\/index.php\/wp-json\/wp\/v2\/categories?post=54900"},{"taxonomy":"post_tag","embeddable":true,"href":"https:\/\/blog.corretoraideal.com.br\/index.php\/wp-json\/wp\/v2\/tags?post=54900"}],"curies":[{"name":"wp","href":"https:\/\/api.w.org\/{rel}","templated":true}]}}