{"id":54904,"date":"2023-12-11T19:29:36","date_gmt":"2023-12-11T19:29:36","guid":{"rendered":"https:\/\/blog.corretoraideal.com.br\/?p=54904"},"modified":"2023-12-11T19:29:36","modified_gmt":"2023-12-11T19:29:36","slug":"projeto-em-macae-rj-oferece-banho-de-mar-assistido-a-pessoas-com-deficiencia-ou-mobilidade-reduzida-norte-fluminense-g1","status":"publish","type":"post","link":"https:\/\/blog.corretoraideal.com.br\/index.php\/2023\/12\/11\/projeto-em-macae-rj-oferece-banho-de-mar-assistido-a-pessoas-com-deficiencia-ou-mobilidade-reduzida-norte-fluminense-g1\/","title":{"rendered":"Projeto em Maca\u00e9, RJ, oferece banho de mar assistido a pessoas com defici\u00eancia ou mobilidade reduzida | Norte Fluminense | G1"},"content":{"rendered":"<br \/>\n<h1>Projeto em Maca\u00e9, RJ, oferece banho de mar assistido a pessoas com defici\u00eancia ou mobilidade reduzida<\/h1>\n<h2>Iniciativa, lan\u00e7ada neste domingo, disponibiliza servi\u00e7o aos domingos at\u00e9 o m\u00eas de mar\u00e7o, de 9h \u00e0s 14h, na praia do Hollywood, no Cavaleiros. <\/h2>\n<p> Por g1 &mdash; Maca\u00e9 <\/p>\n<p>  11\/12\/2023 12h05    Atualizado  11\/12\/2023    <\/p>\n<p> A 8\u00aa edi\u00e7\u00e3o do projeto &quot;<a class href=\"https:\/\/g1.globo.com\/rj\/regiao-dos-lagos\/cidade\/macae\/\">Maca\u00e9<\/a> ver\u00e3o para todos\u201d, lan\u00e7ada neste domingo (10), est\u00e1 disponibilizando banho de mar assistido a pessoas com defici\u00eancia ou mobilidade reduzida na praia de Hollywood, no Cavaleiros, em Maca\u00e9 no Norte Fluminense. <\/p>\n<p> O servi\u00e7o \u00e9 oferecido aos domingo, das 9h \u00e0s 14h, at\u00e9 o m\u00eas de mar\u00e7o. De acordo com o cronograma, a pr\u00f3xima atividade ser\u00e1 no dia 17 de dezembro (pr\u00f3ximo domingo) e ser\u00e1 retomada no dia 7 de janeiro. <\/p>\n<p> Al\u00e9m do banho de mar, o projeto ainda oferece, na Lagoa de Imboassica, sempre no \u00faltimo domingo de cada m\u00eas, a pr\u00e1tica de stand up paddle adaptado. <\/p>\n<p> O &quot;Maca\u00e9 ver\u00e3o para todos&quot; \u00e9 uma a\u00e7\u00e3o da Prefeitura de Maca\u00e9 por meio da Secretaria Adjunta de Defesa Civil. <\/p>\n<p> Marcelo \u00e9 cadeirante h\u00e1 10 anos e conseguiu voltar a tomar banho de mar por meio dessa a\u00e7\u00e3o. <\/p>\n<p>\u201cFico emocionado de ter essa oportunidade de entrar no mar. \u00c9 dif\u00edcil segurar o choro\u201d, disse.<\/p>\n<p> F\u00e1bio Alves, amigo de Marcelo, tamb\u00e9m chegou cedo para aproveitar o banho de mar neste domingo. <\/p>\n<p> \u201cPor mim esse projeto aconteceria durante todo ano. Sentir a areia da praia e a \u00e1gua gelada no corpo \u00e9 uma sensa\u00e7\u00e3o extraordin\u00e1ria. Isso me faz t\u00e3o bem\u201d, falou F\u00e1bio. <\/p>\n<p><h2>Estrutura<\/h2>\n<\/p>\n<p>         3 de 3&#013;Banhistas com defici\u00eancia tem at\u00e9 mar\u00e7o para aproveitar servi\u00e7o de banho de mar assistido em Maca\u00e9 \u2014 Foto: Ana Chaffin\/Prefeitura de Maca\u00e9    <\/p>\n<p> Banhistas com defici\u00eancia tem at\u00e9 mar\u00e7o para aproveitar servi\u00e7o de banho de mar assistido em Maca\u00e9 \u2014 Foto: Ana Chaffin\/Prefeitura de Maca\u00e9 <\/p>\n<p> O projeto conta com duas cadeiras anf\u00edbias, que atendem a pessoas com dificuldades de locomo\u00e7\u00e3o. Menores de 18 anos devem estar acompanhados dos respons\u00e1veis. <\/p>\n<p> O agente da Defesa Civil, Rodrigo Costa, explica que cerca de oito agentes e volunt\u00e1rios atuam a cada domingo para atender os participantes. <\/p>\n<p> \u201cUma tenda foi montada na praia de Hollywood, basta se apresentar e aproveitar o banho de mar\u201d, pontuou. <\/p>\n<ul>\n<li> <a href=\"https:\/\/g1.globo.com\/rj\/regiao-dos-lagos\/cidade\/macae\/\" class=\"entities__list-itemLink\" data-track-click=\"Maca\u00e9\"> Maca\u00e9 <\/a> <\/li>\n<\/ul>\n","protected":false},"excerpt":{"rendered":"<p>Projeto em Maca\u00e9, RJ, oferece banho de mar assistido a pessoas com defici\u00eancia ou mobilidade reduzida Iniciativa, lan\u00e7ada neste domingo, disponibiliza servi\u00e7o aos domingos at\u00e9 o m\u00eas de mar\u00e7o, de 9h \u00e0s 14h, na praia do Hollywood, no Cavaleiros. Por g1 &mdash; Maca\u00e9 11\/12\/2023 12h05 Atualizado 11\/12\/2023 A 8\u00aa edi\u00e7\u00e3o do projeto &quot;Maca\u00e9 ver\u00e3o para [&hellip;]<\/p>\n","protected":false},"author":1,"featured_media":0,"comment_status":"closed","ping_status":"closed","sticky":false,"template":"","format":"standard","meta":{"footnotes":""},"categories":[],"tags":[],"class_list":["post-54904","post","type-post","status-publish","format-standard","hentry"],"_links":{"self":[{"href":"https:\/\/blog.corretoraideal.com.br\/index.php\/wp-json\/wp\/v2\/posts\/54904","targetHints":{"allow":["GET"]}}],"collection":[{"href":"https:\/\/blog.corretoraideal.com.br\/index.php\/wp-json\/wp\/v2\/posts"}],"about":[{"href":"https:\/\/blog.corretoraideal.com.br\/index.php\/wp-json\/wp\/v2\/types\/post"}],"author":[{"embeddable":true,"href":"https:\/\/blog.corretoraideal.com.br\/index.php\/wp-json\/wp\/v2\/users\/1"}],"replies":[{"embeddable":true,"href":"https:\/\/blog.corretoraideal.com.br\/index.php\/wp-json\/wp\/v2\/comments?post=54904"}],"version-history":[{"count":1,"href":"https:\/\/blog.corretoraideal.com.br\/index.php\/wp-json\/wp\/v2\/posts\/54904\/revisions"}],"predecessor-version":[{"id":54906,"href":"https:\/\/blog.corretoraideal.com.br\/index.php\/wp-json\/wp\/v2\/posts\/54904\/revisions\/54906"}],"wp:attachment":[{"href":"https:\/\/blog.corretoraideal.com.br\/index.php\/wp-json\/wp\/v2\/media?parent=54904"}],"wp:term":[{"taxonomy":"category","embeddable":true,"href":"https:\/\/blog.corretoraideal.com.br\/index.php\/wp-json\/wp\/v2\/categories?post=54904"},{"taxonomy":"post_tag","embeddable":true,"href":"https:\/\/blog.corretoraideal.com.br\/index.php\/wp-json\/wp\/v2\/tags?post=54904"}],"curies":[{"name":"wp","href":"https:\/\/api.w.org\/{rel}","templated":true}]}}