{"id":54907,"date":"2023-12-12T00:29:35","date_gmt":"2023-12-12T00:29:35","guid":{"rendered":"https:\/\/blog.corretoraideal.com.br\/?p=54907"},"modified":"2023-12-12T00:29:36","modified_gmt":"2023-12-12T00:29:36","slug":"incendio-destroi-21-onibus-em-campos-no-rj-norte-fluminense-g1","status":"publish","type":"post","link":"https:\/\/blog.corretoraideal.com.br\/index.php\/2023\/12\/12\/incendio-destroi-21-onibus-em-campos-no-rj-norte-fluminense-g1\/","title":{"rendered":"Inc\u00eandio destr\u00f3i 21 \u00f4nibus em Campos, no RJ | Norte Fluminense | G1"},"content":{"rendered":"<br \/>\n<h1>Inc\u00eandio destr\u00f3i 21 \u00f4nibus em Campos, no RJ<\/h1>\n<h2>O fogo, na madrugada de s\u00e1bado (9), atingiu a frota que atende linhas da \u00e1rea central de Campos. A Pol\u00edcia Civil est\u00e1 investigando o caso e ningu\u00e9m se feriu. <\/h2>\n<p> Por g1 &mdash; Campos <\/p>\n<p>  11\/12\/2023 18h49    Atualizado  11\/12\/2023    <\/p>\n<p>                                <img loading=\"lazy\" decoding=\"async\" class=\"aligncenter size-full wp-image-54909\" src=\"https:\/\/blog.corretoraideal.com.br\/wp-content\/uploads\/2023\/12\/incendio-atinge-garagem-de-empresa-de-onibus-em-campos.jpeg\" alt=\"Inc\u00eandio atinge garagem de empresa de \u00f4nibus em Campos\" width=\"800\" height=\"400\" \/>       <\/p>\n<p> Inc\u00eandio atinge garagem de empresa de \u00f4nibus em Campos <\/p>\n<p> Um inc\u00eandio de grandes propor\u00e7\u00f5es destruiu 21 \u00f4nibus que estavam estacionados na garagem da empresa S\u00e3o Salvador na madrugada deste s\u00e1bado (9) em <a class href=\"https:\/\/g1.globo.com\/rj\/norte-fluminense\/cidade\/campos-dos-goytacazes\/\">Campos dos Goytacazes<\/a>, Norte Fluminense. <\/p>\n<p> De acordo com o Corpo de Bombeiros, o acionamento foi \u00e0s 04h46 na Travessa Palmeiras, pr\u00f3ximo \u00e0 primeira passarela, Pq Niter\u00f3i. No local, focos de inc\u00eandio foram contidos pelas equipes de combate inc\u00eandio, ningu\u00e9m se feriu. <\/p>\n<p> Cerca de 20 militares do Corpo de Bombeiros trabalharam no local para evitar que o fogo se alastrasse e atingisse resid\u00eancias e outras edifica\u00e7\u00f5es vizinhas, al\u00e9m de outros ve\u00edculos que estavam dentro da garagem e um reservat\u00f3rio de combust\u00edvel que era utilizado para abastecimento dos \u00f4nibus. <\/p>\n<p>         1 de 1&#013;\u00d4nibus foram destru\u00eddos por inc\u00eandio na madrugada de s\u00e1bado em Campos \u2014 Foto: Reprodu\u00e7\u00e3o Inter TV RJ    <\/p>\n<p> \u00d4nibus foram destru\u00eddos por inc\u00eandio na madrugada de s\u00e1bado em Campos \u2014 Foto: Reprodu\u00e7\u00e3o Inter TV RJ <\/p>\n<p> Assim que tomou conhecimento do inc\u00eandio, o presidente do Instituto Municipal de Tr\u00e2nsito e Transportes, Nelson Goda, foi at\u00e9 o local acompanhar os trabalhos do Corpo de Bombeiros. <\/p>\n<p> Segundo o IMTT, dos 26 ve\u00edculos que estavam estacionados na garagem, 21 foram destru\u00eddos pelo fogo e mais dois ficaram avariados. <\/p>\n<p> A empresa possui um total de 39 ve\u00edculos. Desse total, 13 fazem atendimento em localidades como Lagoa de Cima, Rio Preto e Imb\u00e9 e n\u00e3o foram atingidos, pois ficam estacionados nas localidades para iniciarem as opera\u00e7\u00f5es do dia, o que ir\u00e1 garantir o atendimento. <\/p>\n<p> O atendimento na \u00e1rea central poder\u00e1 sofrer impacto, mas o IMTT informou que j\u00e1 est\u00e1 buscando solu\u00e7\u00f5es para substitui\u00e7\u00e3o da frota. <\/p>\n<p> As causas do inc\u00eandio ainda s\u00e3o desconhecidas e a Pol\u00edcia Civil segue investigando o caso. <\/p>\n<ul>\n<li> <a href=\"https:\/\/g1.globo.com\/rj\/norte-fluminense\/cidade\/campos-dos-goytacazes\/\" class=\"entities__list-itemLink\" data-track-click=\"Campos dos Goytacazes\"> Campos dos Goytacazes <\/a> <\/li>\n<\/ul>\n","protected":false},"excerpt":{"rendered":"<p>Inc\u00eandio destr\u00f3i 21 \u00f4nibus em Campos, no RJ O fogo, na madrugada de s\u00e1bado (9), atingiu a frota que atende linhas da \u00e1rea central de Campos. A Pol\u00edcia Civil est\u00e1 investigando o caso e ningu\u00e9m se feriu. Por g1 &mdash; Campos 11\/12\/2023 18h49 Atualizado 11\/12\/2023 Inc\u00eandio atinge garagem de empresa de \u00f4nibus em Campos Um [&hellip;]<\/p>\n","protected":false},"author":1,"featured_media":0,"comment_status":"closed","ping_status":"closed","sticky":false,"template":"","format":"standard","meta":{"footnotes":""},"categories":[],"tags":[],"class_list":["post-54907","post","type-post","status-publish","format-standard","hentry"],"_links":{"self":[{"href":"https:\/\/blog.corretoraideal.com.br\/index.php\/wp-json\/wp\/v2\/posts\/54907","targetHints":{"allow":["GET"]}}],"collection":[{"href":"https:\/\/blog.corretoraideal.com.br\/index.php\/wp-json\/wp\/v2\/posts"}],"about":[{"href":"https:\/\/blog.corretoraideal.com.br\/index.php\/wp-json\/wp\/v2\/types\/post"}],"author":[{"embeddable":true,"href":"https:\/\/blog.corretoraideal.com.br\/index.php\/wp-json\/wp\/v2\/users\/1"}],"replies":[{"embeddable":true,"href":"https:\/\/blog.corretoraideal.com.br\/index.php\/wp-json\/wp\/v2\/comments?post=54907"}],"version-history":[{"count":1,"href":"https:\/\/blog.corretoraideal.com.br\/index.php\/wp-json\/wp\/v2\/posts\/54907\/revisions"}],"predecessor-version":[{"id":54910,"href":"https:\/\/blog.corretoraideal.com.br\/index.php\/wp-json\/wp\/v2\/posts\/54907\/revisions\/54910"}],"wp:attachment":[{"href":"https:\/\/blog.corretoraideal.com.br\/index.php\/wp-json\/wp\/v2\/media?parent=54907"}],"wp:term":[{"taxonomy":"category","embeddable":true,"href":"https:\/\/blog.corretoraideal.com.br\/index.php\/wp-json\/wp\/v2\/categories?post=54907"},{"taxonomy":"post_tag","embeddable":true,"href":"https:\/\/blog.corretoraideal.com.br\/index.php\/wp-json\/wp\/v2\/tags?post=54907"}],"curies":[{"name":"wp","href":"https:\/\/api.w.org\/{rel}","templated":true}]}}