{"id":54958,"date":"2023-12-13T02:29:48","date_gmt":"2023-12-13T02:29:48","guid":{"rendered":"https:\/\/blog.corretoraideal.com.br\/?p=54958"},"modified":"2023-12-13T02:29:48","modified_gmt":"2023-12-13T02:29:48","slug":"2024-tera-poucos-feriadoes-prolongados-veja-as-folgas-previstas-trabalho-e-carreira-g1","status":"publish","type":"post","link":"https:\/\/blog.corretoraideal.com.br\/index.php\/2023\/12\/13\/2024-tera-poucos-feriadoes-prolongados-veja-as-folgas-previstas-trabalho-e-carreira-g1\/","title":{"rendered":"2024 ter\u00e1 poucos &#039;feriad\u00f5es&#039; prolongados; veja as folgas previstas | Trabalho e Carreira | G1"},"content":{"rendered":"<br \/>\n<h1>2024 ter\u00e1 poucos &#039;feriad\u00f5es&#039; prolongados; veja as folgas previstas<\/h1>\n<h2>Pr\u00f3ximo ano ter\u00e1 nove feriados nacionais, sendo que quatro ser\u00e3o no fim de semana. <\/h2>\n<p> Por <a class=\"multi_signatures\" href=\"https:\/\/g1.globo.com\/autores\/anaisa-catucci\/\">Ana\u00edsa Catucci<\/a>, g1 <\/p>\n<p>  21\/11\/2023 04h02    Atualizado  12\/12\/2023    <\/p>\n<p>                             <img loading=\"lazy\" decoding=\"async\" class=\"aligncenter size-full wp-image-54960\" src=\"https:\/\/blog.corretoraideal.com.br\/wp-content\/uploads\/2023\/12\/imagem13-12-2023-02-12-46.jpeg\" alt=\"imagem13-12-2023-02-12-46\" width=\"800\" height=\"400\" \/>       <\/p>\n<p> &#8216;Feriad\u00f4es&#8217; de 2024: veja as folgas previstas <\/p>\n<p> O ano de 2024 ter\u00e1 poucos feriados prolongados. Ser\u00e3o <strong>nove feriados nacionais<\/strong>, dos quais apenas tr\u00eas v\u00e3o ser vizinhos de um fim de semana, isto \u00e9, caem numa segunda ou na sexta-feira. <\/p>\n<p> S\u00e3o eles: o da Confraterniza\u00e7\u00e3o Universal, em 1\u00b0 de janeiro; o da Paix\u00e3o de Cristo, em 29 de mar\u00e7o; e o da Proclama\u00e7\u00e3o da Rep\u00fablica, no dia 15 de novembro. <\/p>\n<p> Ano bissexto (com 366 dias), <strong>2024 ter\u00e1 quase metade das folgas prolongadas em rela\u00e7\u00e3o a 2023<\/strong>, que teve sete. Quatro feriados caem no fim de semana. <\/p>\n<p> Mas, se forem inclu\u00eddos os <a class href=\"https:\/\/g1.globo.com\/economia\/video\/entenda-o-que-e-o-ponto-facultativo-10497382.ghtml\"><strong>pontos facultativos<\/strong><\/a><strong> nacionais, o n\u00famero pula para seis<\/strong>. E apenas dois deles ter\u00e3o uma \u201cemenda\u201d maior, de quatro dias, no <strong>Carnaval<\/strong>, em 13 de fevereiro (ter\u00e7a-feira) e no <strong>Corpus Christi<\/strong>, em 30 de maio (quinta-feira). <\/p>\n<ul>\n<li><a class href=\"https:\/\/g1.globo.com\/trabalho-e-carreira\/noticia\/2023\/11\/20\/13o-salario-saiba-quem-tem-direito-e-quando-cai-na-conta.ghtml\"><strong>Saiba quem tem direito ao 13\u00ba sal\u00e1rio e quando cai na conta<\/strong><\/a><\/li>\n<\/ul>\n<p> O <strong>calend\u00e1rio oficial <\/strong>com as datas dos feriados nacionais e pontos facultativos de 2024 ainda<strong> n\u00e3o foi divulgado pelo governo federal<\/strong>, mas o <a class href=\"https:\/\/g1.globo.com\/trabalho-e-carreira\/\"><strong>g1<\/strong><\/a> listou as datas de acordo com o que foi determinado neste ano (<a class href=\"https:\/\/g1.globo.com\/trabalho-e-carreira\/noticia\/2023\/11\/21\/2024-tera-poucos-feriadoes-prolongados-veja-as-folgas-previstas.ghtml#1\"><strong>veja as listas ao final da reportagem<\/strong><\/a>). <\/p>\n<p> O ano que vem poder\u00e1 ter um novo feriado nacional: o <strong>Dia da Consci\u00eancia Negra<\/strong>, que \u00e9 em 20 de novembro e cair\u00e1 numa quarta-feira. O feriado foi <a class href=\"https:\/\/g1.globo.com\/politica\/noticia\/2023\/11\/29\/camara-aprova-projeto-que-torna-dia-da-consciencia-negra-feriado-nacional-texto-vai-a-sancao.ghtml\">aprovado no Congresso<\/a> e, para valer, precisa da san\u00e7\u00e3o do presidente Lula. <\/p>\n<p> Atualmente, a data n\u00e3o faz parte do calend\u00e1rio de feriados nacionais e nem \u00e9 considerada ponto facultativo nacional: a folga depende de lei municipal ou estadual. <\/p>\n<p><h2>Feriados locais<\/h2>\n<\/p>\n<p> Munic\u00edpios e estados podem determinar em lei que pontos facultativos nacionais, como <strong>Carnaval<\/strong> ou <strong>Corpus Christi<\/strong>, sejam feriados locais. <\/p>\n<p> Essas duas datas j\u00e1 s\u00e3o consideradas pontos facultativos para os servidores p\u00fablicos federais. Assim, quem tiver direito a descansar nesses per\u00edodos ter\u00e1 dois feriados prolongados a mais em 2024. <\/p>\n<p> Veja abaixo a lista de feriados nacionais em 2024 e os pontos facultativos nacionais, levando em conta os dias determinados pelo governo federal neste ano. <\/p>\n<p>  ?\ufe0f Veja as datas dos feriados previstos para 2024 ?\ufe0f Pontos facultativos nacionais em 2024  <\/p>\n<p><h2><strong>Entenda o que \u00e9 ponto facultativo:<\/strong><\/h2>\n<\/p>\n<p>                   <img loading=\"lazy\" decoding=\"async\" class=\"aligncenter size-full wp-image-54961\" src=\"https:\/\/blog.corretoraideal.com.br\/wp-content\/uploads\/2023\/12\/entenda-o-que-e-o-ponto-facultativo.jpeg\" alt=\"Entenda o que \u00e9 o ponto facultativo\" width=\"800\" height=\"400\" \/>       <\/p>\n<p> Entenda o que \u00e9 o ponto facultativo <\/p>\n<ul> <\/ul>\n","protected":false},"excerpt":{"rendered":"<p>2024 ter\u00e1 poucos &#039;feriad\u00f5es&#039; prolongados; veja as folgas previstas Pr\u00f3ximo ano ter\u00e1 nove feriados nacionais, sendo que quatro ser\u00e3o no fim de semana. Por Ana\u00edsa Catucci, g1 21\/11\/2023 04h02 Atualizado 12\/12\/2023 &#8216;Feriad\u00f4es&#8217; de 2024: veja as folgas previstas O ano de 2024 ter\u00e1 poucos feriados prolongados. Ser\u00e3o nove feriados nacionais, dos quais apenas tr\u00eas v\u00e3o [&hellip;]<\/p>\n","protected":false},"author":1,"featured_media":0,"comment_status":"closed","ping_status":"closed","sticky":false,"template":"","format":"standard","meta":{"footnotes":""},"categories":[],"tags":[],"class_list":["post-54958","post","type-post","status-publish","format-standard","hentry"],"_links":{"self":[{"href":"https:\/\/blog.corretoraideal.com.br\/index.php\/wp-json\/wp\/v2\/posts\/54958","targetHints":{"allow":["GET"]}}],"collection":[{"href":"https:\/\/blog.corretoraideal.com.br\/index.php\/wp-json\/wp\/v2\/posts"}],"about":[{"href":"https:\/\/blog.corretoraideal.com.br\/index.php\/wp-json\/wp\/v2\/types\/post"}],"author":[{"embeddable":true,"href":"https:\/\/blog.corretoraideal.com.br\/index.php\/wp-json\/wp\/v2\/users\/1"}],"replies":[{"embeddable":true,"href":"https:\/\/blog.corretoraideal.com.br\/index.php\/wp-json\/wp\/v2\/comments?post=54958"}],"version-history":[{"count":1,"href":"https:\/\/blog.corretoraideal.com.br\/index.php\/wp-json\/wp\/v2\/posts\/54958\/revisions"}],"predecessor-version":[{"id":54962,"href":"https:\/\/blog.corretoraideal.com.br\/index.php\/wp-json\/wp\/v2\/posts\/54958\/revisions\/54962"}],"wp:attachment":[{"href":"https:\/\/blog.corretoraideal.com.br\/index.php\/wp-json\/wp\/v2\/media?parent=54958"}],"wp:term":[{"taxonomy":"category","embeddable":true,"href":"https:\/\/blog.corretoraideal.com.br\/index.php\/wp-json\/wp\/v2\/categories?post=54958"},{"taxonomy":"post_tag","embeddable":true,"href":"https:\/\/blog.corretoraideal.com.br\/index.php\/wp-json\/wp\/v2\/tags?post=54958"}],"curies":[{"name":"wp","href":"https:\/\/api.w.org\/{rel}","templated":true}]}}