{"id":54963,"date":"2023-12-13T03:29:36","date_gmt":"2023-12-13T03:29:36","guid":{"rendered":"https:\/\/blog.corretoraideal.com.br\/?p=54963"},"modified":"2023-12-13T03:29:36","modified_gmt":"2023-12-13T03:29:36","slug":"na-ultima-reuniao-de-2023-copom-deve-baixar-juro-para-1175-o-menor-nivel-em-quase-dois-anos-economia-g1","status":"publish","type":"post","link":"https:\/\/blog.corretoraideal.com.br\/index.php\/2023\/12\/13\/na-ultima-reuniao-de-2023-copom-deve-baixar-juro-para-1175-o-menor-nivel-em-quase-dois-anos-economia-g1\/","title":{"rendered":"Na \u00faltima reuni\u00e3o de 2023, Copom deve baixar juro para 11,75%, o menor n\u00edvel em quase dois anos | Economia | G1"},"content":{"rendered":"<br \/>\n<h1>Na \u00faltima reuni\u00e3o de 2023, Copom deve baixar juro para 11,75%, o menor n\u00edvel em quase dois anos<\/h1>\n<h2>O corte de 0,5 ponto percentual \u00e9 a aposta da maior parte dos economistas dos bancos. Se confirmada, essa ser\u00e1 a quarta redu\u00e7\u00e3o seguida na taxa Selic.<\/h2>\n<p> Por <a class=\"multi_signatures\" href=\"https:\/\/g1.globo.com\/autores\/alexandro-martello\/\">Alexandro Martello<\/a>, g1 &mdash; Bras\u00edlia <\/p>\n<p>  13\/12\/2023 00h01    Atualizado  13\/12\/2023    <\/p>\n<p> O Comit\u00ea de Pol\u00edtica Monet\u00e1ria (Copom) do Banco Central (BC) se re\u00fane nesta quarta-feira (13) e deve reduzir a taxa b\u00e1sica de juros da economia de 12,25% para 11,75% ao ano. A decis\u00e3o ser\u00e1 anunciada ap\u00f3s as 18h. <\/p>\n<p> O corte de 0,5 ponto percentual \u00e9 a aposta da maior parte dos economistas dos bancos. Se confirmada, essa ser\u00e1 a quarta redu\u00e7\u00e3o seguida na taxa Selic &#8211; que cair\u00e1 ao menor patamar desde mar\u00e7o de 2022, quando estava em 10,75% ao ano. <\/p>\n<p> <a class href=\"https:\/\/g1.globo.com\/economia\/noticia\/2023\/11\/10\/ipca-sobe-024percent-em-outubro.ghtml\">Considerando o bom comportamento da infla\u00e7\u00e3o<\/a>, a proje\u00e7\u00e3o do mercado financeiro \u00e9 de que a taxa de juros continue recuando ao longo de 2024, e que <strong>termine o pr\u00f3ximo ano em 9,25% ao ano.<\/strong> <\/p>\n<p><h2>Como as decis\u00f5es s\u00e3o tomadas<\/h2>\n<\/p>\n<p> Para definir a taxa b\u00e1sica de juros e tentar conter a alta dos pre\u00e7os, no sistema de metas de infla\u00e7\u00e3o, o BC faz proje\u00e7\u00f5es para o futuro. <\/p>\n<p> Neste momento, a institui\u00e7\u00e3o j\u00e1 est\u00e1 mirando na meta do ano que vem, e tamb\u00e9m para o primeiro semestre de 2025 (em doze meses). Isso ocorre porque as mudan\u00e7as na taxa Selic demoram de seis a 18 meses para ter impacto pleno na economia. <\/p>\n<ul>\n<li>A meta de infla\u00e7\u00e3o do pr\u00f3ximo ano, definida pelo Conselho Monet\u00e1rio Nacional (CMN), \u00e9 de 3% e ser\u00e1 considerada cumprida se oscilar entre 1,5% e 4,5%.<\/li>\n<li>A partir de 2025, o governo mudou o regime de metas de infla\u00e7\u00e3o, e a meta passou a ser cont\u00ednua, de 3%, podendo oscilar entre 1,5% e 4,5% sem que seja descumprida.<\/li>\n<li>Na semana passada, os<a class href=\"https:\/\/g1.globo.com\/economia\/noticia\/2023\/12\/11\/mercado-financeiro-reduz-estimativa-de-inflacao-e-ve-alta-maior-do-pib-em-2023.ghtml\"> economistas do mercado financeiro estimaram que a infla\u00e7\u00e3o de 2024 somar\u00e1 3,93% e, a de 2025, 3,50%.<\/a><\/li>\n<\/ul>\n<p><h2>Analistas opinam<\/h2>\n<\/p>\n<p> De acordo com Pedro Oliveira, do Paran\u00e1 Banco Investimentos, a infla\u00e7\u00e3o no Brasil e no mundo tem se mostrado benigna, ou seja, v\u00e1rios itens dentro do \u00edndice t\u00eam mostrado desacelera\u00e7\u00e3o. <\/p>\n<p> &quot;O pre\u00e7o das commodities [produtos b\u00e1sicos, como petr\u00f3leo e min\u00e9rio de ferro] caiu significativamente desde a \u00faltima reuni\u00e3o do Copom, principalmente o pre\u00e7o do petr\u00f3leo, o que deve ajudar a infla\u00e7\u00e3o nos pr\u00f3ximos meses&quot;, avaliou, por meio de comunicado. <\/p>\n<p> Em an\u00e1lise, a XP Investimentos considerou que, desde a \u00faltima reuni\u00e3o do Copom, no come\u00e7o de novembro, as not\u00edcias foram benignas para a infla\u00e7\u00e3o de curto prazo em termos l\u00edquidos, com queda das taxas de juros em pa\u00edses desenvolvidos, com recuo da infla\u00e7\u00e3o e dos pre\u00e7os do petr\u00f3leo. <\/p>\n<p> A institui\u00e7\u00e3o projetou continuidade dos cortes de juros, com a Selic sendo reduzida para 11,75% ao ano neste semana e 10% ao ano no fechamento de 2024. <\/p>\n<p>&quot;O principal risco, a nosso ver, continua no lado fiscal. Not\u00edcias recentes sugerem novas despesas fora dos limites do arcabou\u00e7o recentemente aprovado, e menos contingenciamento or\u00e7ament\u00e1rio se a meta fiscal estiver sob risco de n\u00e3o ser atingida. Esses sinais refor\u00e7am a nossa vis\u00e3o de que a pol\u00edtica fiscal tem um vi\u00e9s expansionista, o que tende, em algum momento, a pressionar as expectativas de infla\u00e7\u00e3o&quot;, acrescentou a XP, em comunicado.<\/p>\n<p> O ministro da Fazenda, Fernando Haddad, tem insistido na <a class href=\"https:\/\/g1.globo.com\/economia\/noticia\/2023\/08\/31\/orcamento-governo-propoe-deficit-zero-em-suas-contas-em-2024.ghtml\">meta de d\u00e9ficit zero nas contas p\u00fablicas em 2024<\/a>. Para isso, precisa aprovar uma s\u00e9rie de medidas de aumento de arrecada\u00e7\u00e3o<a class href=\"https:\/\/g1.globo.com\/economia\/noticia\/2023\/09\/03\/governo-precisara-de-r-168-bilhoes-a-mais-em-2024-para-fechar-as-contas-especialistas-veem-otimismo-e-meta-distante.ghtml\">, no valor de R$ 168 bilh\u00f5es &#8211; valor anunciado em agosto deste ano<\/a>. O mercado financeiro, por\u00e9m, <strong>estimou em novembro que as contas ter\u00e3o um rombo de R$ 90 bilh\u00f5es em 2024. <\/strong> <\/p>\n<p><h2>Corte de juros<\/h2>\n<\/p>\n<p> De acordo com especialistas, a redu\u00e7\u00e3o da taxa de juros no Brasil ter\u00e1 algumas consequ\u00eancias para a economia. Veja abaixo algumas delas: <\/p>\n<ul>\n<li>Redu\u00e7\u00e3o das taxas banc\u00e1rias: a tend\u00eancia \u00e9 que os cortes de juros sejam repassados aos clientes. Em outubro, a taxa m\u00e9dia de juros cobrada pelos bancos em opera\u00e7\u00f5es com pessoas f\u00edsicas e empresas <a class href=\"https:\/\/g1.globo.com\/economia\/noticia\/2023\/12\/05\/juros-bancarios-recuam-para-422percent-ao-ano-em-outubro-menor-patamar-de-2023.ghtml\">recuou pelo quinto m\u00eas seguido e atingiu o menor patamar desde dezembro do ano passado<\/a>. Os dados s\u00e3o do Banco Central.<\/li>\n<li>Crescimento da economia: com juros mais baixos, a expectativa \u00e9 de que comece a haver um comportamento melhor do consumo da popula\u00e7\u00e3o e, tamb\u00e9m, melhora dos investimentos produtivos, impactando positivamente o Produto Interno Bruto (PIB), o emprego e a renda. <a class href=\"https:\/\/g1.globo.com\/economia\/noticia\/2023\/12\/05\/pib-do-brasil-cresce-01percent-no-3-trimestre-de-2023-diz-ibge.ghtml\">Os dados de atividade t\u00eam surpreendido positivamente neste ano.<\/a><\/li>\n<li>Melhora das contas p\u00fablicas: as redu\u00e7\u00f5es de juros tamb\u00e9m favorecem as contas p\u00fablicas, pois diminuem as despesas com juros da d\u00edvida p\u00fablica. Em 2022, a despesa com juros somou R$ 586 bilh\u00f5es. Na porcentagem do PIB (5,96%), foi o maior patamar desde 2017. Analistas estimaram que a <a class href=\"https:\/\/g1.globo.com\/economia\/noticia\/2023\/08\/04\/cortes-de-juros-podem-gerar-economia-de-ate-r-100-bilhoes-em-2024-nos-gastos-do-governo-estimam-economistas.ghtml\">redu\u00e7\u00e3o dos juros pode gerar economia de R$ 100 bilh\u00f5es em 2024.<\/a><\/li>\n<li>Impacto nas aplica\u00e7\u00f5es financeiras: investimentos em renda fixa, como no Tesouro Direto e em deb\u00eantures, por\u00e9m, tendem a ter um rendimento menor, com o passar do tempo, do que teriam com juros mais elevados. Com a queda da Selic, a tend\u00eancia \u00e9 que os investimentos em renda vari\u00e1vel fiquem mais atrativos. <a class href=\"https:\/\/g1.globo.com\/economia\/noticia\/2023\/08\/02\/juros-a-1325percent-como-ficam-os-investimentos-e-quais-as-melhores-opcoes-para-aplicar-seu-dinheiro.ghtml\">Especialistas ouvidos pelo g1 ponderaram, no entanto, que esse movimento tende a ocorrer ao longo do tempo.<\/a><\/li>\n<\/ul>\n<ul> <\/ul>\n","protected":false},"excerpt":{"rendered":"<p>Na \u00faltima reuni\u00e3o de 2023, Copom deve baixar juro para 11,75%, o menor n\u00edvel em quase dois anos O corte de 0,5 ponto percentual \u00e9 a aposta da maior parte dos economistas dos bancos. Se confirmada, essa ser\u00e1 a quarta redu\u00e7\u00e3o seguida na taxa Selic. Por Alexandro Martello, g1 &mdash; Bras\u00edlia 13\/12\/2023 00h01 Atualizado 13\/12\/2023 [&hellip;]<\/p>\n","protected":false},"author":1,"featured_media":0,"comment_status":"closed","ping_status":"closed","sticky":false,"template":"","format":"standard","meta":{"footnotes":""},"categories":[],"tags":[],"class_list":["post-54963","post","type-post","status-publish","format-standard","hentry"],"_links":{"self":[{"href":"https:\/\/blog.corretoraideal.com.br\/index.php\/wp-json\/wp\/v2\/posts\/54963","targetHints":{"allow":["GET"]}}],"collection":[{"href":"https:\/\/blog.corretoraideal.com.br\/index.php\/wp-json\/wp\/v2\/posts"}],"about":[{"href":"https:\/\/blog.corretoraideal.com.br\/index.php\/wp-json\/wp\/v2\/types\/post"}],"author":[{"embeddable":true,"href":"https:\/\/blog.corretoraideal.com.br\/index.php\/wp-json\/wp\/v2\/users\/1"}],"replies":[{"embeddable":true,"href":"https:\/\/blog.corretoraideal.com.br\/index.php\/wp-json\/wp\/v2\/comments?post=54963"}],"version-history":[{"count":1,"href":"https:\/\/blog.corretoraideal.com.br\/index.php\/wp-json\/wp\/v2\/posts\/54963\/revisions"}],"predecessor-version":[{"id":54965,"href":"https:\/\/blog.corretoraideal.com.br\/index.php\/wp-json\/wp\/v2\/posts\/54963\/revisions\/54965"}],"wp:attachment":[{"href":"https:\/\/blog.corretoraideal.com.br\/index.php\/wp-json\/wp\/v2\/media?parent=54963"}],"wp:term":[{"taxonomy":"category","embeddable":true,"href":"https:\/\/blog.corretoraideal.com.br\/index.php\/wp-json\/wp\/v2\/categories?post=54963"},{"taxonomy":"post_tag","embeddable":true,"href":"https:\/\/blog.corretoraideal.com.br\/index.php\/wp-json\/wp\/v2\/tags?post=54963"}],"curies":[{"name":"wp","href":"https:\/\/api.w.org\/{rel}","templated":true}]}}