{"id":54966,"date":"2023-12-13T04:29:49","date_gmt":"2023-12-13T04:29:49","guid":{"rendered":"https:\/\/blog.corretoraideal.com.br\/?p=54966"},"modified":"2023-12-13T04:29:49","modified_gmt":"2023-12-13T04:29:49","slug":"whatsapp-agora-permite-fixar-mensagem-em-chats-veja-como-usar-tecnologia-g1","status":"publish","type":"post","link":"https:\/\/blog.corretoraideal.com.br\/index.php\/2023\/12\/13\/whatsapp-agora-permite-fixar-mensagem-em-chats-veja-como-usar-tecnologia-g1\/","title":{"rendered":"WhatsApp agora permite fixar mensagem em chats; veja como usar | Tecnologia | G1"},"content":{"rendered":"<br \/>\n<h1>WhatsApp agora permite fixar mensagem em chats; veja como usar <\/h1>\n<h2>Diferente dos rivais, o app de Zuckerberg ainda n\u00e3o vai deixar destacar uma informa\u00e7\u00e3o para sempre \u2014 apenas por 24 horas, 7 ou 30 dias. Nova fun\u00e7\u00e3o chega para todos os usu\u00e1rios &#039;nas pr\u00f3ximas semanas&#039;. <\/h2>\n<p> Por g1 <\/p>\n<p>  12\/12\/2023 13h00    Atualizado  12\/12\/2023    <\/p>\n<ul>\n<li>\n<p> O WhatsApp anunciou nesta ter\u00e7a-feira (12) a possibilidade de fixar uma mensagem em grupos e chats individuais. <\/p>\n<\/li>\n<li>\n<p> O recurso, j\u00e1 dispon\u00edvel em outros apps, permite fixar uma informa\u00e7\u00e3o por 24 horas, 7 ou 30 dias. <\/p>\n<\/li>\n<li>\n<p> \u00c9 poss\u00edvel destacar textos, imagens, enquetes, emojis, entre outros. <\/p>\n<\/li>\n<\/ul>\n<p> O WhatsApp anunciou nesta ter\u00e7a-feira (12) a possibilidade de fixar uma mensagem em grupos e chats individuais. <\/p>\n<p> O recurso, j\u00e1 dispon\u00edvel em outros apps, permite fixar uma informa\u00e7\u00e3o por 24 horas, 7 ou 30 dias. <\/p>\n<p> \u00c9 poss\u00edvel destacar textos, imagens, enquetes, emojis, entre outros. <\/p>\n<p>         1 de 1&#013;WhatsApp agora permite fixar mensagem em chats; veja como usar \u2014 Foto: Divulga\u00e7\u00e3o\/WhatsApp    <\/p>\n<p> WhatsApp agora permite fixar mensagem em chats; veja como usar \u2014 Foto: Divulga\u00e7\u00e3o\/WhatsApp <\/p>\n<p> O <a class href=\"https:\/\/g1.globo.com\/tudo-sobre\/whatsapp\/\">WhatsApp<\/a> anunciou nesta ter\u00e7a-feira (12) a possibilidade de fixar uma mensagem em conversas no aplicativo. Segundo a empresa, com o novo recurso, o usu\u00e1rio consegue destacar uma informa\u00e7\u00e3o importante em grupos ou chats individuais. <\/p>\n<p> &quot;Isso ajuda a economizar tempo para encontrar mensagens importantes com mais facilidade&quot;, diz. Vale lembra que outros apps rivais do WhatsApp, como <a class href=\"https:\/\/g1.globo.com\/tudo-sobre\/telegram\/\">Telegram<\/a>, <a class href=\"https:\/\/g1.globo.com\/tudo-sobre\/microsoft\/\">Microsoft<\/a> Teams e Discord, j\u00e1 permitem fixar uma informa\u00e7\u00e3o h\u00e1 bastante tempo. <\/p>\n<p> Por enquanto, n\u00e3o ser\u00e1 poss\u00edvel deixar uma mensagem destaca para sempre no WhatsApp \u2014 <strong>apenas por 24 horas, 7 ou 30 dias<\/strong>. <\/p>\n<p> O mensageiro de Mark Zuckerberg permite fixar textos, imagens, enquetes, emojis, entre outros. A fun\u00e7\u00e3o ser\u00e1 liberada para todo mundo aos poucos &quot;nas pr\u00f3ximas semanas&quot;. <\/p>\n<p><h2>Como fixar uma mensagem no WhatsApp<\/h2>\n<\/p>\n<ul>\n<li>Abra o WhatsApp e v\u00e1 em uma conversa individual ou grupo;<\/li>\n<li>Depois, pressione a mensagem que deve ser destaca e selecione <strong>&quot;Fixar&quot;<\/strong>; <\/li>\n<li>Depois, um banner ir\u00e1 surgir para voc\u00ea definir a dura\u00e7\u00e3o da mensagem fixada: <strong>24 horas, 7 dias e 30 dias. <\/strong><\/li>\n<\/ul>\n<p> No caso de grupos, o pr\u00f3prio administrador pode escolher se todos os participantes ou apenas outros administrados podem fixar uma mensagem. <\/p>\n<p> <strong>LEIA TAMB\u00c9M:<\/strong> <\/p>\n<ul>\n<li><a class href=\"https:\/\/g1.globo.com\/tecnologia\/noticia\/2023\/12\/10\/whatsapp-como-saber-se-fui-bloqueado.ghtml\">WhatsApp: tem como saber se fui bloqueado?<\/a><\/li>\n<li><a class href=\"https:\/\/g1.globo.com\/tecnologia\/noticia\/2023\/12\/09\/lucas-pedro-gabriel-as-senhas-mais-comuns-em-vazamentos-de-dados-no-brasil-em-2023.ghtml#G1-TECNOLOGIA-FEED-user,rec-top,8423f782-ef58-45ad-9fa3-6cca80e34dc2\">Lucas, Pedro, Gabriel: as senhas mais comuns em vazamentos de dados no Brasil em 2023<\/a><\/li>\n<li><a class href=\"https:\/\/g1.globo.com\/inovacao\/noticia\/2023\/12\/08\/biohacking-como-e-por-que-seres-humanos-estao-implantando-chips-no-proprio-corpo.ghtml#G1-TECNOLOGIA-FEED-user,rec-top,8423f782-ef58-45ad-9fa3-6cca80e34dc2\">Biohacking: como e por que seres humanos est\u00e3o implantando chips no pr\u00f3prio corpo<\/a><\/li>\n<\/ul>\n<p><h2>Jovens est\u00e3o trocando o Google pelo TikTok na hora fazer pesquisas<\/h2>\n<\/p>\n<p>                   <img loading=\"lazy\" decoding=\"async\" class=\"aligncenter size-full wp-image-54968\" src=\"https:\/\/blog.corretoraideal.com.br\/wp-content\/uploads\/2023\/12\/jovens-estao-trocando-o-google-pelo-tiktok-na-hora-fazer-pesquisas-4.jpeg\" alt=\"Jovens est\u00e3o trocando o Google pelo TikTok na hora fazer pesquisas\" width=\"800\" height=\"400\" \/>       <\/p>\n<p> Jovens est\u00e3o trocando o Google pelo TikTok na hora fazer pesquisas <\/p>\n<p><h2>As buscas na internet que bombaram no ano de 2023<\/h2>\n<\/p>\n<p>                   <img loading=\"lazy\" decoding=\"async\" class=\"aligncenter size-full wp-image-54969\" src=\"https:\/\/blog.corretoraideal.com.br\/wp-content\/uploads\/2023\/12\/as-buscas-na-internet-que-bombaram-no-ano-de-2023.jpeg\" alt=\"As buscas na internet que bombaram no ano de 2023\" width=\"800\" height=\"400\" \/>       <\/p>\n<p> As buscas na internet que bombaram no ano de 2023 <\/p>\n<p><h2>Como surgiu o gatinho preto com &#x27;cara de deboche&#x27; que viralizou no TikTok<\/h2>\n<\/p>\n<p>                   <img loading=\"lazy\" decoding=\"async\" class=\"aligncenter size-full wp-image-54970\" src=\"https:\/\/blog.corretoraideal.com.br\/wp-content\/uploads\/2023\/12\/como-surgiu-o-gatinho-preto-com-1.jpeg\" alt=\"Como surgiu o gatinho preto com \" width=\"800\" height=\"400\" \/>       <\/p>\n<p> Como surgiu o gatinho preto com &#8216;cara de deboche&#8217; que viralizou no TikTok <\/p>\n<ul>\n<li> <a href=\"https:\/\/g1.globo.com\/tudo-sobre\/microsoft\/\" class=\"entities__list-itemLink\" data-track-click=\"Microsoft\"> Microsoft <\/a> <\/li>\n<li> <a href=\"https:\/\/g1.globo.com\/tudo-sobre\/telegram\/\" class=\"entities__list-itemLink\" data-track-click=\"Telegram\"> Telegram <\/a> <\/li>\n<li> <a href=\"https:\/\/g1.globo.com\/tudo-sobre\/whatsapp\/\" class=\"entities__list-itemLink\" data-track-click=\"WhatsApp\"> WhatsApp <\/a> <\/li>\n<\/ul>\n","protected":false},"excerpt":{"rendered":"<p>WhatsApp agora permite fixar mensagem em chats; veja como usar Diferente dos rivais, o app de Zuckerberg ainda n\u00e3o vai deixar destacar uma informa\u00e7\u00e3o para sempre \u2014 apenas por 24 horas, 7 ou 30 dias. Nova fun\u00e7\u00e3o chega para todos os usu\u00e1rios &#039;nas pr\u00f3ximas semanas&#039;. Por g1 12\/12\/2023 13h00 Atualizado 12\/12\/2023 O WhatsApp anunciou nesta [&hellip;]<\/p>\n","protected":false},"author":1,"featured_media":0,"comment_status":"closed","ping_status":"closed","sticky":false,"template":"","format":"standard","meta":{"footnotes":""},"categories":[],"tags":[],"class_list":["post-54966","post","type-post","status-publish","format-standard","hentry"],"_links":{"self":[{"href":"https:\/\/blog.corretoraideal.com.br\/index.php\/wp-json\/wp\/v2\/posts\/54966","targetHints":{"allow":["GET"]}}],"collection":[{"href":"https:\/\/blog.corretoraideal.com.br\/index.php\/wp-json\/wp\/v2\/posts"}],"about":[{"href":"https:\/\/blog.corretoraideal.com.br\/index.php\/wp-json\/wp\/v2\/types\/post"}],"author":[{"embeddable":true,"href":"https:\/\/blog.corretoraideal.com.br\/index.php\/wp-json\/wp\/v2\/users\/1"}],"replies":[{"embeddable":true,"href":"https:\/\/blog.corretoraideal.com.br\/index.php\/wp-json\/wp\/v2\/comments?post=54966"}],"version-history":[{"count":1,"href":"https:\/\/blog.corretoraideal.com.br\/index.php\/wp-json\/wp\/v2\/posts\/54966\/revisions"}],"predecessor-version":[{"id":54971,"href":"https:\/\/blog.corretoraideal.com.br\/index.php\/wp-json\/wp\/v2\/posts\/54966\/revisions\/54971"}],"wp:attachment":[{"href":"https:\/\/blog.corretoraideal.com.br\/index.php\/wp-json\/wp\/v2\/media?parent=54966"}],"wp:term":[{"taxonomy":"category","embeddable":true,"href":"https:\/\/blog.corretoraideal.com.br\/index.php\/wp-json\/wp\/v2\/categories?post=54966"},{"taxonomy":"post_tag","embeddable":true,"href":"https:\/\/blog.corretoraideal.com.br\/index.php\/wp-json\/wp\/v2\/tags?post=54966"}],"curies":[{"name":"wp","href":"https:\/\/api.w.org\/{rel}","templated":true}]}}