{"id":54972,"date":"2023-12-13T08:29:36","date_gmt":"2023-12-13T08:29:36","guid":{"rendered":"https:\/\/blog.corretoraideal.com.br\/?p=54972"},"modified":"2023-12-13T08:29:36","modified_gmt":"2023-12-13T08:29:36","slug":"plano-cavallo-a-ideia-de-dolarizar-a-argentina-que-nao-deu-certo-economia-g1","status":"publish","type":"post","link":"https:\/\/blog.corretoraideal.com.br\/index.php\/2023\/12\/13\/plano-cavallo-a-ideia-de-dolarizar-a-argentina-que-nao-deu-certo-economia-g1\/","title":{"rendered":"Plano Cavallo: a ideia de dolarizar a Argentina que n\u00e3o deu certo | Economia | G1"},"content":{"rendered":"<br \/>\n<h1>Plano Cavallo: a ideia de dolarizar a Argentina que n\u00e3o deu certo<\/h1>\n<h2>A extin\u00e7\u00e3o do peso argentino foi uma das principais propostas econ\u00f4micas do novo presidente argentino, Javier Milei. Especialistas explicam como funcionou a antiga proposta de dolariza\u00e7\u00e3o nos anos 1990 e quais seriam os desafios de fazer o mesmo hoje.<\/h2>\n<p> Por <a class=\"multi_signatures\" href=\"https:\/\/g1.globo.com\/autores\/bruna-miato\/\">Bruna Miato<\/a>, g1 <\/p>\n<p>  13\/12\/2023 04h30    Atualizado  13\/12\/2023    <\/p>\n<p> Em <a class href=\"https:\/\/g1.globo.com\/mundo\/noticia\/2023\/12\/10\/javier-milei-faz-discurso-de-posse-como-presidente-da-argentina.ghtml\">seu discurso de posse neste domingo (10)<\/a>, uma das principais propostas econ\u00f4micas de <a class href=\"https:\/\/g1.globo.com\/tudo-sobre\/javier-milei\/\">Javier Milei<\/a>, novo presidente da <a class href=\"https:\/\/g1.globo.com\/tudo-sobre\/argentina\/\">Argentina<\/a>, ficou de lado: <strong>a dolariza\u00e7\u00e3o da economia.<\/strong> <\/p>\n<p> O pa\u00eds vizinho sofre h\u00e1 d\u00e9cadas com uma infla\u00e7\u00e3o descontrolada, altas taxas de juros e consequente empobrecimento da popula\u00e7\u00e3o. Duas das solu\u00e7\u00f5es propostas por Milei durante a campanha eram um abandono do peso argentino e o fechamento do Banco Central. <\/p>\n<p> Na posse, o presidente citou apenas que a Argentina passar\u00e1 por um per\u00edodo dif\u00edcil e que &quot;n\u00e3o existe solu\u00e7\u00e3o sem atacar o d\u00e9ficit fiscal&quot;. A controversa proposta de adotar o d\u00f3lar sumiu. <\/p>\n<p> Se der seguimento \u00e0 ideia, n\u00e3o ser\u00e1 a primeira vez que a Argentina recorre \u00e0 estrat\u00e9gia. Na d\u00e9cada de 1990, durante o governo de <a class href=\"https:\/\/g1.globo.com\/tudo-sobre\/carlos-menem\/\">Carlos Menem<\/a>, o ent\u00e3o ministro da economia, Domingo Cavallo, desenhou um pacote de medidas para equilibrar a dif\u00edcil situa\u00e7\u00e3o da economia, e que dolarizou oficialmente o pa\u00eds. <\/p>\n<p> Por\u00e9m, o <strong>Plano Cavallo <\/strong>deu errado. Poucos anos depois, a Argentina precisou voltar a ter uma moeda pr\u00f3pria, e que acabou muito desvalorizada. <\/p>\n<p> Entenda, a seguir, como funcionou o plano, quais suas semelhan\u00e7as e diferen\u00e7as com a ideia de Milei de dolarizar a economia. <\/p>\n<p>                   <img loading=\"lazy\" decoding=\"async\" class=\"aligncenter size-full wp-image-54974\" src=\"https:\/\/blog.corretoraideal.com.br\/wp-content\/uploads\/2023\/12\/javier-milei-faz-1o-discurso-como-presidente-da-argentina.jpeg\" alt=\"Javier Milei faz 1\u00ba discurso como presidente da Argentina\" width=\"800\" height=\"400\" \/>       <\/p>\n<p> Javier Milei faz 1\u00ba discurso como presidente da Argentina <\/p>\n<p><h2>Os princ\u00edpios do Plano Cavallo<\/h2>\n<\/p>\n<p> Antes da d\u00e9cada de 1980, a Argentina chegou a ser uma das maiores pot\u00eancias do mundo, mas viu sua situa\u00e7\u00e3o deteriorar durante e ap\u00f3s a ditadura militar. Foram milhares de mortes, uma guerra perdida para a Inglaterra e uma corros\u00e3o das reservas internacionais. A infla\u00e7\u00e3o disparou, o desemprego cresceu. <\/p>\n<p> Em 1985, o governo da \u00e9poca criou uma nova moeda, o austral, e determinou o congelamento dos sal\u00e1rios, dos pre\u00e7os e do c\u00e2mbio \u2014 o que funcionou no curto prazo, mas n\u00e3o com o passar dos anos, j\u00e1 que os pr\u00f3prios empres\u00e1rios voltaram a subir seus pre\u00e7os para gerar mais receita, levando a uma nova escalada da infla\u00e7\u00e3o. <\/p>\n<p> Em 1990, a d\u00edvida externa do pa\u00eds era de cerca de US$ 62 bilh\u00f5es e a infla\u00e7\u00e3o anual ultrapassava os 2.000% \u2014 a n\u00edvel de compara\u00e7\u00e3o, Milei herda em 2023 algo em torno de 140%. <\/p>\n<p> O Plano Cavallo, implementado em 1991, foi um conjunto de medidas que visava combater a hiperinfla\u00e7\u00e3o e estabilizar a economia. Ficou determinada a cria\u00e7\u00e3o de uma nova moeda, o peso convers\u00edvel, que teria paridade de um para um com o d\u00f3lar, a partir de 1992. Para comprar um peso, era necess\u00e1rio desembolsar 10 mil austrais, que era o quanto valia a moeda nacional \u00e0 \u00e9poca. <\/p>\n<p> Para que a paridade fosse poss\u00edvel, a Argentina precisou arrecadar uma grande quantidade de d\u00f3lares. Foi realizada, ent\u00e3o, uma s\u00e9rie de privatiza\u00e7\u00f5es para aumentar as reservas internacionais, junto com uma abertura da economia para que produtos de fora entrassem no pa\u00eds. <\/p>\n<p> A iniciativa foi amplamente apoiada pelo Fundo Monet\u00e1rio Internacional (FMI), que era um dos principais credores da d\u00edvida externa da Argentina, e n\u00e3o enfrentou protesto popular no in\u00edcio. <\/p>\n<p> As empresas privatizadas pertenciam a setores estrat\u00e9gicos, como energia e telecomunica\u00e7\u00f5es, por exemplo. No auge do Plano Cavallo, entre 1992 e 1998, o pa\u00eds contou com a entrada de mais de US$ 60 bilh\u00f5es s\u00f3 pelas privatiza\u00e7\u00f5es, que atingiram cerca de 90% das empresas p\u00fablicas da \u00e9poca, segundo o FMI. <\/p>\n<p> J\u00e1 os produtos importados passaram a inundar o mercado argentino, em especial do setor t\u00eaxtil, ind\u00fastria de cal\u00e7ados, eletr\u00f4nicos e automobil\u00edstico. <\/p>\n<p> Produzidos com mais efici\u00eancia e em larga escala, em pa\u00edses como nos <a class href=\"https:\/\/g1.globo.com\/tudo-sobre\/estados-unidos\/\">Estados Unidos<\/a> e China, os importados faziam com que os produtores nacionais n\u00e3o pudessem aumentar seus pre\u00e7os, porque perderiam competitividade e espa\u00e7o no mercado. <\/p>\n<p> &quot;Apesar de inicialmente ter trazido estabilidade, o plano tamb\u00e9m gerou depend\u00eancia do d\u00f3lar e desequil\u00edbrios estruturais, contribuindo para a crise econ\u00f4mica posterior&quot;, comenta Rodrigo Reis, especialista em rela\u00e7\u00f5es internacionais do Instituto Global Atittude. <\/p>\n<p> O professor Paulo Feldmann, da FIA Business School e da FEA-USP, comenta que, apesar do ministro da Economia Domingo Cavallo ter uma m\u00e1 fama atribu\u00edda ao fracasso da tentativa de dolariza\u00e7\u00e3o, &quot;ele n\u00e3o foi um ministro ruim s\u00f3 por isso, mas sim por uma s\u00e9rie de raz\u00f5es&quot;, pois o plano que criou desconsiderou a realidade socioecon\u00f4mica do pa\u00eds, aumentou o desemprego e fez disparar o \u00edndice de pobreza. <\/p>\n<p>         2 de 3&#013;Proposta de Milei previa o fim do peso argentino, mas assunto foi deixado de lado desde a sua posse no domingo \u2014 Foto: Natacha Pisarenko\/AP    <\/p>\n<p> Proposta de Milei previa o fim do peso argentino, mas assunto foi deixado de lado desde a sua posse no domingo \u2014 Foto: Natacha Pisarenko\/AP <\/p>\n<p><h2>Por que a ideia n\u00e3o funcionou?<\/h2>\n<\/p>\n<p> Ao mesmo tempo em que a Argentina aumentava sua depend\u00eancia por d\u00f3lar, o governo decidiu aderir ao Consenso de Washington, um pacote elaborado pelo Tesouro dos Estados Unidos, FMI e o Banco Mundial, com &quot;solu\u00e7\u00f5es&quot; para o controle da infla\u00e7\u00e3o e outros problemas econ\u00f4micos de pa\u00edses emergentes. <\/p>\n<p> Al\u00e9m da privatiza\u00e7\u00e3o e abertura econ\u00f4mica, as medidas previam redu\u00e7\u00e3o de impostos para importa\u00e7\u00e3o e diminui\u00e7\u00e3o de investimentos na ind\u00fastria nacional. A promessa era de que os pa\u00edses passariam a gastar menos com infraestrutura e incentivos, e poderiam destinar recursos para \u00e1reas essenciais. <\/p>\n<p> O professor Feldmann pontua que as principais medidas foram adotadas, al\u00e9m da Argentina, por Brasil e outros pa\u00edses da Am\u00e9rica Latina. E que aqueles que tinham uma ind\u00fastria mais aquecida, passaram por problemas de competitividade com os produtos importados. <\/p>\n<p> Na Argentina, a situa\u00e7\u00e3o foi pior no setor automotivo e t\u00eaxtil, com as f\u00e1bricas nacionais perdendo muita for\u00e7a e observando o desemprego aumentar. Simultaneamente, as empresas que foram privatizadas passaram a enxugar boa parte do quadro de funcion\u00e1rios. <\/p>\n<p> A taxa de desemprego do pa\u00eds subiu de 7% em 1992 para 18,3% em outubro de 2001, segundo dados da Comiss\u00e3o Econ\u00f4mica para a Am\u00e9rica Latina e o Caribe (Cepal). <\/p>\n<p> Junto com o alto n\u00edvel de desemprego, a Argentina viu seu indicador de pobreza crescer de 24,1% em 1992 para 34,32% em 2000, e voltou a enfrentar uma crise econ\u00f4mica forte. <\/p>\n<p> A falta de investimento do governo para gerar receita dentro do pr\u00f3prio pa\u00eds, &quot;a falta de pol\u00edticas complementares para combater a recess\u00e3o \u2014 como investir em pol\u00edticas sociais que auxiliassem os desempregados \u2014 e a rigidez na implementa\u00e7\u00e3o das medidas sem considerar as consequ\u00eancias das privatiza\u00e7\u00f5es e abertura econ\u00f4mica contribu\u00edram para a falha do Plano Cavallo&quot;, explica Reis. <\/p>\n<p> A crise levou ainda a um n\u00edvel de investimento estrangeiro reduzido e, consequentemente, uma quantidade menor de d\u00f3lar entrando nas fronteiras. E o momento de moeda americana valorizada acentuou a sa\u00edda de recursos. <\/p>\n<p> Assim, o peso convers\u00edvel voltou a ser apenas o peso e perdeu sua paridade fixa com o d\u00f3lar em 2002, ano dos famosos panela\u00e7os no pa\u00eds. <\/p>\n<p>         3 de 3&#013;Um apoiador do novo presidente da Argentina segura uma nota de 100 d\u00f3lares com uma imagem de Javier Milei durante a campanha \u2014 Foto: Agustin Marcarian \/ Reuters    <\/p>\n<p> Um apoiador do novo presidente da Argentina segura uma nota de 100 d\u00f3lares com uma imagem de Javier Milei durante a campanha \u2014 Foto: Agustin Marcarian \/ Reuters <\/p>\n<p><h2>D\u00e1 para dolarizar a Argentina hoje?<\/h2>\n<\/p>\n<p> Embora os cen\u00e1rios sejam parecidos, com infla\u00e7\u00e3o elevada e pouca confian\u00e7a dos investidores internacionais, a Argentina que Milei pega n\u00e3o \u00e9 a mesma da \u00e9poca do Plano Cavallo. <\/p>\n<p> &quot;A crise atual \u00e9 multifacetada: desequil\u00edbrios fiscais, infla\u00e7\u00e3o persistente e falta de confian\u00e7a. Al\u00e9m disso, a dolariza\u00e7\u00e3o demandaria um ajuste estrutural profundo&quot;, comenta Rodrigo Reis. <\/p>\n<p> Milei j\u00e1 afirmou, em seu primeiro discurso como presidente empossado, que <a class href=\"https:\/\/g1.globo.com\/mundo\/noticia\/2023\/12\/10\/javier-milei-faz-discurso-de-posse-como-presidente-da-argentina.ghtml\">a economia argentina passar\u00e1 por um duro per\u00edodo de choque.<\/a> <\/p>\n<p>&quot;N\u00e3o h\u00e1 solu\u00e7\u00e3o que evite atacar o d\u00e9ficit fiscal. Dos 15 pontos de d\u00e9ficit, 5 correspondem ao Tesouro Nacional. A solu\u00e7\u00e3o implica um ajuste fiscal no setor fiscal p\u00fablico, que recair\u00e1 sobre o Estado e n\u00e3o sobre o setor privado&quot;, afirmou Milei no domingo (10).<\/p>\n<p> O que se espera desse in\u00edcio de governo, ent\u00e3o, \u00e9 uma forte redu\u00e7\u00e3o nos gastos p\u00fablicos para que o pa\u00eds consiga equilibrar suas contas. At\u00e9 o segundo trimestre deste ano, as d\u00edvidas externas somavam US$ 276,2 bilh\u00f5es, segundo o Instituto Nacional de Estat\u00edsticas e Censos (INDEC). <\/p>\n<p> Milei j\u00e1 adiantou que o choque pode levar a um aumento do desemprego e do \u00edndice da pobreza. <\/p>\n<p> O professor Paulo Feldmann, da FIA Business School, comenta que o pa\u00eds n\u00e3o tem outras possibilidades de conseguir dinheiro, como fez na \u00e9poca do Plano Cavallo. Ent\u00e3o, como s\u00f3 os Estados Unidos podem emitir d\u00f3lar, a Argentina depende que o Tesouro americano coloque mais moeda para circular. <\/p>\n<p> As reservas internacionais do pa\u00eds est\u00e3o vazias e o pr\u00f3prio Milei disse, em seu discurso, que n\u00e3o h\u00e1 dinheiro. Assim, o primeiro desafio para a dolariza\u00e7\u00e3o argentina hoje \u00e9, justamente, conseguir a quantidade de d\u00f3lares suficiente para dar conta de toda a din\u00e2mica econ\u00f4mica. <\/p>\n<ul>\n<li><a class href=\"https:\/\/g1.globo.com\/mundo\/blog\/sandra-cohen\/post\/2023\/12\/10\/milei-pintou-o-quadro-catastrofico-da-argentina-e-a-heranca-maldita-para-anunciar-ajuste-e-choque-na-economia.ghtml\">Milei pintou o quadro catastr\u00f3fico da Argentina e a heran\u00e7a maldita para anunciar ajuste e choque na economia<\/a><\/li>\n<\/ul>\n<p> Reis acredita, ainda, que, &quot;para uma dolariza\u00e7\u00e3o saud\u00e1vel, Milei deve considerar pol\u00edticas que promovam estabilidade e confian\u00e7a. Primeiramente, \u00e9 essencial um equil\u00edbrio fiscal, controlando gastos p\u00fablicos e promovendo responsabilidade fiscal&quot;. <\/p>\n<p> &quot;Al\u00e9m disso, um sistema financeiro robusto e regulamentado \u00e9 fundamental, juntamente com medidas para garantir a competitividade e diversifica\u00e7\u00e3o da economia&quot;, afirma o internacionalista. <\/p>\n<p> S\u00e3o tarefas dif\u00edceis, pensando que tornar um pa\u00eds realmente mais atrativo para receber investimentos \u00e9 um trabalho de longo prazo, enquanto um mandado presidencial dura apenas quatro anos. <\/p>\n<p><h2>Pa\u00edses dolarizados<\/h2>\n<\/p>\n<p> Outros pa\u00edses da Am\u00e9rica Latina j\u00e1 decidiram dolarizar a economia. O Panam\u00e1, por exemplo, tem duas moedas oficiais: o d\u00f3lar e a balboa, que tem paridade fixa com a moeda norte-americana. Diferente da Argentina, por\u00e9m, o Panam\u00e1 tem uma rela\u00e7\u00e3o comercial muito \u00edntima com os Estados Unidos, al\u00e9m de ser um para\u00edso fiscal, o que acaba inundando o pa\u00eds de d\u00f3lares. <\/p>\n<p> Equador e El Salvador, pa\u00edses com alto endividamento, tamb\u00e9m s\u00e3o dolarizados. Mas, para Feldmann, eles s\u00e3o exemplos pr\u00e1ticos de que a dolariza\u00e7\u00e3o tende a n\u00e3o trazer benef\u00edcios de longo prazo, porque a economia fica dependente das decis\u00f5es de pol\u00edtica monet\u00e1ria dos Estados Unidos. <\/p>\n<p> Em outras palavras: os rumos das economias dolarizadas dependem de decis\u00f5es do Federal Reserve (<a class href=\"https:\/\/g1.globo.com\/tudo-sobre\/fed\/\">Fed<\/a>, o banco central americano), que pouco se importa com o ciclo econ\u00f4mico de pa\u00edses latinos. <\/p>\n<p> Se os Estados Unidos estiverem em um momento de infla\u00e7\u00e3o alta, por exemplo, e o Fed optar por subir os juros, o movimento natural \u00e9 que o dinheiro de investimentos e da pr\u00f3pria popula\u00e7\u00e3o migrem para os t\u00edtulos p\u00fablicos americanos, que estar\u00e3o com uma boa rentabilidade. <\/p>\n<p> Isso desaquece o consumo n\u00e3o apenas no pa\u00eds, mas tamb\u00e9m em qualquer outro que use o d\u00f3lar. E vice-versa. Se o Fed decidir cortar juros para estimular a atividade econ\u00f4mica americana, pouco importa se pa\u00edses dolarizados precisem conter o avan\u00e7o dos pre\u00e7os internamente. <\/p>\n<p> Feldmann, da FIA Business School, destaca que o pa\u00eds latino fica debilitado para decidir sobre sua pol\u00edtica econ\u00f4mica, que \u00e9 composta pelo fiscal (arrecada\u00e7\u00e3o e gastos), monet\u00e1rio (juros e infla\u00e7\u00e3o) e cambial (controle da moeda). <\/p>\n<p>&quot;Se uma dessas &#x27;subpol\u00edticas&#x27; est\u00e1 na m\u00e3o dos Estados Unidos, o pa\u00eds fica capenga, porque se voc\u00ea mexe em uma, afeta tamb\u00e9m a outra&quot;, diz.<\/p>\n<p> Sobre a possibilidade de Milei realmente conseguir dolarizar a Argentina e ter um processo bem-sucedido, os dois especialistas consideram que isso n\u00e3o deve acontecer no curto prazo. <\/p>\n<p> Primeiro porque a maioria do Congresso argentino n\u00e3o \u00e9 da base do novo governo, o que dificulta a costura para a aprova\u00e7\u00e3o de qualquer projeto \u2014 principalmente os mais ousados. E tamb\u00e9m porque, no decorrer do tempo, os argentinos podem chegar \u00e0 conclus\u00e3o de que os benef\u00edcios poderiam ser limitados. <\/p>\n<p>&quot;A dolariza\u00e7\u00e3o poderia trazer estabilidade inicial, mas a longo prazo limitaria a capacidade do governo de controlar a pol\u00edtica monet\u00e1ria e fiscal, al\u00e9m de aumentar a depend\u00eancia do d\u00f3lar. A Argentina precisa fortalecer sua pr\u00f3pria moeda, investir em pol\u00edticas econ\u00f4micas s\u00f3lidas, atrair investimentos e promover a estabilidade pol\u00edtica para superar seus desafios econ\u00f4micos estruturais, em vez de optar pela dolariza\u00e7\u00e3o&quot;, ressalta Reis.<\/p>\n<ul>\n<li> <a href=\"https:\/\/g1.globo.com\/tudo-sobre\/argentina\/\" class=\"entities__list-itemLink\" data-track-click=\"Argentina\"> Argentina <\/a> <\/li>\n<li> <a href=\"https:\/\/g1.globo.com\/tudo-sobre\/carlos-menem\/\" class=\"entities__list-itemLink\" data-track-click=\"Carlos Menem\"> Carlos Menem <\/a> <\/li>\n<li> <a href=\"https:\/\/g1.globo.com\/tudo-sobre\/estados-unidos\/\" class=\"entities__list-itemLink\" data-track-click=\"Estados Unidos\"> Estados Unidos <\/a> <\/li>\n<li> <a href=\"https:\/\/g1.globo.com\/tudo-sobre\/fed\/\" class=\"entities__list-itemLink\" data-track-click=\"FED\"> FED <\/a> <\/li>\n<li> <a href=\"https:\/\/g1.globo.com\/tudo-sobre\/javier-milei\/\" class=\"entities__list-itemLink\" data-track-click=\"Javier Milei\"> Javier Milei <\/a> <\/li>\n<\/ul>\n","protected":false},"excerpt":{"rendered":"<p>Plano Cavallo: a ideia de dolarizar a Argentina que n\u00e3o deu certo A extin\u00e7\u00e3o do peso argentino foi uma das principais propostas econ\u00f4micas do novo presidente argentino, Javier Milei. Especialistas explicam como funcionou a antiga proposta de dolariza\u00e7\u00e3o nos anos 1990 e quais seriam os desafios de fazer o mesmo hoje. Por Bruna Miato, g1 [&hellip;]<\/p>\n","protected":false},"author":1,"featured_media":0,"comment_status":"closed","ping_status":"closed","sticky":false,"template":"","format":"standard","meta":{"footnotes":""},"categories":[],"tags":[],"class_list":["post-54972","post","type-post","status-publish","format-standard","hentry"],"_links":{"self":[{"href":"https:\/\/blog.corretoraideal.com.br\/index.php\/wp-json\/wp\/v2\/posts\/54972","targetHints":{"allow":["GET"]}}],"collection":[{"href":"https:\/\/blog.corretoraideal.com.br\/index.php\/wp-json\/wp\/v2\/posts"}],"about":[{"href":"https:\/\/blog.corretoraideal.com.br\/index.php\/wp-json\/wp\/v2\/types\/post"}],"author":[{"embeddable":true,"href":"https:\/\/blog.corretoraideal.com.br\/index.php\/wp-json\/wp\/v2\/users\/1"}],"replies":[{"embeddable":true,"href":"https:\/\/blog.corretoraideal.com.br\/index.php\/wp-json\/wp\/v2\/comments?post=54972"}],"version-history":[{"count":1,"href":"https:\/\/blog.corretoraideal.com.br\/index.php\/wp-json\/wp\/v2\/posts\/54972\/revisions"}],"predecessor-version":[{"id":54975,"href":"https:\/\/blog.corretoraideal.com.br\/index.php\/wp-json\/wp\/v2\/posts\/54972\/revisions\/54975"}],"wp:attachment":[{"href":"https:\/\/blog.corretoraideal.com.br\/index.php\/wp-json\/wp\/v2\/media?parent=54972"}],"wp:term":[{"taxonomy":"category","embeddable":true,"href":"https:\/\/blog.corretoraideal.com.br\/index.php\/wp-json\/wp\/v2\/categories?post=54972"},{"taxonomy":"post_tag","embeddable":true,"href":"https:\/\/blog.corretoraideal.com.br\/index.php\/wp-json\/wp\/v2\/tags?post=54972"}],"curies":[{"name":"wp","href":"https:\/\/api.w.org\/{rel}","templated":true}]}}